{"id":152351,"date":"2025-11-15T01:35:20","date_gmt":"2025-11-15T01:35:20","guid":{"rendered":"https:\/\/www.europesays.com\/pt\/152351\/"},"modified":"2025-11-15T01:35:20","modified_gmt":"2025-11-15T01:35:20","slug":"imperdivel-marisa-sonha-com-o-segredo-de-ana-e-acerta-em-cheio-noticias-de-hoje","status":"publish","type":"post","link":"https:\/\/www.europesays.com\/pt\/152351\/","title":{"rendered":"Imperd\u00edvel: Marisa sonha com o segredo de Ana e acerta em cheio &#8211; Not\u00edcias de hoje"},"content":{"rendered":"<p>                                    <a href=\"https:\/\/www.iol.pt\/maisVistos\/discussao-acesa-no-secret-story-9-liliana-pedro-e-marisa-susana-em-confronto-apos-o-especial\/6917a36f0cf2559133761203\" rel=\"nofollow noopener\" target=\"_blank\"><\/p>\n<p>Discuss\u00e3o acesa no Secret Story 9: Liliana, Pedro e Marisa Susana em confronto ap\u00f3s o Especial<\/p>\n<p>                                    <\/a><\/p>\n<p data-end=\"707\" data-start=\"402\">Ap\u00f3s o <strong>Especial<\/strong> do <strong>Secret Story 9<\/strong>, Liliana agradece a Pedro por este ter recusado passar a noite consigo no quarto secreto, afirmando que seria \u201ca pior noite\u201d da sua vida. A resposta de Pedro \u00e9 imediata, acusando Liliana de n\u00e3o ter valores, o que desencadeia uma troca de palavras intensa entre os dois.<\/p>\n<p data-end=\"943\" data-start=\"709\">Durante o confronto, Pedro recorda ter perdido dinheiro por causa de Liliana. Marisa Susana reage ao coment\u00e1rio, afirmando que Pedro \u201cmereceu\u201d. A observa\u00e7\u00e3o n\u00e3o agrada ao concorrente, que abandona a sala irritado e isola-se no quarto.<\/p>\n<p data-end=\"1284\" data-start=\"945\">Marisa Susana decide ir ao encontro de Pedro para esclarecer o desentendimento, mas o di\u00e1logo rapidamente se intensifica. Pedro acusa a colega de o ter atacado durante o Especial, enquanto Marisa Susana defende que n\u00e3o considerou correto o coment\u00e1rio sobre o gelado. Em tom exaltado, Pedro garante que a observa\u00e7\u00e3o foi feita \u201csem maldade\u201d.<\/p>\n","protected":false},"excerpt":{"rendered":"Discuss\u00e3o acesa no Secret Story 9: Liliana, Pedro e Marisa Susana em confronto ap\u00f3s o Especial Ap\u00f3s o&hellip;\n","protected":false},"author":2,"featured_media":152352,"comment_status":"","ping_status":"","sticky":false,"template":"","format":"standard","meta":{"footnotes":""},"categories":[142],"tags":[6340,114,115,488,19184,13,32,33,151],"class_list":{"0":"post-152351","1":"post","2":"type-post","3":"status-publish","4":"format-standard","5":"has-post-thumbnail","7":"category-tv","8":"tag-ana","9":"tag-entertainment","10":"tag-entretenimento","11":"tag-iol","12":"tag-marisa","13":"tag-noticias","14":"tag-portugal","15":"tag-pt","16":"tag-tv"},"share_on_mastodon":{"url":"https:\/\/pubeurope.com\/@pt\/115551150286166129","error":""},"_links":{"self":[{"href":"https:\/\/www.europesays.com\/pt\/wp-json\/wp\/v2\/posts\/152351","targetHints":{"allow":["GET"]}}],"collection":[{"href":"https:\/\/www.europesays.com\/pt\/wp-json\/wp\/v2\/posts"}],"about":[{"href":"https:\/\/www.europesays.com\/pt\/wp-json\/wp\/v2\/types\/post"}],"author":[{"embeddable":true,"href":"https:\/\/www.europesays.com\/pt\/wp-json\/wp\/v2\/users\/2"}],"replies":[{"embeddable":true,"href":"https:\/\/www.europesays.com\/pt\/wp-json\/wp\/v2\/comments?post=152351"}],"version-history":[{"count":0,"href":"https:\/\/www.europesays.com\/pt\/wp-json\/wp\/v2\/posts\/152351\/revisions"}],"wp:featuredmedia":[{"embeddable":true,"href":"https:\/\/www.europesays.com\/pt\/wp-json\/wp\/v2\/media\/152352"}],"wp:attachment":[{"href":"https:\/\/www.europesays.com\/pt\/wp-json\/wp\/v2\/media?parent=152351"}],"wp:term":[{"taxonomy":"category","embeddable":true,"href":"https:\/\/www.europesays.com\/pt\/wp-json\/wp\/v2\/categories?post=152351"},{"taxonomy":"post_tag","embeddable":true,"href":"https:\/\/www.europesays.com\/pt\/wp-json\/wp\/v2\/tags?post=152351"}],"curies":[{"name":"wp","href":"https:\/\/api.w.org\/{rel}","templated":true}]}}