{"id":152353,"date":"2025-11-15T01:36:09","date_gmt":"2025-11-15T01:36:09","guid":{"rendered":"https:\/\/www.europesays.com\/pt\/152353\/"},"modified":"2025-11-15T01:36:09","modified_gmt":"2025-11-15T01:36:09","slug":"antonio-caramelo-filho-de-igor-rickli-e-aline-wirley-se-pronuncia-apos-derrota-no-grammy-latino","status":"publish","type":"post","link":"https:\/\/www.europesays.com\/pt\/152353\/","title":{"rendered":"Ant\u00f4nio Caramelo, filho de Igor Rickli e Aline Wirley, se pronuncia ap\u00f3s derrota no Grammy Latino"},"content":{"rendered":"<p>Com apenas 11 anos de idade, Ant\u00f4nio Caramelo, filho de\u00a0Igor Rickli e Aline Wirley, estava concorrendo no Grammy Latino 2025, na categoria\u00a0Melhor \u00c1lbum de M\u00fasica Infantil com As Aventuras de Caramelo. A premia\u00e7\u00e3o aconteceu na noite da \u00faltima quinta-feira, dia 13, em Las Vegas, nos Estados Unidos.\u00a0<\/p>\n<p><a target=\"_blank\" href=\"https:\/\/www.estrelando.com.br\/foto\/2025\/09\/23\/antonio-caramelo-posa-com-igor-rickli-e-os-irmaos-em-gravacao-do-pr%C3%AAmio-jovem-brasileiro-veja-os-cliques-314240\" rel=\"nofollow noopener\">Ant\u00f4nio n\u00e3o levou<\/a> o pr\u00eamio, mas apareceu feliz ao lado de seu pai em um v\u00eddeo compartilhado nas redes sociais. Na grava\u00e7\u00e3o, o menino falou que estava feliz e triste com o resultado. Al\u00e9m disso, agradeceu por todo o apoio e as mensagens de carinho que recebeu.\u00a0<\/p>\n<p>&#8211; Triste, feliz\u2026 E triste feliz, disse ele ao ser questionado pelo pai qual era o sentimento.<\/p>\n<p><a target=\"_blank\" href=\"https:\/\/www.estrelando.com.br\/nota\/2025\/09\/17\/que-orgulho-filho-de-igor-rickli-e-aline-wirley-e-indicado-ao-grammy-latino-313874\" rel=\"nofollow noopener\">Igor ent\u00e3o consolou<\/a> o pequeno:<\/p>\n<p>&#8211;\u00a0Triste feliz. Porque isso \u00e9 bom, n\u00e9? Assim a gente vai cicatrizando, fortalecendo, crescendo, aprendendo\u2026 E vai ser cada vez melhor. Ano que vem a gente vai estar aqui de novo? Vai. A gente n\u00e3o desiste, n\u00e9? J\u00e1 foi algo muito especial. Encontramos tanta gente dizendo: Tenho 30 anos de carreira e \u00e9 a primeira vez que sou indicado, e voc\u00ea, com 11 aninhos, j\u00e1 est\u00e1 aqui. Isso tudo \u00e9 muito valioso.<\/p>\n<p>Ant\u00f4nio ent\u00e3o agradeceu o apoio que recebeu do Brasil todo:<\/p>\n<p>&#8211;\u00a0Obrigado, gente, porque o apoio de voc\u00eas \u00e9 muito importante para mim emocionalmente e tamb\u00e9m com os votos dos jurados. Estou muito feliz pelo Brasil inteiro estar me apoiando. Por isso, gostaria de aparecer l\u00e1 outra vez, para representar o Brasil de novo.\u00a0<\/p>\n<p>Na legenda da publica\u00e7\u00e3o, <a target=\"_blank\" href=\"https:\/\/www.estrelando.com.br\/foto\/2025\/04\/07\/filho-de-artista-artista-e-confira-os-melhores-momentos-de-antonio-caramelo-filho-de-aline-wirley-e-igor-rickli-291252\/foto-1\" rel=\"nofollow noopener\">Igor tamb\u00e9m<\/a> agradeceu a todos.\u00a0<\/p>\n<p>Nosso muito obrigado a todo mundo que se conectou e torceu pelo nosso filhote! Sem d\u00favida foi uma experi\u00eancia transformadora pro Ant\u00f4nio e que vai deix\u00e1-lo vai ainda mais forte! Obrigado por tanto carinho, isso faz tudo valer a pena.<\/p>\n<p>Confira:<\/p>\n<blockquote class=\"instagram-media\" data-instgrm-permalink=\"https:\/\/www.instagram.com\/reel\/DRBQLBcET6T\/?utm_source=ig_embed&amp;utm_campaign=loading\" data-instgrm-version=\"13\"\/><p>\n\t\t\t\t\t\t<script async src=\"\/\/www.instagram.com\/embed.js\"><\/script><\/p>\n","protected":false},"excerpt":{"rendered":"Com apenas 11 anos de idade, Ant\u00f4nio Caramelo, filho de\u00a0Igor Rickli e Aline Wirley, estava concorrendo no Grammy&hellip;\n","protected":false},"author":2,"featured_media":152354,"comment_status":"","ping_status":"","sticky":false,"template":"","format":"standard","meta":{"footnotes":""},"categories":[141],"tags":[211,1902,114,115,1899,980,1905,1650,149,150,13,1898,32,33,1904,1903,1900,1906,941,1901],"class_list":{"0":"post-152353","1":"post","2":"type-post","3":"status-publish","4":"format-standard","5":"has-post-thumbnail","7":"category-musica","8":"tag-celebridades","9":"tag-enquetes","10":"tag-entertainment","11":"tag-entretenimento","12":"tag-estilo","13":"tag-famosos","14":"tag-foruns","15":"tag-fotos","16":"tag-music","17":"tag-musica","18":"tag-noticias","19":"tag-perfis","20":"tag-portugal","21":"tag-pt","22":"tag-quizes","23":"tag-rakings","24":"tag-realities","25":"tag-red-carpet","26":"tag-series","27":"tag-teens"},"share_on_mastodon":{"url":"https:\/\/pubeurope.com\/@pt\/115551154197627205","error":""},"_links":{"self":[{"href":"https:\/\/www.europesays.com\/pt\/wp-json\/wp\/v2\/posts\/152353","targetHints":{"allow":["GET"]}}],"collection":[{"href":"https:\/\/www.europesays.com\/pt\/wp-json\/wp\/v2\/posts"}],"about":[{"href":"https:\/\/www.europesays.com\/pt\/wp-json\/wp\/v2\/types\/post"}],"author":[{"embeddable":true,"href":"https:\/\/www.europesays.com\/pt\/wp-json\/wp\/v2\/users\/2"}],"replies":[{"embeddable":true,"href":"https:\/\/www.europesays.com\/pt\/wp-json\/wp\/v2\/comments?post=152353"}],"version-history":[{"count":0,"href":"https:\/\/www.europesays.com\/pt\/wp-json\/wp\/v2\/posts\/152353\/revisions"}],"wp:featuredmedia":[{"embeddable":true,"href":"https:\/\/www.europesays.com\/pt\/wp-json\/wp\/v2\/media\/152354"}],"wp:attachment":[{"href":"https:\/\/www.europesays.com\/pt\/wp-json\/wp\/v2\/media?parent=152353"}],"wp:term":[{"taxonomy":"category","embeddable":true,"href":"https:\/\/www.europesays.com\/pt\/wp-json\/wp\/v2\/categories?post=152353"},{"taxonomy":"post_tag","embeddable":true,"href":"https:\/\/www.europesays.com\/pt\/wp-json\/wp\/v2\/tags?post=152353"}],"curies":[{"name":"wp","href":"https:\/\/api.w.org\/{rel}","templated":true}]}}