{"id":152355,"date":"2025-11-15T01:37:12","date_gmt":"2025-11-15T01:37:12","guid":{"rendered":"https:\/\/www.europesays.com\/pt\/152355\/"},"modified":"2025-11-15T01:37:12","modified_gmt":"2025-11-15T01:37:12","slug":"confira-imagem-do-novo-filme-de-sam-raimi","status":"publish","type":"post","link":"https:\/\/www.europesays.com\/pt\/152355\/","title":{"rendered":"Confira imagem do novo filme de Sam Raimi"},"content":{"rendered":"<p>Socorro! | Confira imagem do novo filme de Sam Raimi<\/p>\n<p>\n      Longa colocar\u00e1 Rachel McAdams e Dylan O&#8217;Brien em uma ilha deserta\n    <\/p>\n<p>      <img decoding=\"async\" class=\"reading-time__icon\" src=\"https:\/\/cdn.ome.lt\/static\/omelete25\/img\/clock-icon.svg\" alt=\"Omelete\"\/><\/p>\n<p>\n        1 min de leitura\n      <\/p>\n<p>            <img loading=\"lazy\" decoding=\"async\" class=\"action-buttons__icon\" src=\"https:\/\/cdn.ome.lt\/static\/omelete25\/img\/share-icon.svg\" alt=\"\u00cdcone compartilhamento\" width=\"24\" height=\"24\"\/><\/p>\n<p>        Compartilhar<\/p>\n<p>  <img decoding=\"async\" src=\"https:\/\/cdn.ome.lt\/static\/omelete\/img\/loading.svg\" alt=\"\"\/><\/p>\n<p>  <img decoding=\"async\" class=\"article__cover__image\" data-lazy-src-mob=\"\/\/cdn.ome.lt\/d4iX2rLcBrJKxG5wMEzABERhX8w=\/570x0\/smart\/filters:format(webp)\/uploads\/conteudo\/fotos\/Send-Help-Rachel-McAdams.webp\" data-lazy-src=\"https:\/\/cdn.ome.lt\/E4CJMZqBft6oH3E8Smqa7gCW2J8=\/987x0\/smart\/filters:format(webp)\/uploads\/conteudo\/fotos\/Send-Help-Rachel-McAdams.webp\" src=\"data:image\/png;base64,iVBORw0KGgoAAAANSUhEUgAAAAEAAAABCAQAAAC1HAwCAAAAC0lEQVR42mNkYAAAAAYAAjCB0C8AAAAASUVORK5CYII=\" alt=\"Socorro! | Confira imagem do novo filme de Sam Raimi\" title=\"None\" width=\"987\" height=\"555\" fetchpriority=\"high\"\/><\/p>\n<p>O <a href=\"https:\/\/collider.com\/send-help-image-rachel-mcadams-dylan-obrien\/\" rel=\"nofollow noopener\" target=\"_blank\">Collider<\/a> divulgou nesta sexta-feira (14) a primeira imagem oficial de <a href=\"https:\/\/www.omelete.com.br\/busca?q=send+help\" rel=\"nofollow noopener\" target=\"_blank\"><strong>Socorro!<\/strong><\/a>, novo filme de terror de <strong>Sam Raimi<\/strong>. A produ\u00e7\u00e3o marca o retorno do diretor ao g\u00eanero ap\u00f3s Arrasta-me para o Inferno (2009).<\/p>\n<p>A imagem exclusiva mostra os protagonistas <strong>Rachel McAdams<\/strong> e <strong>Dylan O&#8217;Brien<\/strong> em uma praia deserta, capturando um momento de aparente tranquilidade ap\u00f3s o acidente a\u00e9reo que deixou seus personagens presos em uma ilha.<\/p>\n<p>            Continua depois da Publicidade<\/p>\n<p>No filme, McAdams interpreta Linda, uma funcion\u00e1ria que sofreu ass\u00e9dio moral de seu chefe Bradley (O&#8217;Brien). Ap\u00f3s o acidente, os pap\u00e9is se invertem quando ela assume o controle da situa\u00e7\u00e3o de sobreviv\u00eancia. A trama promete se desenvolver como uma &#8220;batalha de vontades com humor negro&#8221;, conforme descrito por Raimi.<\/p>\n<p>Socorro! tem estreia prevista para 30 de janeiro de 2026<\/p>\n<p>          Omelete Recomenda<\/p>\n<p class=\"lgpd__text\">\n      Ao continuar navegando, declaro que estou ciente e concordo com a nossa<br \/>\n      <a class=\"lgpd__link\" href=\"https:\/\/www.omeletecompany.com\/politica-privacidade\" target=\"_blank\" rel=\"nofollow noopener\">Pol\u00edtica de Privacidade<\/a><br \/>\n      bem como manifesto o consentimento quanto ao fornecimento e tratamento dos dados e cookies para as finalidades ali<br \/>\n      constantes.\n    <\/p>\n<p>    Aceitar<\/p>\n","protected":false},"excerpt":{"rendered":"Socorro! | Confira imagem do novo filme de Sam Raimi Longa colocar\u00e1 Rachel McAdams e Dylan O&#8217;Brien em&hellip;\n","protected":false},"author":2,"featured_media":152356,"comment_status":"","ping_status":"","sticky":false,"template":"","format":"standard","meta":{"footnotes":""},"categories":[140],"tags":[114,115,147,148,146,32,33],"class_list":{"0":"post-152355","1":"post","2":"type-post","3":"status-publish","4":"format-standard","5":"has-post-thumbnail","7":"category-filmes","8":"tag-entertainment","9":"tag-entretenimento","10":"tag-film","11":"tag-filmes","12":"tag-movies","13":"tag-portugal","14":"tag-pt"},"share_on_mastodon":{"url":"https:\/\/pubeurope.com\/@pt\/115551158205178220","error":""},"_links":{"self":[{"href":"https:\/\/www.europesays.com\/pt\/wp-json\/wp\/v2\/posts\/152355","targetHints":{"allow":["GET"]}}],"collection":[{"href":"https:\/\/www.europesays.com\/pt\/wp-json\/wp\/v2\/posts"}],"about":[{"href":"https:\/\/www.europesays.com\/pt\/wp-json\/wp\/v2\/types\/post"}],"author":[{"embeddable":true,"href":"https:\/\/www.europesays.com\/pt\/wp-json\/wp\/v2\/users\/2"}],"replies":[{"embeddable":true,"href":"https:\/\/www.europesays.com\/pt\/wp-json\/wp\/v2\/comments?post=152355"}],"version-history":[{"count":0,"href":"https:\/\/www.europesays.com\/pt\/wp-json\/wp\/v2\/posts\/152355\/revisions"}],"wp:featuredmedia":[{"embeddable":true,"href":"https:\/\/www.europesays.com\/pt\/wp-json\/wp\/v2\/media\/152356"}],"wp:attachment":[{"href":"https:\/\/www.europesays.com\/pt\/wp-json\/wp\/v2\/media?parent=152355"}],"wp:term":[{"taxonomy":"category","embeddable":true,"href":"https:\/\/www.europesays.com\/pt\/wp-json\/wp\/v2\/categories?post=152355"},{"taxonomy":"post_tag","embeddable":true,"href":"https:\/\/www.europesays.com\/pt\/wp-json\/wp\/v2\/tags?post=152355"}],"curies":[{"name":"wp","href":"https:\/\/api.w.org\/{rel}","templated":true}]}}