{"id":152366,"date":"2025-11-15T01:55:11","date_gmt":"2025-11-15T01:55:11","guid":{"rendered":"https:\/\/www.europesays.com\/pt\/152366\/"},"modified":"2025-11-15T01:55:11","modified_gmt":"2025-11-15T01:55:11","slug":"carta-que-taylor-swift-escreveu-para-liam-payne-em-2017-vai-ser-leiloada","status":"publish","type":"post","link":"https:\/\/www.europesays.com\/pt\/152366\/","title":{"rendered":"Carta que Taylor Swift escreveu para Liam Payne em 2017 vai ser leiloada"},"content":{"rendered":"<p>Taylor Swift escreveu uma carta ao falecido Liam Payne em 2017 e a mesma vai agora ser leiloada, em dezembro.\u00a0<\/p>\n<p>De acordo com a People, a carta tinha uma mensagem da cantora a mostrar o seu apoio a Liam na carreira a solo. Ser\u00e1 leiloada no dia 2 de dezembro pela Omega Auctions, e est\u00e1 avaliado entre 5 a 11 mil euros.\u00a0<\/p>\n<p>Segundo a descri\u00e7\u00e3o, cita a People, o bilhete foi entregue a Payne, que morreu aos 31 anos no dia 16 de outubro de 2024, antes das suas respetivas apresenta\u00e7\u00f5es no Capital FM Jingle Bell Ball daquele ano, na O2 Arena de Londres. Taylor Swift e Liam Payne atuaram no espet\u00e1culo a 10 de dezembro de 2017.\u00a0<\/p>\n<p>&#8220;Liam, h\u00e1 quanto tempo! Estou t\u00e3o feliz por ti, est\u00e1s a arrasar. Estou obcecada por &#8220;Bedroom Floor&#8221;. \u00c9 t\u00e3o bom ver-te de longe, estou sempre a torcer por ti. Boa sorte para hoje \u00e0 noite&#8221;, podia ler-se no bilhete assinado por Taylor Swift e com indica\u00e7\u00e3o para ser entregue a Liam.<\/p>\n<blockquote class=\"twitter-tweet\"><p>&#13;<\/p>\n<p dir=\"ltr\" lang=\"en\">Expecting serious interest in this. An original handwritten note from <a href=\"https:\/\/twitter.com\/hashtag\/TaylorSwift?src=hash&amp;ref_src=twsrc%5Etfw\" rel=\"nofollow noopener\" target=\"_blank\">#TaylorSwift<\/a> to Liam Payne, December 2017. Offered in our &#8216;Showcase&#8217; sale of music memorabilia, 2nd December.<a href=\"https:\/\/t.co\/qdH6M4cctB\" rel=\"nofollow\">https:\/\/t.co\/qdH6M4cctB<\/a> <a href=\"https:\/\/t.co\/RseXrC9rAj\" rel=\"nofollow\">pic.twitter.com\/RseXrC9rAj<\/a><\/p>\n<p>&#13;<br \/>\n                                                    \u2014 Omega Auctions (@OmegaAuctions) <a href=\"https:\/\/twitter.com\/OmegaAuctions\/status\/1988616151673291024?ref_src=twsrc%5Etfw\" rel=\"nofollow noopener\" target=\"_blank\">November 12, 2025<\/a><\/p><\/blockquote>\n<p>&#8220;Bedroom Floor&#8221;, o tema a que Taylor Swift se refere na carta, recorde-se, foi lan\u00e7ado em outubro daquele ano, tendo sido o tema que se seguiu ao single de estreia a solo, &#8220;Strip That Down&#8221; (lan\u00e7ado em maio de 2017) e a &#8220;Get Low&#8221; (de julho de 2017).<\/p>\n<p>A carreira a solo de Liam Payne come\u00e7ou depois de a banda da qual fazia parte, os One Direction, terem anunciado o hiato em agosto de 2015. A pausa da banda, sem tempo definido, come\u00e7ou em janeiro de 2016, depois do lan\u00e7amento do quinto \u00e1lbum de est\u00fadio e ap\u00f3s a sa\u00edda de Zayn Malik do grupo em mar\u00e7o de 2015.\u00a0<\/p>\n<p>De lembrar tamb\u00e9m que Taylor Siwft cruzou o seu caminho com o dos One Direction em v\u00e1rias ocasi\u00f5es e chegou a namorar com um dos membros da banda, o cantor Harry Styles.\u00a0O ex-casal foi visto junto pela primeira vez em mar\u00e7o de 2012 e separou-se em janeiro de 2013.\u00a0<\/p>\n<p>Em 2016, por exemplo, a cantora tamb\u00e9m foi fotografada na companhia de Niall Horan e Louis Tomlinson na festa p\u00f3s gala dos Billboard Music Awards e colaborou com Zayn Malik na m\u00fasica &#8220;I Don&#8217;t Wanna Live Forever&#8221;, de 2016.<\/p>\n<p>J\u00e1 fez um ano que Liam Payne morreu<\/p>\n<p>Este leil\u00e3o da carta de Taylor Swift a Liam Payne acontece um ano ap\u00f3s a morte do cantor. O artista morreu no dia 16 de outubro de 2024 depois de ter ca\u00eddo da varanda de um hotel em Buenos Aires, na Argentina.<\/p>\n<p>No dia em que se completou um ano da sua morte, os f\u00e3s de Liam Payne reuniram-se para lhe prestar uma homenagem na sua cidade natal, em Wolverhampton.\u00a0<\/p>\n<p>&#8220;Amamos-te&#8221;; &#8220;Espero que estejas num lugar melhor&#8221;; &#8220;Ser\u00e1s sempre lembrado&#8221;. Estas foram algumas das mensagens deixadas em ramos de flores, cart\u00f5es e cartazes junto de um coreto no West Park.<\/p>\n<p>                                                    <img decoding=\"async\" src=\"https:\/\/www.europesays.com\/pt\/wp-content\/uploads\/2025\/10\/naom_6716cc4872dd1.jpg\" border=\"0\" alt=\"F\u00e3s na cidade natal de Liam Payne. M\u00e3e de Harry Styles entre homenagens\"\/><\/p>\n<p>Foi h\u00e1 precisamente um ano que Liam Payne morreu depois de ter ca\u00eddo da varanda de um hotel em Buenos Aires, na Argentina, no dia 16 de outubro de 2024.<\/p>\n<p>                                                     Not\u00edcias ao Minuto | 18:07 &#8211; 16\/10\/2025 <\/p>\n<p>                                            <script async src=\"https:\/\/platform.twitter.com\/widgets.js\" charset=\"utf-8\"><\/script><\/p>\n","protected":false},"excerpt":{"rendered":"Taylor Swift escreveu uma carta ao falecido Liam Payne em 2017 e a mesma vai agora ser leiloada,&hellip;\n","protected":false},"author":2,"featured_media":152367,"comment_status":"","ping_status":"","sticky":false,"template":"","format":"standard","meta":{"footnotes":""},"categories":[141],"tags":[114,115,149,150,32,33],"class_list":{"0":"post-152366","1":"post","2":"type-post","3":"status-publish","4":"format-standard","5":"has-post-thumbnail","7":"category-musica","8":"tag-entertainment","9":"tag-entretenimento","10":"tag-music","11":"tag-musica","12":"tag-portugal","13":"tag-pt"},"share_on_mastodon":{"url":"https:\/\/pubeurope.com\/@pt\/115551228838580914","error":""},"_links":{"self":[{"href":"https:\/\/www.europesays.com\/pt\/wp-json\/wp\/v2\/posts\/152366","targetHints":{"allow":["GET"]}}],"collection":[{"href":"https:\/\/www.europesays.com\/pt\/wp-json\/wp\/v2\/posts"}],"about":[{"href":"https:\/\/www.europesays.com\/pt\/wp-json\/wp\/v2\/types\/post"}],"author":[{"embeddable":true,"href":"https:\/\/www.europesays.com\/pt\/wp-json\/wp\/v2\/users\/2"}],"replies":[{"embeddable":true,"href":"https:\/\/www.europesays.com\/pt\/wp-json\/wp\/v2\/comments?post=152366"}],"version-history":[{"count":0,"href":"https:\/\/www.europesays.com\/pt\/wp-json\/wp\/v2\/posts\/152366\/revisions"}],"wp:featuredmedia":[{"embeddable":true,"href":"https:\/\/www.europesays.com\/pt\/wp-json\/wp\/v2\/media\/152367"}],"wp:attachment":[{"href":"https:\/\/www.europesays.com\/pt\/wp-json\/wp\/v2\/media?parent=152366"}],"wp:term":[{"taxonomy":"category","embeddable":true,"href":"https:\/\/www.europesays.com\/pt\/wp-json\/wp\/v2\/categories?post=152366"},{"taxonomy":"post_tag","embeddable":true,"href":"https:\/\/www.europesays.com\/pt\/wp-json\/wp\/v2\/tags?post=152366"}],"curies":[{"name":"wp","href":"https:\/\/api.w.org\/{rel}","templated":true}]}}