{"id":152368,"date":"2025-11-15T01:56:09","date_gmt":"2025-11-15T01:56:09","guid":{"rendered":"https:\/\/www.europesays.com\/pt\/152368\/"},"modified":"2025-11-15T01:56:09","modified_gmt":"2025-11-15T01:56:09","slug":"sabrina-carpenter-seria-rapunzel-mas-negocio-nao-avancou","status":"publish","type":"post","link":"https:\/\/www.europesays.com\/pt\/152368\/","title":{"rendered":"Sabrina Carpenter seria Rapunzel, mas neg\u00f3cio n\u00e3o avan\u00e7ou"},"content":{"rendered":"<p>A adapta\u00e7\u00e3o live-action de <strong>Enrolados<\/strong>, anima\u00e7\u00e3o de 2010 da Disney, voltou ao desenvolvimento ap\u00f3s ser pausada por conta do fracasso de\u00a0Branca de Neve\u00a0e v\u00e1rios rumores surgiram nos \u00faltimos meses sobre quem interpretaria a protagonista da hist\u00f3ria: Rapunzel. Um dos nomes cotados e que muitos f\u00e3s pediam era o da cantora <strong>Sabrina Carpenter<\/strong>.<\/p>\n<p>Segundo Daniel Ritchmann, o DanielRPK, Carpenter esteve em negocia\u00e7\u00f5es com a Disney para estrelar o filme, mas o neg\u00f3cio n\u00e3o avan\u00e7ou entre as duas partes. De acordo com o insider, o est\u00fadio est\u00e1 agora em contato com outras atrizes, e a escolha da int\u00e9rprete de Rapunzel deve ser feita em breve.<\/p>\n<p>Vale lembrar que outro nome cotado para o filme \u00e9 o de\u00a0<strong>Scarlett Johansson<\/strong>, que interpretaria a vil\u00e3 Gothel.<strong>\u00a0<\/strong> Recentemente, a atriz comentou o rumor e disse \u00e0 Entertainment Tonight que\u00a0&#8220;tudo \u00e9 poss\u00edvel&#8221;. &#8220;O que me entusiasmaria seria trabalhar com Michael Gracey, que est\u00e1 escalado para dirigir, porque ele \u00e9 extraordinariamente vision\u00e1rio&#8221;, acrescentou a atriz.<\/p>\n<p>            Continua depois da Publicidade<\/p>\n<p>Na trama de\u00a0Enrolados, Gothel \u00e9 uma bruxa que rouba a princesa Rapunzel de seus pais, isolando-a em uma torre para cri\u00e1-la como filha. Quando, por\u00e9m, o foragido\u00a0Flynn Rider descobre o local e sua moradora, os anseios da protagonista por liberdade tornam-se incontrol\u00e1veis.<\/p>\n<p>Michael\u00a0Gracey\u00a0(O Rei do Show) dirigir\u00e1 o longa, trabalhando com um roteiro de\u00a0<strong>Jennifer\u00a0<\/strong><strong>Kaytin Robinson<\/strong> (Thor: Amor e Trov\u00e3o).<\/p>\n<p>Enrolados\u00a0j\u00e1 tinha sua pr\u00e9-produ\u00e7\u00e3o em curso, mas acabou pausado ap\u00f3s o fracasso de\u00a0<strong>Branca de Neve\u00a0<\/strong>nos cinemas.\u00a0O filme estrelado por <strong>Rachel Zegler<\/strong> arrecadou apenas US$ 145 milh\u00f5es no mundo todo, contra um or\u00e7amento de US$ 270 milh\u00f5es.<\/p>\n<p>            Continua depois da Publicidade<\/p>\n","protected":false},"excerpt":{"rendered":"A adapta\u00e7\u00e3o live-action de Enrolados, anima\u00e7\u00e3o de 2010 da Disney, voltou ao desenvolvimento ap\u00f3s ser pausada por conta&hellip;\n","protected":false},"author":2,"featured_media":152369,"comment_status":"","ping_status":"","sticky":false,"template":"","format":"standard","meta":{"footnotes":""},"categories":[140],"tags":[114,115,147,148,146,32,33],"class_list":{"0":"post-152368","1":"post","2":"type-post","3":"status-publish","4":"format-standard","5":"has-post-thumbnail","7":"category-filmes","8":"tag-entertainment","9":"tag-entretenimento","10":"tag-film","11":"tag-filmes","12":"tag-movies","13":"tag-portugal","14":"tag-pt"},"share_on_mastodon":{"url":"https:\/\/pubeurope.com\/@pt\/115551232659008113","error":""},"_links":{"self":[{"href":"https:\/\/www.europesays.com\/pt\/wp-json\/wp\/v2\/posts\/152368","targetHints":{"allow":["GET"]}}],"collection":[{"href":"https:\/\/www.europesays.com\/pt\/wp-json\/wp\/v2\/posts"}],"about":[{"href":"https:\/\/www.europesays.com\/pt\/wp-json\/wp\/v2\/types\/post"}],"author":[{"embeddable":true,"href":"https:\/\/www.europesays.com\/pt\/wp-json\/wp\/v2\/users\/2"}],"replies":[{"embeddable":true,"href":"https:\/\/www.europesays.com\/pt\/wp-json\/wp\/v2\/comments?post=152368"}],"version-history":[{"count":0,"href":"https:\/\/www.europesays.com\/pt\/wp-json\/wp\/v2\/posts\/152368\/revisions"}],"wp:featuredmedia":[{"embeddable":true,"href":"https:\/\/www.europesays.com\/pt\/wp-json\/wp\/v2\/media\/152369"}],"wp:attachment":[{"href":"https:\/\/www.europesays.com\/pt\/wp-json\/wp\/v2\/media?parent=152368"}],"wp:term":[{"taxonomy":"category","embeddable":true,"href":"https:\/\/www.europesays.com\/pt\/wp-json\/wp\/v2\/categories?post=152368"},{"taxonomy":"post_tag","embeddable":true,"href":"https:\/\/www.europesays.com\/pt\/wp-json\/wp\/v2\/tags?post=152368"}],"curies":[{"name":"wp","href":"https:\/\/api.w.org\/{rel}","templated":true}]}}