{"id":152370,"date":"2025-11-15T01:57:17","date_gmt":"2025-11-15T01:57:17","guid":{"rendered":"https:\/\/www.europesays.com\/pt\/152370\/"},"modified":"2025-11-15T01:57:17","modified_gmt":"2025-11-15T01:57:17","slug":"f1-kimi-antonelli-a-minha-relacao-com-o-george-esta-a-mudar","status":"publish","type":"post","link":"https:\/\/www.europesays.com\/pt\/152370\/","title":{"rendered":"F1, Kimi Antonelli: \u201cA minha rela\u00e7\u00e3o com o George est\u00e1 a mudar\u201d"},"content":{"rendered":"<p>Kimi Antonelli revelou que a rela\u00e7\u00e3o com o seu colega de equipa, George Russell, tem sofrido altera\u00e7\u00f5es nas \u00faltimas semanas, \u00e0 medida que o jovem italiano se aproxima consistentemente do n\u00edvel de performance do brit\u00e2nico. <\/p>\n<p>A \u00e9poca de estreia de Antonelli tem sido marcada por altos e baixos, mas os seus resultados recentes \u2014 incluindo o melhor resultado da carreira no Brasil \u2014 come\u00e7am a reposicionar o equil\u00edbrio interno na Mercedes.<\/p>\n<p>Antonelli assumiu o lugar de Lewis Hamilton no in\u00edcio da temporada e passou a dividir a garagem com Russell, que adotou um papel mais pr\u00f3ximo de \u201cl\u00edder de equipa\u201d. Enquanto o brit\u00e2nico soma duas vit\u00f3rias e mant\u00e9m-se firme na luta pelas primeiras posi\u00e7\u00f5es do campeonato, o italiano demorou a encontrar estabilidade, passando por um per\u00edodo de menor rendimento entre maio e setembro.<\/p>\n<blockquote class=\"twitter-tweet\">\n<p lang=\"en\" dir=\"ltr\">Hugs all around \ud83e\udd17 <a href=\"https:\/\/t.co\/ZQbxlppYVD\" rel=\"nofollow\">pic.twitter.com\/ZQbxlppYVD<\/a><\/p>\n<p>\u2014 Mercedes-AMG PETRONAS F1 Team (@MercedesAMGF1) <a href=\"https:\/\/twitter.com\/MercedesAMGF1\/status\/1987632354349731852?ref_src=twsrc%5Etfw\" rel=\"nofollow noopener\" target=\"_blank\">November 9, 2025<\/a><\/p>\n<\/blockquote>\n<p>Mudan\u00e7a de paradigma interno?<\/p>\n<p>No entanto, desde o final da fase europeia, Antonelli tem mostrado clara evolu\u00e7\u00e3o. Somou pontos em seis dos \u00faltimos seis Grandes Pr\u00e9mios, incluindo um p\u00f3dio no Brasil, e tem superado Russell nas duas corridas mais recentes. Com ambos os pilotos j\u00e1 confirmados para 2026, o pr\u00f3ximo ano ser\u00e1 decisivo para avaliar se Antonelli conseguir\u00e1 sustentar esta tend\u00eancia ao longo de uma temporada completa.<\/p>\n<p>O progresso do jovem piloto tamb\u00e9m est\u00e1 a fortalecer a posi\u00e7\u00e3o da Mercedes no Mundial de Construtores e a aproxim\u00e1-lo de Lewis Hamilton na classifica\u00e7\u00e3o de pilotos, com a possibilidade real de terminar o ano \u00e0 frente do sete vezes campe\u00e3o do mundo.<\/p>\n<p><img loading=\"lazy\" decoding=\"async\" width=\"1274\" height=\"724\" data-lazy-type=\"image\" src=\"https:\/\/www.europesays.com\/pt\/wp-content\/uploads\/2025\/11\/2025-mercedes-amg-petronas-f1-team-driver-line-up-andrea-kimi-antonelli-george-russell-01.webp.webp\" alt=\"\" class=\"lazy lazy-hidden wp-image-680245\"\/><\/p>\n<p>Ap\u00f3s o Grande Pr\u00e9mio do Brasil, Antonelli admitiu uma mudan\u00e7a na din\u00e2mica interna da equipa:<\/p>\n<p>\u201cA minha rela\u00e7\u00e3o com o George est\u00e1 a mudar. \u00c9 natural que ele n\u00e3o fique satisfeito por terminar atr\u00e1s de mim, tal como eu nunca fico quando estou atr\u00e1s. A rela\u00e7\u00e3o mudou e continuar\u00e1 a mudar, mas h\u00e1 muito respeito entre n\u00f3s e existe uma boa din\u00e2mica na equipa porque estamos a puxar um pelo outro.\u201d<\/p>\n<p>O italiano descreveu ainda o impacto do resultado em Interlagos:<\/p>\n<p>\u201cEste fim de semana d\u00e1-nos um impulso incr\u00edvel para Las Vegas, onde a equipa esteve fant\u00e1stica no ano passado. Espero que possamos ser fortes novamente. Apesar de o carro ter caracter\u00edsticas diferentes das de 2024, o ADN \u00e9 muito semelhante.\u201d<\/p>\n<p>Sobre a fase dif\u00edcil que atravessou, Antonelli acrescentou:<\/p>\n<p>\u201cVinha de um per\u00edodo muito negro nos \u00faltimos meses. Consegui sair dele e, por isso, este p\u00f3dio \u00e9 realmente especial tamb\u00e9m a n\u00edvel pessoal.\u201d<\/p>\n<p>\t\t\t<script async src=\"https:\/\/platform.twitter.com\/widgets.js\" charset=\"utf-8\"><\/script><\/p>\n","protected":false},"excerpt":{"rendered":"Kimi Antonelli revelou que a rela\u00e7\u00e3o com o seu colega de equipa, George Russell, tem sofrido altera\u00e7\u00f5es nas&hellip;\n","protected":false},"author":2,"featured_media":152371,"comment_status":"","ping_status":"","sticky":false,"template":"","format":"standard","meta":{"footnotes":""},"categories":[87],"tags":[135,970,971,20709,32953,32,33,134],"class_list":{"0":"post-152370","1":"post","2":"type-post","3":"status-publish","4":"format-standard","5":"has-post-thumbnail","7":"category-desporto","8":"tag-desporto","9":"tag-f1","10":"tag-formula-1","11":"tag-george-russell","12":"tag-kimi-antonelli","13":"tag-portugal","14":"tag-pt","15":"tag-sports"},"share_on_mastodon":{"url":"https:\/\/pubeurope.com\/@pt\/115551236650485092","error":""},"_links":{"self":[{"href":"https:\/\/www.europesays.com\/pt\/wp-json\/wp\/v2\/posts\/152370","targetHints":{"allow":["GET"]}}],"collection":[{"href":"https:\/\/www.europesays.com\/pt\/wp-json\/wp\/v2\/posts"}],"about":[{"href":"https:\/\/www.europesays.com\/pt\/wp-json\/wp\/v2\/types\/post"}],"author":[{"embeddable":true,"href":"https:\/\/www.europesays.com\/pt\/wp-json\/wp\/v2\/users\/2"}],"replies":[{"embeddable":true,"href":"https:\/\/www.europesays.com\/pt\/wp-json\/wp\/v2\/comments?post=152370"}],"version-history":[{"count":0,"href":"https:\/\/www.europesays.com\/pt\/wp-json\/wp\/v2\/posts\/152370\/revisions"}],"wp:featuredmedia":[{"embeddable":true,"href":"https:\/\/www.europesays.com\/pt\/wp-json\/wp\/v2\/media\/152371"}],"wp:attachment":[{"href":"https:\/\/www.europesays.com\/pt\/wp-json\/wp\/v2\/media?parent=152370"}],"wp:term":[{"taxonomy":"category","embeddable":true,"href":"https:\/\/www.europesays.com\/pt\/wp-json\/wp\/v2\/categories?post=152370"},{"taxonomy":"post_tag","embeddable":true,"href":"https:\/\/www.europesays.com\/pt\/wp-json\/wp\/v2\/tags?post=152370"}],"curies":[{"name":"wp","href":"https:\/\/api.w.org\/{rel}","templated":true}]}}