{"id":152374,"date":"2025-11-15T02:02:22","date_gmt":"2025-11-15T02:02:22","guid":{"rendered":"https:\/\/www.europesays.com\/pt\/152374\/"},"modified":"2025-11-15T02:02:22","modified_gmt":"2025-11-15T02:02:22","slug":"papa-inaugura-ambulatorio-destinado-aos-pobres-no-vaticano","status":"publish","type":"post","link":"https:\/\/www.europesays.com\/pt\/152374\/","title":{"rendered":"Papa inaugura ambulat\u00f3rio destinado aos pobres no Vaticano"},"content":{"rendered":"<p>Sob a Colunata, abre a nova estrutura da Esmolaria Apost\u00f3lica para ampliar os servi\u00e7os de sa\u00fade destinados aos pobres, com um servi\u00e7o de radiologia para diagnosticar rapidamente as patologias mais comuns de quem vive nas ruas.<\/p>\n<p><b>Vatican News<\/b><\/p>\n<p>Nasce nesta sexta-feira, 14 de novembro, o Ambulat\u00f3rio S\u00e3o Martinho, sob a Colunata de S\u00e3o Pedro, dez anos ap\u00f3s a abertura do Ambulat\u00f3rio M\u00e3e da Miseric\u00f3rdia e \u00e0s v\u00e9speras do Dia Mundial dos Pobres, que ser\u00e1 celebrado no domingo, 16 de novembro. O Papa Le\u00e3o XIV, ao retornar da Universidade Lateranense, inaugurou o novo espa\u00e7o.<\/p>\n<p>Trata-se \u2014 conforme comunicado do Dicast\u00e9rio para o Servi\u00e7o da Caridade \u2014 de duas novas salas equipadas com tecnologia de ponta e do novo servi\u00e7o de radiologia, que permitir\u00e1, gra\u00e7as a um aparelho de raios X de \u00faltima gera\u00e7\u00e3o, diagnosticar de forma r\u00e1pida e precisa pneumonias, fraturas \u00f3sseas, tumores, doen\u00e7as degenerativas, c\u00e1lculos e obstru\u00e7\u00f5es intestinais \u2014 condi\u00e7\u00f5es frequentemente negligenciadas em quem vive na pobreza. O diagn\u00f3stico precoce dessas patologias possibilitar\u00e1 o in\u00edcio imediato de tratamentos adequados, contribuindo para melhorar a qualidade de vida de quem n\u00e3o tem nada.<\/p>\n<p>Nos pobres, o rosto de Jesus <\/p>\n<p>Uma estrutura realizada em colabora\u00e7\u00e3o com a Dire\u00e7\u00e3o de Sa\u00fade e Higiene do Governatorato da Cidade do Vaticano, que permite um acompanhamento completo das pessoas que solicitam assist\u00eancia. Lugares onde se acolhe e se cuida, devolvendo assim a dignidade aos pobres que batem \u00e0 porta da Esmolaria, necessitados \u201cnos quais n\u00e3o vemos um sem-teto, um pobre, mas o rosto de Jesus\u201d, destacou o cardeal Konrad Krajewski, esmoleiro de Sua Santidade.<\/p>\n<p>    <img decoding=\"async\" src=\"data:image\/gif;base64,R0lGODlhAQABAIAAAAAAAP\/\/\/yH5BAEAAAAALAAAAAABAAEAAAIBRAA7\" data-original=\"https:\/\/www.vaticannews.va\/content\/dam\/vaticannews\/agenzie\/images\/srv\/2025\/11\/14\/2025-11-14-inaugurazione-ambulatorio-s-martino\/1763121712181.JPG\/_jcr_content\/renditions\/cq5dam.thumbnail.cropped.750.422.jpeg\" alt=\"M\u00e9dicos volunt\u00e1rios com o Papa no Ambulat\u00f3rio S\u00e3o Martinho\" title=\"M\u00e9dicos volunt\u00e1rios com o Papa no Ambulat\u00f3rio S\u00e3o Martinho\"\/><\/p>\n<p>\n   M\u00e9dicos volunt\u00e1rios com o Papa no Ambulat\u00f3rio S\u00e3o Martinho \u00a0 (@Vatican Media)\n  <\/p>\n<p>Assist\u00eancia m\u00e9dica gratuita <\/p>\n<p>O Ambulat\u00f3rio S\u00e3o Martinho se soma ao Ambulat\u00f3rio M\u00e3e da Miseric\u00f3rdia, que oferece diariamente assist\u00eancia m\u00e9dica gratuita \u00e0queles que vivem em situa\u00e7\u00e3o de indig\u00eancia, exclus\u00e3o social ou dificuldade, seguindo diretamente os princ\u00edpios do Evangelho e da Doutrina Social da Igreja.<\/p>\n<p>No ambulat\u00f3rio da Esmolaria Apost\u00f3lica, s\u00e3o prestados, de forma totalmente gratuita, mais de 2 mil atendimentos m\u00e9dicos por m\u00eas, gra\u00e7as ao trabalho de 120 volunt\u00e1rios \u2014 m\u00e9dicos, enfermeiros e t\u00e9cnicos de sa\u00fade. Os pobres atendidos s\u00e3o cerca de 10.000, de 139 nacionalidades diferentes. At\u00e9 hoje, foram oferecidos gratuitamente aos mais necessitados 102.060 atendimentos m\u00e9dicos e distribu\u00eddas 141.200 embalagens de medicamentos.<\/p>\n<p>    <img decoding=\"async\" src=\"data:image\/gif;base64,R0lGODlhAQABAIAAAAAAAP\/\/\/yH5BAEAAAAALAAAAAABAAEAAAIBRAA7\" data-original=\"https:\/\/www.vaticannews.va\/content\/dam\/vaticannews\/agenzie\/images\/srv\/2025\/11\/14\/2025-11-14-inaugurazione-ambulatorio-s-martino\/1763121719713.JPG\/_jcr_content\/renditions\/cq5dam.thumbnail.cropped.750.422.jpeg\" alt=\"Papa no Ambulat\u00f3rio S\u00e3o Martinho sob a Colunata de S\u00e3o Pedro\" title=\"Papa no Ambulat\u00f3rio S\u00e3o Martinho sob a Colunata de S\u00e3o Pedro\"\/><\/p>\n<p>\n   Papa no Ambulat\u00f3rio S\u00e3o Martinho sob a Colunata de S\u00e3o Pedro \u00a0 (@Vatican Media)\n  <\/p>\n<p>Gra\u00e7as aos dois ambulat\u00f3rios, ser\u00e1 poss\u00edvel continuar garantindo aos pobres consultas m\u00e9dicas gerais e especializadas, atendimentos odontol\u00f3gicos, exames de sangue e radiol\u00f3gicos, al\u00e9m da doa\u00e7\u00e3o de pr\u00f3teses dent\u00e1rias remov\u00edveis, \u00f3culos e aparelhos auditivos. Por fim, os medicamentos prescritos ser\u00e3o entregues diretamente nas m\u00e3os de quem deles precisa, sempre de maneira completamente gratuita.<\/p>\n<p>\n   Visita do Papa ao ambulat\u00f3rio S\u00e3o Martinho\n  <\/p>\n","protected":false},"excerpt":{"rendered":"Sob a Colunata, abre a nova estrutura da Esmolaria Apost\u00f3lica para ampliar os servi\u00e7os de sa\u00fade destinados aos&hellip;\n","protected":false},"author":2,"featured_media":152375,"comment_status":"","ping_status":"","sticky":false,"template":"","format":"standard","meta":{"footnotes":""},"categories":[50],"tags":[27398,27,28,26358,15,16,14,25,26,21,22,6545,62,12,13,19,20,811,8337,23,24,17,18,29,30,31,5598,63,64,65],"class_list":{"0":"post-152374","1":"post","2":"type-post","3":"status-publish","4":"format-standard","5":"has-post-thumbnail","7":"category-mundo","8":"tag-associacoes-caritativas","9":"tag-breaking-news","10":"tag-breakingnews","11":"tag-elemosineria-apostolica","12":"tag-featured-news","13":"tag-featurednews","14":"tag-headlines","15":"tag-latest-news","16":"tag-latestnews","17":"tag-main-news","18":"tag-mainnews","19":"tag-medicina-e-saude","20":"tag-mundo","21":"tag-news","22":"tag-noticias","23":"tag-noticias-principais","24":"tag-noticiasprincipais","25":"tag-papa-leao-xiv","26":"tag-pobreza","27":"tag-principais-noticias","28":"tag-principaisnoticias","29":"tag-top-stories","30":"tag-topstories","31":"tag-ultimas","32":"tag-ultimas-noticias","33":"tag-ultimasnoticias","34":"tag-vaticano","35":"tag-world","36":"tag-world-news","37":"tag-worldnews"},"share_on_mastodon":{"url":"https:\/\/pubeurope.com\/@pt\/115551256130639594","error":""},"_links":{"self":[{"href":"https:\/\/www.europesays.com\/pt\/wp-json\/wp\/v2\/posts\/152374","targetHints":{"allow":["GET"]}}],"collection":[{"href":"https:\/\/www.europesays.com\/pt\/wp-json\/wp\/v2\/posts"}],"about":[{"href":"https:\/\/www.europesays.com\/pt\/wp-json\/wp\/v2\/types\/post"}],"author":[{"embeddable":true,"href":"https:\/\/www.europesays.com\/pt\/wp-json\/wp\/v2\/users\/2"}],"replies":[{"embeddable":true,"href":"https:\/\/www.europesays.com\/pt\/wp-json\/wp\/v2\/comments?post=152374"}],"version-history":[{"count":0,"href":"https:\/\/www.europesays.com\/pt\/wp-json\/wp\/v2\/posts\/152374\/revisions"}],"wp:featuredmedia":[{"embeddable":true,"href":"https:\/\/www.europesays.com\/pt\/wp-json\/wp\/v2\/media\/152375"}],"wp:attachment":[{"href":"https:\/\/www.europesays.com\/pt\/wp-json\/wp\/v2\/media?parent=152374"}],"wp:term":[{"taxonomy":"category","embeddable":true,"href":"https:\/\/www.europesays.com\/pt\/wp-json\/wp\/v2\/categories?post=152374"},{"taxonomy":"post_tag","embeddable":true,"href":"https:\/\/www.europesays.com\/pt\/wp-json\/wp\/v2\/tags?post=152374"}],"curies":[{"name":"wp","href":"https:\/\/api.w.org\/{rel}","templated":true}]}}