{"id":152380,"date":"2025-11-15T02:09:12","date_gmt":"2025-11-15T02:09:12","guid":{"rendered":"https:\/\/www.europesays.com\/pt\/152380\/"},"modified":"2025-11-15T02:09:12","modified_gmt":"2025-11-15T02:09:12","slug":"billie-eilish-chama-elon-musk-de-covarde-patetico-por-acumular-dinheiro","status":"publish","type":"post","link":"https:\/\/www.europesays.com\/pt\/152380\/","title":{"rendered":"Billie Eilish chama Elon Musk de covarde pat\u00e9tico por acumular dinheiro"},"content":{"rendered":"<p class=\"bullet mt-0\" data-v-232111b4=\"\">Em seus stories, Eilish compartilhou diferentes slides da postagem, concluindo com uma tela preta com um texto xingando o bilion\u00e1rio. &#8220;Medroso covarde pat\u00e9tico do caralh*&#8221;, escreveu a cantora.<\/p>\n<p class=\"bullet\" data-v-232111b4=\"\">A fortuna de Musk tem origem geracional, com seu pai, Eroll Musk, tendo sido um empres\u00e1rio e pol\u00edtico de sucesso na \u00c1frica do Sul, com milh\u00f5es originados de sua carreira pol\u00edtica, investimentos imobili\u00e1rios e participa\u00e7\u00e3o na minera\u00e7\u00e3o e venda de esmeraldas.<\/p>\n<p>Eilish j\u00e1 se manifestou contra bilion\u00e1rios<\/p>\n<p class=\"bullet\" data-v-232111b4=\"\">No final de outubro de 2025, Eilish recebeu o pr\u00eamio de Inovadora Musical do Ano pela Wall Street Journal Magazine. Em seu discurso, ela refletiu sobre a distribui\u00e7\u00e3o de riquezas e a exist\u00eancia de bilion\u00e1rios.<\/p>\n<p class=\"bullet\" data-v-232111b4=\"\">&#8220;Estamos vivendo um momento muito, muito ruim e muito sombrio. As pessoas precisam ter <a href=\"https:\/\/www.uol.com.br\/universa\/noticias\/redacao\/2024\/05\/04\/entenda-o-que-e-empatia-e-a-importancia-dela-nas-relacoes.htm\" rel=\"nofollow noopener\" target=\"_blank\">empatia<\/a> e ajudar, agora mais do que nunca, especialmente [nos Estados Unidos]. Eu diria que se voc\u00ea tem dinheiro, seria \u00f3timo us\u00e1-lo para coisas boas e talvez d\u00e1-lo a pessoas que precisam&#8221;, disse a cantora.<\/p>\n<p class=\"bullet\" data-v-232111b4=\"\">Na ocasi\u00e3o, Eilish doou US$ 11,5 milh\u00f5es (mais de R$ 58 milh\u00f5es) tirados da renda de sua turn\u00ea mais recente, cobrindo organiza\u00e7\u00f5es dedicadas \u00e0 igualdade alimentar, justi\u00e7a clim\u00e1tica, redu\u00e7\u00e3o da polui\u00e7\u00e3o e organiza\u00e7\u00e3o de trabalhos ambientais.<\/p>\n","protected":false},"excerpt":{"rendered":"Em seus stories, Eilish compartilhou diferentes slides da postagem, concluindo com uma tela preta com um texto xingando&hellip;\n","protected":false},"author":2,"featured_media":152381,"comment_status":"","ping_status":"","sticky":false,"template":"","format":"standard","meta":{"footnotes":""},"categories":[141],"tags":[114,115,149,150,32,33],"class_list":{"0":"post-152380","1":"post","2":"type-post","3":"status-publish","4":"format-standard","5":"has-post-thumbnail","7":"category-musica","8":"tag-entertainment","9":"tag-entretenimento","10":"tag-music","11":"tag-musica","12":"tag-portugal","13":"tag-pt"},"share_on_mastodon":{"url":"https:\/\/pubeurope.com\/@pt\/115551284634164124","error":""},"_links":{"self":[{"href":"https:\/\/www.europesays.com\/pt\/wp-json\/wp\/v2\/posts\/152380","targetHints":{"allow":["GET"]}}],"collection":[{"href":"https:\/\/www.europesays.com\/pt\/wp-json\/wp\/v2\/posts"}],"about":[{"href":"https:\/\/www.europesays.com\/pt\/wp-json\/wp\/v2\/types\/post"}],"author":[{"embeddable":true,"href":"https:\/\/www.europesays.com\/pt\/wp-json\/wp\/v2\/users\/2"}],"replies":[{"embeddable":true,"href":"https:\/\/www.europesays.com\/pt\/wp-json\/wp\/v2\/comments?post=152380"}],"version-history":[{"count":0,"href":"https:\/\/www.europesays.com\/pt\/wp-json\/wp\/v2\/posts\/152380\/revisions"}],"wp:featuredmedia":[{"embeddable":true,"href":"https:\/\/www.europesays.com\/pt\/wp-json\/wp\/v2\/media\/152381"}],"wp:attachment":[{"href":"https:\/\/www.europesays.com\/pt\/wp-json\/wp\/v2\/media?parent=152380"}],"wp:term":[{"taxonomy":"category","embeddable":true,"href":"https:\/\/www.europesays.com\/pt\/wp-json\/wp\/v2\/categories?post=152380"},{"taxonomy":"post_tag","embeddable":true,"href":"https:\/\/www.europesays.com\/pt\/wp-json\/wp\/v2\/tags?post=152380"}],"curies":[{"name":"wp","href":"https:\/\/api.w.org\/{rel}","templated":true}]}}