{"id":152382,"date":"2025-11-15T02:10:15","date_gmt":"2025-11-15T02:10:15","guid":{"rendered":"https:\/\/www.europesays.com\/pt\/152382\/"},"modified":"2025-11-15T02:10:15","modified_gmt":"2025-11-15T02:10:15","slug":"harry-potter-imagens-ineditas-dao-destaque-a-madame-hooch-rony-weasley-e-mais-confira","status":"publish","type":"post","link":"https:\/\/www.europesays.com\/pt\/152382\/","title":{"rendered":"&#8216;Harry Potter&#8217;: Imagens in\u00e9ditas d\u00e3o destaque a Madame Hooch, Rony Weasley e MAIS; Confira!"},"content":{"rendered":"<p data-slot-rendered-content=\"true\">As grava\u00e7\u00f5es da s\u00e9rie\u00a0reboot de\u00a0<strong>\u2018<a href=\"https:\/\/cinepop.com.br\/tag\/harry-potter\/\" title=\"Harry Potter\" rel=\"nofollow noopener\" target=\"_blank\">Harry Potter<\/a>\u2019<\/strong> migraram para o condado ingl\u00eas de Hertfordshire \u2013 e novas imagens de bastidores foram divulgadas nas redes sociais.<\/p>\n<p data-slot-rendered-content=\"true\">As mais recentes fotos d\u00e3o destaque a Rony Weasley (<strong>Alastair Stout<\/strong>), Draco Malfoy (<strong>Lox Pratt<\/strong>) e a Madame Rolanda Hooch (<strong><a href=\"https:\/\/cinepop.com.br\/tag\/louise-brealey\/\" title=\"Louise Brealey\" rel=\"nofollow noopener\" target=\"_blank\">Louise Brealey<\/a><\/strong>) \u2013 al\u00e9m de mostrar um pequeno vislumbre de uma personagem que acreditamos ser Parvati Patil, que ingressa em Hogwarts ao lado de de sua irm\u00e3, Padma.<\/p>\n<p data-slot-rendered-content=\"true\">Confira:<\/p>\n<blockquote class=\"reddit-embed-bq\" style=\"height: 500px;\" data-embed-height=\"740\">\n<p><a href=\"https:\/\/www.reddit.com\/r\/HarryPotteronHBO\/comments\/1ovbq1e\/additional_angles_of_flying_lesson_filming_parvati\/\" rel=\"nofollow noopener\" target=\"_blank\">Additional Angles of Flying Lesson Filming + Parvati (?)<\/a><br \/>by<a href=\"https:\/\/www.reddit.com\/user\/__someone_else\/\" rel=\"nofollow noopener\" target=\"_blank\">u\/__someone_else<\/a> in<a href=\"https:\/\/www.reddit.com\/r\/HarryPotteronHBO\/\" rel=\"nofollow noopener\" target=\"_blank\">HarryPotteronHBO<\/a><\/p>\n<\/blockquote>\n<p><\/p>\n<p><a href=\"https:\/\/cinepop.com.br\/voldemort-pode-virar-mulher-na-serie-de-harry-potter-afirma-insider-694097\/\" rel=\"nofollow noopener\" target=\"_blank\">Voldemort pode ser interpretado por uma mulher na s\u00e9rie de \u2018Harry Potter\u2019, afirma insider<\/a><\/p>\n<p><a href=\"https:\/\/cinepop.com.br\/harry-potter-cillian-murphy-aborda-rumores-de-que-interpretara-voldemort-na-serie-da-hbo-692172\/\" rel=\"nofollow noopener\" target=\"_blank\">\u2018Harry Potter\u2019: Cillian Murphy aborda rumores de que interpretar\u00e1 Voldemort na s\u00e9rie da HBO<\/a><\/p>\n<p>Vale lembrar que o\u00a0reboot ainda contar\u00e1 com\u00a0<strong>Dominic McLaughlin<\/strong> (Harry) e\u00a0<strong>Arabella Stanton<\/strong> (Hermione) como protagonistas.<\/p>\n<p>O elenco inclui:<\/p>\n<ul>\n<li><strong>John Lithgow<\/strong> como Alvo Dumbledore<\/li>\n<li><strong><a href=\"https:\/\/cinepop.com.br\/tag\/janet-mcteer\/\" title=\"Janet McTeer\" rel=\"nofollow noopener\" target=\"_blank\">Janet McTeer<\/a><\/strong> como Minerva McGonagall<\/li>\n<li><strong><a href=\"https:\/\/cinepop.com.br\/tag\/paapa-essiedu\/\" title=\"Paapa Essiedu\" rel=\"nofollow noopener\" target=\"_blank\">Paapa Essiedu<\/a><\/strong> como Severo Snape<\/li>\n<li><strong>Luke Thallon<\/strong> como Prof\u00ba Quirrell<\/li>\n<li><strong>Paul Whitehouse<\/strong> como Argus Filch<\/li>\n<li><strong>Johnny Flynn<\/strong> como L\u00facio Malfoy<\/li>\n<li><strong>Katherine Parkinson<\/strong> como Molly Weasley<\/li>\n<li><strong><a href=\"https:\/\/cinepop.com.br\/tag\/louise-brealey\/\" title=\"Louise Brealey\" rel=\"nofollow noopener\" target=\"_blank\">Louise Brealey<\/a><\/strong> como Madame Rolanda Hooch<\/li>\n<li><strong><a href=\"https:\/\/cinepop.com.br\/tag\/anton-lesser\/\" title=\"Anton Lesser\" rel=\"nofollow noopener\" target=\"_blank\">Anton Lesser<\/a><\/strong> como Garrick Olivaras<\/li>\n<li><strong>Bel<\/strong> <strong>Powley<\/strong> como Pet\u00fania Dursley<\/li>\n<li><strong>Daniel Rigby<\/strong> como V\u00e1lter Dursley<\/li>\n<li><strong><a href=\"https:\/\/cinepop.com.br\/tag\/amos-kitson\/\" title=\"Amos Kitson\" rel=\"nofollow noopener\" target=\"_blank\">Amos Kitson<\/a><\/strong> como Duda Dursley<\/li>\n<li><strong>Nick Frost<\/strong> como R\u00fabeo Hagrid<\/li>\n<li><strong><a href=\"https:\/\/cinepop.com.br\/tag\/gracie-cochrane\/\" title=\"Gracie Cochrane\" rel=\"nofollow noopener\" target=\"_blank\">Gracie Cochrane<\/a><\/strong> como Gina Weasley<\/li>\n<li><strong>Katherine Parkinson<\/strong> como Molly Weasley<\/li>\n<li><strong><a href=\"https:\/\/cinepop.com.br\/tag\/tristan-harland\/\" title=\"Tristan Harland\" rel=\"nofollow noopener\" target=\"_blank\">Tristan Harland<\/a><\/strong> como Fred Weasley<\/li>\n<li><strong><a href=\"https:\/\/cinepop.com.br\/tag\/gabriel-harland\/\" title=\"Gabriel Harland\" rel=\"nofollow noopener\" target=\"_blank\">Gabriel Harland<\/a><\/strong> como George Weasley<\/li>\n<li><strong><a href=\"https:\/\/cinepop.com.br\/tag\/ruari-spooner\/\" title=\"Ruari Spooner\" rel=\"nofollow noopener\" target=\"_blank\">Ruari Spooner<\/a><\/strong> como Percy Weasley<\/li>\n<li><strong><a href=\"https:\/\/cinepop.com.br\/tag\/warwick-davis\/\" title=\"Warwick Davis\" rel=\"nofollow noopener\" target=\"_blank\">Warwick Davis<\/a><\/strong> como Filius Flitwick<\/li>\n<li><strong><a href=\"https:\/\/cinepop.com.br\/tag\/elijah-oshin\/\" title=\"Elijah Oshin\" rel=\"nofollow noopener\" target=\"_blank\">Elijah Oshin<\/a><\/strong> como Dino Thomas<\/li>\n<li><strong><a href=\"https:\/\/cinepop.com.br\/tag\/finn-stephens\/\" title=\"Finn Stephens\" rel=\"nofollow noopener\" target=\"_blank\">Finn Stephens<\/a><\/strong> como Vincent Crabbe<\/li>\n<li><strong><a href=\"https:\/\/cinepop.com.br\/tag\/william-nash\/\" title=\"William Nash\" rel=\"nofollow noopener\" target=\"_blank\">William Nash<\/a><\/strong> como Greg\u00f3rio Goyle.<\/li>\n<\/ul>\n<p><strong>Francesca Gardiner<\/strong> entra como roteirista e showrunner.<\/p>\n<p>Sem data de estreia, a primeira e a segunda temporadas devem contar com\u00a0<strong>seis epis\u00f3dios cada<\/strong>, segundo informa\u00e7\u00f5es recentes.<\/p>\n<p><strong><a href=\"https:\/\/cinepop.com.br\/tag\/j-k-rowling\/\" title=\"J.K. Rowling\" rel=\"nofollow noopener\" target=\"_blank\">J.K. Rowling<\/a><\/strong>, autora da saga de romances original, assume a cadeira de produtora executiva ao lado de<strong> Neil Blair<\/strong> e <strong>Ruth Kenley-Letts<\/strong>.<\/p>\n","protected":false},"excerpt":{"rendered":"As grava\u00e7\u00f5es da s\u00e9rie\u00a0reboot de\u00a0\u2018Harry Potter\u2019 migraram para o condado ingl\u00eas de Hertfordshire \u2013 e novas imagens de&hellip;\n","protected":false},"author":2,"featured_media":152383,"comment_status":"","ping_status":"","sticky":false,"template":"","format":"standard","meta":{"footnotes":""},"categories":[140],"tags":[13505,9336,13506,13507,13508,13509,13510,13511,13512,13513,9276,13514,11420,13515,13240,13516,3913,13517,13089,13518,13519,13520,13521,20666,114,115,12967,3639,1747,147,148,20667,13522,13523,13524,13525,700,13526,13527,13528,13529,13530,13531,9334,13532,13533,13534,13535,13536,12384,1627,146,13537,13538,13539,9337,32,33,13540,13541,13542,13543,13544,13545,13546,13547,13548,13549,13550,13551,15784,20669,12319],"class_list":{"0":"post-152382","1":"post","2":"type-post","3":"status-publish","4":"format-standard","5":"has-post-thumbnail","7":"category-filmes","8":"tag-alison-sudol","9":"tag-amber-heard","10":"tag-amos-kitson","11":"tag-animais-fantasticos-2","12":"tag-animais-fantasticos-3","13":"tag-animais-fantasticos-e-onde-habitam","14":"tag-animais-fantasticos-os-crimes-de-grindelwald","15":"tag-animais-fantasticos-os-segredos-de-dumbledore","16":"tag-ann-sarnoff","17":"tag-anton-lesser","18":"tag-bilheteria","19":"tag-bilheteria-eua","20":"tag-callum-turner","21":"tag-central-do-brasil","22":"tag-chris-columbus","23":"tag-cillian-murphy","24":"tag-coronavirus","25":"tag-dan-fogler","26":"tag-david-heyman","27":"tag-david-tennan","28":"tag-david-yates","29":"tag-david-zaslav","30":"tag-eddie-redmayne","31":"tag-elijah-oshin","32":"tag-entertainment","33":"tag-entretenimento","34":"tag-ezra-miller","35":"tag-featured","36":"tag-fernanda-montenegro","37":"tag-film","38":"tag-filmes","39":"tag-finn-stephens","40":"tag-gabriel-harland","41":"tag-gracie-cochrane","42":"tag-gwyneth-paltrow","43":"tag-hannibal","44":"tag-harry-potter","45":"tag-harry-potter-e-a-crianca-amaldicoada","46":"tag-harry-potter-e-a-pedra-filosofal","47":"tag-j-k-rowling","48":"tag-janet-mcteer","49":"tag-jason-isaacs","50":"tag-jessica-williams","51":"tag-johnny-depp","52":"tag-jude-law","53":"tag-katherine-waterston","54":"tag-lionel-wigram","55":"tag-louise-brealey","56":"tag-mads-mikkelsen","57":"tag-margot-robbie","58":"tag-max","59":"tag-movies","60":"tag-o-senhor-dos-aneis","61":"tag-oppenheimer","62":"tag-paapa-essiedu","63":"tag-piratas-do-caribe","64":"tag-portugal","65":"tag-pt","66":"tag-ralph-fiennes","67":"tag-rory-wilmot","68":"tag-ruari-spooner","69":"tag-steve-kloves","70":"tag-steven-kloves","71":"tag-the-batman","72":"tag-tim-lewis","73":"tag-toby-emmerich","74":"tag-tristan-harland","75":"tag-universo-magico-de-harry-potter","76":"tag-walt-disney","77":"tag-warner-bros-pictures-group","78":"tag-warwick-davis","79":"tag-william-nash","80":"tag-zoe-kravitz"},"share_on_mastodon":{"url":"","error":"Validation failed: Text character limit of 500 exceeded"},"_links":{"self":[{"href":"https:\/\/www.europesays.com\/pt\/wp-json\/wp\/v2\/posts\/152382","targetHints":{"allow":["GET"]}}],"collection":[{"href":"https:\/\/www.europesays.com\/pt\/wp-json\/wp\/v2\/posts"}],"about":[{"href":"https:\/\/www.europesays.com\/pt\/wp-json\/wp\/v2\/types\/post"}],"author":[{"embeddable":true,"href":"https:\/\/www.europesays.com\/pt\/wp-json\/wp\/v2\/users\/2"}],"replies":[{"embeddable":true,"href":"https:\/\/www.europesays.com\/pt\/wp-json\/wp\/v2\/comments?post=152382"}],"version-history":[{"count":0,"href":"https:\/\/www.europesays.com\/pt\/wp-json\/wp\/v2\/posts\/152382\/revisions"}],"wp:featuredmedia":[{"embeddable":true,"href":"https:\/\/www.europesays.com\/pt\/wp-json\/wp\/v2\/media\/152383"}],"wp:attachment":[{"href":"https:\/\/www.europesays.com\/pt\/wp-json\/wp\/v2\/media?parent=152382"}],"wp:term":[{"taxonomy":"category","embeddable":true,"href":"https:\/\/www.europesays.com\/pt\/wp-json\/wp\/v2\/categories?post=152382"},{"taxonomy":"post_tag","embeddable":true,"href":"https:\/\/www.europesays.com\/pt\/wp-json\/wp\/v2\/tags?post=152382"}],"curies":[{"name":"wp","href":"https:\/\/api.w.org\/{rel}","templated":true}]}}