{"id":152389,"date":"2025-11-15T02:18:10","date_gmt":"2025-11-15T02:18:10","guid":{"rendered":"https:\/\/www.europesays.com\/pt\/152389\/"},"modified":"2025-11-15T02:18:10","modified_gmt":"2025-11-15T02:18:10","slug":"relampago-atinge-aviao-da-tap-pouco-depois-de-descolar-e-obriga-a-regresso-a-lisboa-tap","status":"publish","type":"post","link":"https:\/\/www.europesays.com\/pt\/152389\/","title":{"rendered":"Rel\u00e2mpago atinge avi\u00e3o da TAP pouco depois de descolar e obriga a regresso a Lisboa | TAP"},"content":{"rendered":"<p>Um avi\u00e3o da TAP que saiu esta sexta-feira de Lisboa em direc\u00e7\u00e3o a Veneza foi atingido por um rel\u00e2mpago, ainda em espa\u00e7o a\u00e9reo portugu\u00eas, e foi obrigado a regressar ao Aeroporto Humberto Delgado, confirmou a companhia a\u00e9rea \u00e0 <a href=\"https:\/\/sicnoticias.pt\/pais\/2025-11-14-relampago-atinge-aviao-da-tap-apos-descolagem-e-forca-regresso-a-lisboa-1364eb0a\" target=\"_blank\" rel=\"nofollow noopener\">SIC<\/a><a href=\"https:\/\/sicnoticias.pt\/pais\/2025-11-14-relampago-atinge-aviao-da-tap-apos-descolagem-e-forca-regresso-a-lisboa-1364eb0a\" target=\"_blank\" rel=\"nofollow noopener\"> Not\u00edcias.<\/a><\/p>\n<p>O Airbus A320 partiu de Lisboa pelas 13h30 (voo TP862), mas, por precau\u00e7\u00e3o, teve de regressar ao aeroporto. O avi\u00e3o aterrou em seguran\u00e7a e os passageiros foram encaminhados para outro voo, que aterrou em Veneza pelas 21h.<\/p>\n<p>Segundo a <a href=\"https:\/\/cnnportugal.iol.pt\/tap\/raio\/aviao-da-tap-atingido-por-um-raio-obrigado-a-regressar-a-lisboa\/20251114\/6917b104d34e2bd5c6d408cf\" target=\"_blank\" rel=\"nofollow noopener\">CNN<\/a>, o raio ter\u00e1 atingido aquela aeronave quando esta sobrevoava Ponte de S\u00f4r. A descarga el\u00e9ctrica ter\u00e1 provocado a perda de pot\u00eancia de um dos motores e o piloto ter\u00e1 recebido a indica\u00e7\u00e3o de uma falha na propuls\u00e3o do avi\u00e3o.<\/p>\n<p>O avi\u00e3o permanecer\u00e1 no Aeroporto Humberto Delgado para ser alvo de manuten\u00e7\u00e3o.<\/p>\n<p>Portugal ainda sente os efeitos da <a href=\"https:\/\/www.publico.pt\/2025\/11\/14\/sociedade\/noticia\/mau-tempo-chuva-forte-continua-causou-2434-ocorrencias-ha-39-pessoas-desalojadas-2154599\" target=\"_blank\" rel=\"nofollow noopener\">depress\u00e3o <\/a><a href=\"https:\/\/www.publico.pt\/2025\/11\/14\/sociedade\/noticia\/mau-tempo-chuva-forte-continua-causou-2434-ocorrencias-ha-39-pessoas-desalojadas-2154599\" target=\"_blank\" rel=\"nofollow noopener\">Cl\u00e1udia<\/a>. Entre as 14h e as 22h desta sexta-feira foram registadas 2806 ocorr\u00eancias relacionadas com o mau tempo. Duas pessoas morreram em Fern\u00e3o Ferro e h\u00e1 32 deslocados.<\/p>\n","protected":false},"excerpt":{"rendered":"Um avi\u00e3o da TAP que saiu esta sexta-feira de Lisboa em direc\u00e7\u00e3o a Veneza foi atingido por um&hellip;\n","protected":false},"author":2,"featured_media":152390,"comment_status":"","ping_status":"","sticky":false,"template":"","format":"standard","meta":{"footnotes":""},"categories":[10],"tags":[995,2233,32954,1310,27,28,15,16,14,25,26,797,21,22,8532,12,13,19,20,32955,32,23,24,33,58,1365,17,18,32956,29,30,31,232],"class_list":{"0":"post-152389","1":"post","2":"type-post","3":"status-publish","4":"format-standard","5":"has-post-thumbnail","7":"category-portugal","8":"tag-abre-conteudo","9":"tag-aeroporto-humberto-delgado","10":"tag-airbus-a320","11":"tag-aviacao","12":"tag-breaking-news","13":"tag-breakingnews","14":"tag-featured-news","15":"tag-featurednews","16":"tag-headlines","17":"tag-latest-news","18":"tag-latestnews","19":"tag-lisboa","20":"tag-main-news","21":"tag-mainnews","22":"tag-mau-tempo","23":"tag-news","24":"tag-noticias","25":"tag-noticias-principais","26":"tag-noticiasprincipais","27":"tag-ponte-de-sor","28":"tag-portugal","29":"tag-principais-noticias","30":"tag-principaisnoticias","31":"tag-pt","32":"tag-sociedade","33":"tag-tap","34":"tag-top-stories","35":"tag-topstories","36":"tag-transporte-aereo","37":"tag-ultimas","38":"tag-ultimas-noticias","39":"tag-ultimasnoticias","40":"tag-veneza"},"share_on_mastodon":{"url":"","error":"Validation failed: Text character limit of 500 exceeded"},"_links":{"self":[{"href":"https:\/\/www.europesays.com\/pt\/wp-json\/wp\/v2\/posts\/152389","targetHints":{"allow":["GET"]}}],"collection":[{"href":"https:\/\/www.europesays.com\/pt\/wp-json\/wp\/v2\/posts"}],"about":[{"href":"https:\/\/www.europesays.com\/pt\/wp-json\/wp\/v2\/types\/post"}],"author":[{"embeddable":true,"href":"https:\/\/www.europesays.com\/pt\/wp-json\/wp\/v2\/users\/2"}],"replies":[{"embeddable":true,"href":"https:\/\/www.europesays.com\/pt\/wp-json\/wp\/v2\/comments?post=152389"}],"version-history":[{"count":0,"href":"https:\/\/www.europesays.com\/pt\/wp-json\/wp\/v2\/posts\/152389\/revisions"}],"wp:featuredmedia":[{"embeddable":true,"href":"https:\/\/www.europesays.com\/pt\/wp-json\/wp\/v2\/media\/152390"}],"wp:attachment":[{"href":"https:\/\/www.europesays.com\/pt\/wp-json\/wp\/v2\/media?parent=152389"}],"wp:term":[{"taxonomy":"category","embeddable":true,"href":"https:\/\/www.europesays.com\/pt\/wp-json\/wp\/v2\/categories?post=152389"},{"taxonomy":"post_tag","embeddable":true,"href":"https:\/\/www.europesays.com\/pt\/wp-json\/wp\/v2\/tags?post=152389"}],"curies":[{"name":"wp","href":"https:\/\/api.w.org\/{rel}","templated":true}]}}