{"id":152395,"date":"2025-11-15T02:24:13","date_gmt":"2025-11-15T02:24:13","guid":{"rendered":"https:\/\/www.europesays.com\/pt\/152395\/"},"modified":"2025-11-15T02:24:13","modified_gmt":"2025-11-15T02:24:13","slug":"apos-um-ano-de-disputa-judicial-caso-newjeans-x-ador-se-encerra","status":"publish","type":"post","link":"https:\/\/www.europesays.com\/pt\/152395\/","title":{"rendered":"Ap\u00f3s um ano de disputa judicial, caso NewJeans x ADOR se encerra"},"content":{"rendered":"<p>Nesta sexta-feira, 14 de novembro, se encerra oficialmente a disputa legal entre o <a href=\"https:\/\/recreio.com.br\/tags\/k-pop\" target=\"_blank\" rel=\"noopener nofollow\">NewJeans<\/a> e a subsidi\u00e1ria da HYBE, ADOR, ap\u00f3s as cantoras decidirem n\u00e3o apresentar recurso em rela\u00e7\u00e3o \u00e0 decis\u00e3o de primeira inst\u00e2ncia no processo movido pela gravadora que buscou a confirma\u00e7\u00e3o da validade do contrato exclusivo entre as partes.<\/p>\n<p>De acordo com a imprensa sul-coreana, o prazo limite para recorrer \u00e0 resolu\u00e7\u00e3o era meia-noite do dia 13 de novembro, contados a partir do dia em que o veredicto foi anunciado. Assim, o encerramento marca o fim de um processo que durou quase um ano desde a rescis\u00e3o unilateral anunciada pelo <a href=\"https:\/\/x.com\/NewJeans_ADOR\" target=\"_blank\" rel=\"noopener nofollow\">grupo<\/a> em 29 de novembro do ano passado.<\/p>\n<p>A decis\u00e3o contrasta com a postura inicial das <a href=\"https:\/\/en.wikipedia.org\/wiki\/NewJeans\" target=\"_blank\" rel=\"noopener nofollow\">artistas<\/a>, que, ap\u00f3s perderem o primeiro julgamento em 30 de outubro, afirmaram por meio do escrit\u00f3rio de advocacia Sejong que pretendiam apelar. Na \u00e9poca, as estrelas disseram respeitar o tribunal, mas refor\u00e7aram que \u201cna situa\u00e7\u00e3o atual em que a confian\u00e7a com a ADOR est\u00e1 completamente quebrada, \u00e9 imposs\u00edvel retornar \u00e0 ADOR e continuar as atividades normais\u201d.<\/p>\n<p> Mas, e agora? <\/p>\n<p>No dia 12 de novembro, a ADOR oficializou o <a href=\"https:\/\/recreio.com.br\/noticias\/entretenimento\/apos-decisao-do-tribunal-integrantes-do-newjeans-anunciam-retorno-a-ador.phtml\" target=\"_blank\" rel=\"noopener nofollow\">retorno de <strong>Haerin<\/strong> e <strong>Hyein<\/strong><\/a>, afirmando que ambas decidiram \u201crespeitar a decis\u00e3o do tribunal e cumprir o contrato exclusivo\u201d. A empresa tamb\u00e9m pediu que os f\u00e3s \u201cevitem especula\u00e7\u00f5es infundadas\u201d. Horas depois, <strong>Minji, Hanni<\/strong> e <strong>Danielle<\/strong> divulgaram um comunicado separado afirmando que tamb\u00e9m retornariam \u00e0 gravadora.<\/p>\n<p>A subsidi\u00e1ria da <a href=\"https:\/\/www.hybecorp.com\/kor\/main\" target=\"_blank\" rel=\"noopener nofollow\">HYBE<\/a> informou ainda que realizar\u00e1 reuni\u00f5es individuais com todas as cinco artistas para ajustar etapas do retorno, refor\u00e7ando que os contratos exclusivos permanecem v\u00e1lidos at\u00e9 31 de julho de 2029, e confirmou planos para apoiar integralmente as atividades do grupo, incluindo o lan\u00e7amento de um \u00e1lbum completo ap\u00f3s a reintegra\u00e7\u00e3o oficial.<\/p>\n<p>Ainda no dia 30 de outubro, ap\u00f3s a decis\u00e3o judicial, a ADOR declarou que continuar\u00e1 a cumprir suas obriga\u00e7\u00f5es contratuais e que j\u00e1 est\u00e1 preparada para retomar as atividades do grupo.<\/p>\n","protected":false},"excerpt":{"rendered":"Nesta sexta-feira, 14 de novembro, se encerra oficialmente a disputa legal entre o NewJeans e a subsidi\u00e1ria da&hellip;\n","protected":false},"author":2,"featured_media":152396,"comment_status":"","ping_status":"","sticky":false,"template":"","format":"standard","meta":{"footnotes":""},"categories":[141],"tags":[28783,114,115,2345,1688,149,150,28785,32,33],"class_list":{"0":"post-152395","1":"post","2":"type-post","3":"status-publish","4":"format-standard","5":"has-post-thumbnail","7":"category-musica","8":"tag-ador","9":"tag-entertainment","10":"tag-entretenimento","11":"tag-hybe","12":"tag-k-pop","13":"tag-music","14":"tag-musica","15":"tag-newjeans","16":"tag-portugal","17":"tag-pt"},"share_on_mastodon":{"url":"https:\/\/pubeurope.com\/@pt\/115551342661771225","error":""},"_links":{"self":[{"href":"https:\/\/www.europesays.com\/pt\/wp-json\/wp\/v2\/posts\/152395","targetHints":{"allow":["GET"]}}],"collection":[{"href":"https:\/\/www.europesays.com\/pt\/wp-json\/wp\/v2\/posts"}],"about":[{"href":"https:\/\/www.europesays.com\/pt\/wp-json\/wp\/v2\/types\/post"}],"author":[{"embeddable":true,"href":"https:\/\/www.europesays.com\/pt\/wp-json\/wp\/v2\/users\/2"}],"replies":[{"embeddable":true,"href":"https:\/\/www.europesays.com\/pt\/wp-json\/wp\/v2\/comments?post=152395"}],"version-history":[{"count":0,"href":"https:\/\/www.europesays.com\/pt\/wp-json\/wp\/v2\/posts\/152395\/revisions"}],"wp:featuredmedia":[{"embeddable":true,"href":"https:\/\/www.europesays.com\/pt\/wp-json\/wp\/v2\/media\/152396"}],"wp:attachment":[{"href":"https:\/\/www.europesays.com\/pt\/wp-json\/wp\/v2\/media?parent=152395"}],"wp:term":[{"taxonomy":"category","embeddable":true,"href":"https:\/\/www.europesays.com\/pt\/wp-json\/wp\/v2\/categories?post=152395"},{"taxonomy":"post_tag","embeddable":true,"href":"https:\/\/www.europesays.com\/pt\/wp-json\/wp\/v2\/tags?post=152395"}],"curies":[{"name":"wp","href":"https:\/\/api.w.org\/{rel}","templated":true}]}}