{"id":152397,"date":"2025-11-15T02:25:09","date_gmt":"2025-11-15T02:25:09","guid":{"rendered":"https:\/\/www.europesays.com\/pt\/152397\/"},"modified":"2025-11-15T02:25:09","modified_gmt":"2025-11-15T02:25:09","slug":"exclusivo-rodrigo-santoro-se-abre-sobre-o-filho-de-mil-homens-e-diz-como-filme-pode-ser-uma-esperanca-para-a-sociedade-assista-hugo-gloss","status":"publish","type":"post","link":"https:\/\/www.europesays.com\/pt\/152397\/","title":{"rendered":"Exclusivo: Rodrigo Santoro se abre sobre &quot;O Filho de Mil Homens&quot;, e diz como filme pode ser uma esperan\u00e7a para a sociedade; assista &#8211; Hugo Gloss"},"content":{"rendered":"<ol>\n<li><a href=\"https:\/\/news.google.com\/rss\/articles\/CBMi_AFBVV95cUxOSXEzYXJjSE9MMWVKWjVnNm44NWZhdDRCSkhWamxtN0l3Z1o5QnlkUGNja3BmS0FYeDNMN0NoMDdaeUtXSVZoQnUtQ19wU2xpVEF3eW9DODluWFpTMjY4NVZIQWs5aXV6TmVkRGxMdFZRU2JXcWZJVmRndDFCUWZEb0tWTkF2UUR4OUc0TktwRDlrWGdNQXpfSUdtTG95ckdyajJINjZuMmdXaEp5YXdGN0xJNkR1V19qRU5SRHhNVGFZVjRNSHBZRFZaRng2Rnk1SzZsU2hwelFzcTQxaGUtekh4WWhfazdYaW1raDUyMWpkaENXQ3lubldOZXE?oc=5\" target=\"_blank\" rel=\"nofollow noopener\">Exclusivo: Rodrigo Santoro se abre sobre &#8220;O Filho de Mil Homens&#8221;, e diz como filme pode ser uma esperan\u00e7a para a sociedade; assista<\/a>&nbsp;&nbsp;Hugo Gloss<\/li>\n<li><a href=\"https:\/\/news.google.com\/rss\/articles\/CBMitAJBVV95cUxOSUNGUlBZSGNsSzYtbzJTQkdJdlV1YktIVktycVR1dC1NSDRVcVpYRnBneEI5UXhGcXZlbjRWVG5ySkdzd284NGxLY20wYXV4ZnRjQW9VQUJITDdhRUllMlhQM016MjktQUhKc290N3BBaXVxRGJxWm9FX3ZvQ1EyUXpCTWZkNUpCTW13b1c0dWdqdEdTeE9kcnl4STRmenNyMTJJSkFDc2htNHo2QjVhU3h5TzBCbXZnU1VJUFM3X25qLXdxQzVkMDkwY1JUcmhLaUZ0X1MwbjJPQ2dwWHRIVHd4U3FGRXNBRlNucVNjTnJ0dFFwOHdnTU5HalFSX2FMZ1V4Vl9BVWphQTA5a2lhTmhiNDV4b0ktNmo4R0R2RkFZdVNESjdKdDh5UHZSRHE1M01NUtIBwwJBVV95cUxNRFRnV2o3TTFnZXVyWkhMeWJUbS1Cb3FacUgwUjY1cklMdVczOE53RUs0RGNMSEZKb2hRS0VLbExGTmFfWnN0dm9zbkd1MkEySzI3aXlfcVprOW1NQzh6RWhLcHJfZkx2WFlkY0xqRjQ3U0N6TTlVZ1ZmaG51SE8xWE1aTTlocFJLT05ZRU03azRmUExhSkg3SFJhMWZFeUYzT1lnUTN3S3JBcnlvbzE3Y1ZxbGlwaXNWQndPN0VQRkJGY29lYjdOcjlGdkNrb01PUkxnVTRqUG9EY1FtcFBLUHpBdXRxOXV6T0NmSjBzNC14NjhsRWQ2TTBmWF8wTVNpR09UVlU4bzBwRmQ4djlJU1pvWkpmOHdYeTVSdXNYNkowdjNhLWQwYmxLVHNjdThLTUJxbzVfa0NLTkFtbURhLWQ3UQ?oc=5\" target=\"_blank\" rel=\"nofollow noopener\">Rodrigo Santoro diz que protagonista de filme baseado na obra de Valter Hugo M\u00e3e foi &#8216;mergulho na inf\u00e2ncia&#8217;: &#8216;Acessei lugares que est\u00e3o dentro de mim&#8217;<\/a>&nbsp;&nbsp;O Globo<\/li>\n<li><a href=\"https:\/\/news.google.com\/rss\/articles\/CBMipwFBVV95cUxNR00zZnhwOThWNkhIUzVTRFdRbDVlc19BRlc0LTl5MnZPdjg4aWJkaGIzZlBTZ3FIR2tjR21JNlBrVXlIT2luSVE0TTl3RFYySHZUdXI2dlJHNVk5U2VCUDdCS1MtX1FHUkdPVXdPSjRHNmdyMGNldlBVdlR6VWFhOVd2VDNzQ1ZHdWJtWWpMaHNyUUE4eXNVaVljS0w2cFQyR19scGhfOA?oc=5\" target=\"_blank\" rel=\"nofollow noopener\">\u201cFam\u00edlia \u00e9 um sentimento\u201d, diz diretor de \u2018O Filho de Mil Homens\u2019<\/a>&nbsp;&nbsp;VEJA<\/li>\n<li><a href=\"https:\/\/news.google.com\/rss\/articles\/CBMiigFBVV95cUxPVE5PNnB4VldlMjVpMnNaVDg5R08tYUp1WTRjTUNtQ3JHR0ZQSjBrVzBRTVBmVThmZlVSOXJUNi10M2Z2U3RnYlZSZ0VOdEdLZm5fV05YTEFfQ2F5a1ZiRFJXYkhQWVRQSHoyUjZLeEx1VHdVbld5ZTRiUlljZ0VZdU1qNmZMOFhrWlE?oc=5\" target=\"_blank\" rel=\"nofollow noopener\">Daniel Rezende realiza o &#8220;imposs\u00edvel&#8221; em adapta\u00e7\u00e3o de O Filho de Mil Homens, de Valter Hugo M\u00e3e<\/a>&nbsp;&nbsp;cinebuzz.com.br<\/li>\n<li><a href=\"https:\/\/news.google.com\/rss\/articles\/CBMisAFBVV95cUxPS2JtM1NIbFNSYlZLUnRVQ1NySGJwQk5mZ0xCUWVSVG92bVo5MTIwYUYtQml2RGpPelozM1pBbDVtVUViUlA5cTZBbVVJaWVVNlNHZU9Nc3BqWGVFZDdpNW5ZX0F2bGNweHhGZFBIT3dpV3dmeG45NkpVdHpmMGEzS0lyUWdjRVRTcjRGVU56dkUydmZ0YjhmdlN0azNXNXZRb1RILVBOck9xOExiemdKZw?oc=5\" target=\"_blank\" rel=\"nofollow noopener\">Os percal\u00e7os de Rodrigo Santoro em novo filme da Netflix: \u2018castigado\u2019<\/a>&nbsp;&nbsp;VEJA<\/li>\n<\/ol>\n","protected":false},"excerpt":{"rendered":"Exclusivo: Rodrigo Santoro se abre sobre &#8220;O Filho de Mil Homens&#8221;, e diz como filme pode ser uma&hellip;\n","protected":false},"author":2,"featured_media":144952,"comment_status":"","ping_status":"","sticky":false,"template":"","format":"standard","meta":{"footnotes":""},"categories":[140],"tags":[114,115,147,148,146,32,33],"class_list":{"0":"post-152397","1":"post","2":"type-post","3":"status-publish","4":"format-standard","5":"has-post-thumbnail","7":"category-filmes","8":"tag-entertainment","9":"tag-entretenimento","10":"tag-film","11":"tag-filmes","12":"tag-movies","13":"tag-portugal","14":"tag-pt"},"share_on_mastodon":{"url":"https:\/\/pubeurope.com\/@pt\/115551346730632162","error":""},"_links":{"self":[{"href":"https:\/\/www.europesays.com\/pt\/wp-json\/wp\/v2\/posts\/152397","targetHints":{"allow":["GET"]}}],"collection":[{"href":"https:\/\/www.europesays.com\/pt\/wp-json\/wp\/v2\/posts"}],"about":[{"href":"https:\/\/www.europesays.com\/pt\/wp-json\/wp\/v2\/types\/post"}],"author":[{"embeddable":true,"href":"https:\/\/www.europesays.com\/pt\/wp-json\/wp\/v2\/users\/2"}],"replies":[{"embeddable":true,"href":"https:\/\/www.europesays.com\/pt\/wp-json\/wp\/v2\/comments?post=152397"}],"version-history":[{"count":0,"href":"https:\/\/www.europesays.com\/pt\/wp-json\/wp\/v2\/posts\/152397\/revisions"}],"wp:featuredmedia":[{"embeddable":true,"href":"https:\/\/www.europesays.com\/pt\/wp-json\/wp\/v2\/media\/144952"}],"wp:attachment":[{"href":"https:\/\/www.europesays.com\/pt\/wp-json\/wp\/v2\/media?parent=152397"}],"wp:term":[{"taxonomy":"category","embeddable":true,"href":"https:\/\/www.europesays.com\/pt\/wp-json\/wp\/v2\/categories?post=152397"},{"taxonomy":"post_tag","embeddable":true,"href":"https:\/\/www.europesays.com\/pt\/wp-json\/wp\/v2\/tags?post=152397"}],"curies":[{"name":"wp","href":"https:\/\/api.w.org\/{rel}","templated":true}]}}