{"id":152398,"date":"2025-11-15T02:26:09","date_gmt":"2025-11-15T02:26:09","guid":{"rendered":"https:\/\/www.europesays.com\/pt\/152398\/"},"modified":"2025-11-15T02:26:09","modified_gmt":"2025-11-15T02:26:09","slug":"fc-porto-tem-plano-para-a-defesa-no-mercado-de-janeiro","status":"publish","type":"post","link":"https:\/\/www.europesays.com\/pt\/152398\/","title":{"rendered":"FC Porto tem plano para a defesa no mercado de janeiro"},"content":{"rendered":"<p>&#8211; Advertisement &#8211;<\/p>\n<p><strong>O FC Porto est\u00e1 disposto a contratar um novo defesa central no mercado de janeiro. A chegada de um lateral est\u00e1 descartada.<\/strong><\/p>\n<p>De acordo com o jornal A Bola, o FC Porto quer fechar a aquisi\u00e7\u00e3o por empr\u00e9stimo de um novo central no pr\u00f3ximo mercado de transfer\u00eancias, face \u00e0 les\u00e3o de Nehu\u00e9n P\u00e9rez, <a href=\"https:\/\/bolanarede.pt\/especial-bola-na-rede\/atualidade\/nehuen-perez-foi-operado-a-uma-rotura-total-do-tendao-de-aquiles-e-tem-resto-da-epoca-pelo-fc-porto-em-risco\/\" target=\"_blank\" rel=\"noreferrer noopener nofollow\">que vai retirar o argentino dos relvados por v\u00e1rios meses<\/a>. J\u00e1 para a lateral esquerda, n\u00e3o est\u00e1 prevista nenhuma mudan\u00e7a.<\/p>\n<p>Zaidu Sanusi deve desfalcar a forma\u00e7\u00e3o orientada por Francesco Farioli em parte dos meses de dezembro e janeiro, devido \u00e0 participa\u00e7\u00e3o da Nig\u00e9ria na CAN, ficando Francisco Moura como \u00fanico jogador capaz de desempenhar a fun\u00e7\u00e3o.<\/p>\n<p>Por\u00e9m, os drag\u00f5es podem realizar adapta\u00e7\u00f5es. Martim Fernandes, Jakub Kiwior e Dominik Prpic s\u00e3o plenamente capazes de desempenhar a fun\u00e7\u00e3o. Ainda existem outras alternativas na equipa B e camadas jovens.<\/p>\n","protected":false},"excerpt":{"rendered":"&#8211; Advertisement &#8211; O FC Porto est\u00e1 disposto a contratar um novo defesa central no mercado de janeiro.&hellip;\n","protected":false},"author":2,"featured_media":152399,"comment_status":"","ping_status":"","sticky":false,"template":"","format":"standard","meta":{"footnotes":""},"categories":[87],"tags":[260,135,478,282,32,479,33,134],"class_list":{"0":"post-152398","1":"post","2":"type-post","3":"status-publish","4":"format-standard","5":"has-post-thumbnail","7":"category-desporto","8":"tag-atualidade","9":"tag-desporto","10":"tag-destaques-bnr","11":"tag-fc-porto","12":"tag-portugal","13":"tag-primeira-liga","14":"tag-pt","15":"tag-sports"},"share_on_mastodon":{"url":"https:\/\/pubeurope.com\/@pt\/115551350470593812","error":""},"_links":{"self":[{"href":"https:\/\/www.europesays.com\/pt\/wp-json\/wp\/v2\/posts\/152398","targetHints":{"allow":["GET"]}}],"collection":[{"href":"https:\/\/www.europesays.com\/pt\/wp-json\/wp\/v2\/posts"}],"about":[{"href":"https:\/\/www.europesays.com\/pt\/wp-json\/wp\/v2\/types\/post"}],"author":[{"embeddable":true,"href":"https:\/\/www.europesays.com\/pt\/wp-json\/wp\/v2\/users\/2"}],"replies":[{"embeddable":true,"href":"https:\/\/www.europesays.com\/pt\/wp-json\/wp\/v2\/comments?post=152398"}],"version-history":[{"count":0,"href":"https:\/\/www.europesays.com\/pt\/wp-json\/wp\/v2\/posts\/152398\/revisions"}],"wp:featuredmedia":[{"embeddable":true,"href":"https:\/\/www.europesays.com\/pt\/wp-json\/wp\/v2\/media\/152399"}],"wp:attachment":[{"href":"https:\/\/www.europesays.com\/pt\/wp-json\/wp\/v2\/media?parent=152398"}],"wp:term":[{"taxonomy":"category","embeddable":true,"href":"https:\/\/www.europesays.com\/pt\/wp-json\/wp\/v2\/categories?post=152398"},{"taxonomy":"post_tag","embeddable":true,"href":"https:\/\/www.europesays.com\/pt\/wp-json\/wp\/v2\/tags?post=152398"}],"curies":[{"name":"wp","href":"https:\/\/api.w.org\/{rel}","templated":true}]}}