{"id":152400,"date":"2025-11-15T02:28:46","date_gmt":"2025-11-15T02:28:46","guid":{"rendered":"https:\/\/www.europesays.com\/pt\/152400\/"},"modified":"2025-11-15T02:28:46","modified_gmt":"2025-11-15T02:28:46","slug":"sim-os-jeans-de-cristina-ferreira-prometem-esgotar-eis-a-tendencia-em-calcas-de-ganga","status":"publish","type":"post","link":"https:\/\/www.europesays.com\/pt\/152400\/","title":{"rendered":"Sim, os jeans de Cristina Ferreira prometem esgotar. Eis a tend\u00eancia em cal\u00e7as de ganga"},"content":{"rendered":"<p><a href=\"https:\/\/versa.iol.pt\/cristina-ferreira\/riscas\/cristina-ferreira-preve-tendencia-de-2026-que-ja-entrou-para-a-nossa-lista-de-favoritos\/20251111\/6913085dd34e3caad84b25e7\" rel=\"nofollow noopener\" target=\"_blank\">Cristina Ferreira partilha diariamente os looks que usa no Instagram<\/a>. \u00c9, por isso, uma \u00f3tima fonte de inspira\u00e7\u00e3o para o dia a dia, especialmente quando estamos sem ideias. Tamb\u00e9m mostra as pe\u00e7as da sua marca, a Spaccio by Cristina, e a novidade mais recente chamou a nossa aten\u00e7\u00e3o.\u00a0<\/p>\n<p>Para mais um epis\u00f3dio do Dois \u00e0s 10, o programa que apresenta de manh\u00e3 na TVI, ao lado de Cl\u00e1udio Ramos, a apresentadora decidiu usar os novos jeans da sua marca que seguem v\u00e1rias tend\u00eancias &#8220;vestem mesmo, mesmo bem&#8221;, explica num v\u00eddeo.\u00a0<\/p>\n<p>Estamos a falar de cal\u00e7as feitas com uma ganga &#8220;mais escura&#8221; e corte wide leg, uma silhueta cada vez mais popular que\u00a0aparece nas cole\u00e7\u00e3o de v\u00e1rias marcas e no <a href=\"https:\/\/versa.iol.pt\/princesa-charlene\/monaco\/sim-as-princesas-tambem-usam-jeans-tendencia-e-que-o-diga-charlene-do-monaco\/20251105\/690b3d3dd34e3caad84aed9b\" rel=\"nofollow noopener\" target=\"_blank\">guarda-roupa de caras conhecidas, como\u00a0a Princesa Charlene do M\u00f3naco.<\/a><\/p>\n<p>Para al\u00e9m disto, os jeans em quest\u00e3o t\u00eam tachas prateadas que servem para criar uma esp\u00e9cie de moldura \u00e0 volta das pernas, um detalhe que tamb\u00e9m est\u00e1 na moda e <a href=\"https:\/\/versa.iol.pt\/unhas-de-gel\/manicure\/adeus-polka-dot-esta-e-a-tendencia-de-unhas-de-gel-que-vai-destronar-todas-as-outras\/20251112\/6914b2e8d34e3caad84b35d1\" rel=\"nofollow noopener\" target=\"_blank\">at\u00e9 j\u00e1 passou para as unhas\u00a0destronando o estampado polka dot<\/a>.<\/p>\n<p>Termina o v\u00eddeo com um aviso: &#8220;j\u00e1 sabem que esgosta&#8221;. E, sim, a maioria dos tamanhos j\u00e1 est\u00e1\u00a0 completamente esgotada. Sobra apenas o <a href=\"https:\/\/store.dailycristina.com\/collections\/calcas-1\/products\/jeans-wide-leg-tachas-spaccio-by-cristina_azul?fbclid=PAZnRzaAOC2F5leHRuA2FlbQIxMQBzcnRjBmFwcF9pZA8xMjQwMjQ1NzQyODc0MTQAAacKm1ZuyklG17LMpKXGdebA71WXvNtf7jBoEYRGVWVTS5pRYru0In4EW9ekuQ_aem_o8KO3OYb8igxIWAUZcCAXg\" rel=\"nofollow noopener\" target=\"_blank\">M (38) e o XL (42)<\/a> por \u20ac69,95.<\/p>\n<p>Espreita a galeria de imagens para analisares melhores os jeans e outras sugest\u00f5es de marcas como a Mango ou a Massimo Dutti.<\/p>\n","protected":false},"excerpt":{"rendered":"Cristina Ferreira partilha diariamente os looks que usa no Instagram. \u00c9, por isso, uma \u00f3tima fonte de inspira\u00e7\u00e3o&hellip;\n","protected":false},"author":2,"featured_media":152401,"comment_status":"","ping_status":"","sticky":false,"template":"","format":"standard","meta":{"footnotes":""},"categories":[85],"tags":[1081,166,204,114,115,754,4166,186,1079,32,33,1083,1078,1080],"class_list":{"0":"post-152400","1":"post","2":"type-post","3":"status-publish","4":"format-standard","5":"has-post-thumbnail","7":"category-entretenimento","8":"tag-beleza","9":"tag-cristina-ferreira","10":"tag-design","11":"tag-entertainment","12":"tag-entretenimento","13":"tag-gastronomia","14":"tag-jeans","15":"tag-lifestyle","16":"tag-moda","17":"tag-portugal","18":"tag-pt","19":"tag-tendencia","20":"tag-versa","21":"tag-viagens"},"share_on_mastodon":{"url":"https:\/\/pubeurope.com\/@pt\/115551358395762448","error":""},"_links":{"self":[{"href":"https:\/\/www.europesays.com\/pt\/wp-json\/wp\/v2\/posts\/152400","targetHints":{"allow":["GET"]}}],"collection":[{"href":"https:\/\/www.europesays.com\/pt\/wp-json\/wp\/v2\/posts"}],"about":[{"href":"https:\/\/www.europesays.com\/pt\/wp-json\/wp\/v2\/types\/post"}],"author":[{"embeddable":true,"href":"https:\/\/www.europesays.com\/pt\/wp-json\/wp\/v2\/users\/2"}],"replies":[{"embeddable":true,"href":"https:\/\/www.europesays.com\/pt\/wp-json\/wp\/v2\/comments?post=152400"}],"version-history":[{"count":0,"href":"https:\/\/www.europesays.com\/pt\/wp-json\/wp\/v2\/posts\/152400\/revisions"}],"wp:featuredmedia":[{"embeddable":true,"href":"https:\/\/www.europesays.com\/pt\/wp-json\/wp\/v2\/media\/152401"}],"wp:attachment":[{"href":"https:\/\/www.europesays.com\/pt\/wp-json\/wp\/v2\/media?parent=152400"}],"wp:term":[{"taxonomy":"category","embeddable":true,"href":"https:\/\/www.europesays.com\/pt\/wp-json\/wp\/v2\/categories?post=152400"},{"taxonomy":"post_tag","embeddable":true,"href":"https:\/\/www.europesays.com\/pt\/wp-json\/wp\/v2\/tags?post=152400"}],"curies":[{"name":"wp","href":"https:\/\/api.w.org\/{rel}","templated":true}]}}