{"id":152404,"date":"2025-11-15T02:34:42","date_gmt":"2025-11-15T02:34:42","guid":{"rendered":"https:\/\/www.europesays.com\/pt\/152404\/"},"modified":"2025-11-15T02:34:42","modified_gmt":"2025-11-15T02:34:42","slug":"quem-e-faiksa-alves-o-jeff-de-dona-de-mim","status":"publish","type":"post","link":"https:\/\/www.europesays.com\/pt\/152404\/","title":{"rendered":"Quem \u00e9 Fa\u00edksa Alves, o Jeff de Dona de Mim"},"content":{"rendered":"<p>                        <img width=\"944\" height=\"531\" src=\"https:\/\/www.europesays.com\/pt\/wp-content\/uploads\/2025\/11\/Quem-e-Faiksa-Alves-o-Jeff-de-Dona-de-Mim-944x531.jpg\" class=\"attachment-custom-large size-custom-large article-featured-image\" alt=\"Jeff, interpretado por Fa\u00edska Alves na novela das sete da Globo\" fetchpriority=\"high\" decoding=\"async\"  \/><\/p>\n<p>Fa\u00edska Alves interpreta Jeff em Dona de Mim, a novela das sete (Foto: Globoplay, Reprodu\u00e7\u00e3o)<\/p>\n<p>Aos 24 anos, dan\u00e7arino, modelo e ator, Fa\u00edska Alvez estreou na televis\u00e3o com a novela das sete, Dona de Mim. Na trama, ele interpreta Jeff, um jovem que perdeu o pai v\u00edtima de bala perdida e sonha em se destacar nas batalhas de rima.<\/p>\n<p>Continua depois da publicidade<\/p>\n<p>Vindo do Complexo da Alma, no bairro do Amendoeira, em S\u00e3o Gon\u00e7alo, Fa\u00edska j\u00e1 teve outros trabalhos como ator. Ele participou de projetos como as s\u00e9ries De volta aos 15, da Netflix, e T\u00f4 de Gra\u00e7a, exibida no canal Multishow.<\/p>\n<p>Com os irm\u00e3os Fumassa Alves (seu g\u00eameo) e Geg\u00ea Santos, tamb\u00e9m faz parte do grupo Os 22 do Passinho e administram a marca Kebra, loja que veste desde jovens negros e negras em Alc\u00e2ntara, bairro comercial em S\u00e3o Gon\u00e7alo, a grandes nomes como o cantor Mumuzinho.<\/p>\n<p>Para Fa\u00edska, atuar em uma novela da Globo \u00e9 uma experi\u00eancia \u00fanica e significativa para ele e seu irm\u00e3o g\u00eameo. A estreia da novela, inclusive, foi celebrada com fogos de artif\u00edcio e comemora\u00e7\u00f5es na comunidade em que cresceram.<\/p>\n<p>Continua depois da publicidade<\/p>\n<p>Para al\u00e9m dos trabalhos art\u00edsticos, a dupla \u00e9 reconhecida por divulgar a cultura dos passinhos e por desenvolver o projeto \u201cArte que toca a alma\u201d, que visa transformar a imagem do Complexo da Alma por meio da arte.<\/p>\n<p>No Instagram, onde, juntos, somam mais de um milh\u00e3o de seguidores, os g\u00eameos compartilham ensaios fotogr\u00e1ficos, pe\u00e7as novas da Kebra, momentos durante a grava\u00e7\u00e3o das produ\u00e7\u00f5es que participam e v\u00eddeos engra\u00e7ados sobre hist\u00f3rias em que foram confundidos ou trocados. Essas situa\u00e7\u00f5es acontecem ainda hoje, como lembra Fa\u00edska.<\/p>\n<p>\u2014 Agora, a gente brinca com esse neg\u00f3cio de trocar de lugar, mas quando a gente era crian\u00e7a, n\u00e3o tinha essa consci\u00eancia de que \u00e9ramos t\u00e3o parecidos como as pessoas acham. Hoje, ele est\u00e1 fazendo um projeto e eu outro, a\u00ed na rua perguntam se sou ele e \u00e0s vezes falo que sou para n\u00e3o ter que dar explica\u00e7\u00e3o \u2014 compartilha em entrevista ao jornal Extra.<\/p>\n<p>Continua depois da publicidade<\/p>\n<p>Quem \u00e9 quem em Dona de Mim1<\/p>\n<p>VoltarAvan\u00e7ar<\/p>\n<p><img loading=\"lazy\" decoding=\"async\" width=\"1200\" height=\"675\" data-id=\"7484146\" src=\"https:\/\/www.europesays.com\/pt\/wp-content\/uploads\/2025\/11\/Elenco-Dona-de-Mim-14.jpg\" alt=\"\" class=\"wp-image-7484146\"  \/><\/p>\n<p>Jeff (Fa\u00edska Alves) (Foto: Globo, L\u00e9o Rosario)<\/p>\n<p><img loading=\"lazy\" decoding=\"async\" width=\"1200\" height=\"675\" data-id=\"7484162\" src=\"https:\/\/www.europesays.com\/pt\/wp-content\/uploads\/2025\/10\/Elenco-Dona-de-Mim-26.jpg\" alt=\"Texto da novela Dona de MimLeo (Clara Moneke).Globo\/ Manoella Mello\" class=\"wp-image-7484162\"  \/><\/p>\n<p>Leo (Clara Moneke) (Foto: Globo, Manoella Mello)<\/p>\n<p><img loading=\"lazy\" decoding=\"async\" width=\"1200\" height=\"675\" data-id=\"7484134\" src=\"https:\/\/www.europesays.com\/pt\/wp-content\/uploads\/2025\/11\/Elenco-Dona-de-Mim-29.jpg\" alt=\"Texto da novela Dona de MimSofia (Elis Cabral).Globo\/ Manoella Mello\" class=\"wp-image-7484134\"  \/><\/p>\n<p>Sofia (Elis Cabral) (Foto: Globo, Manoella Mello)<\/p>\n<p><img loading=\"lazy\" decoding=\"async\" width=\"1200\" height=\"675\" data-id=\"7484159\" src=\"https:\/\/www.europesays.com\/pt\/wp-content\/uploads\/2025\/11\/Elenco-Dona-de-Mim-24.jpg\" alt=\"Texto da novela Dona de MimAbel (Tony Ramos)Globo\/ L\u00e9o Rosario\" class=\"wp-image-7484159\"  \/><\/p>\n<p>Abel (Tony Ramos) (Foto: Globo, L\u00e9o Rosario)<\/p>\n<p><img loading=\"lazy\" decoding=\"async\" width=\"1200\" height=\"675\" data-id=\"7484137\" src=\"https:\/\/www.europesays.com\/pt\/wp-content\/uploads\/2025\/11\/Elenco-Dona-de-Mim-32.jpg\" alt=\"Texto da novela Dona de MimFilipa (Claudia Abreu)Globo\/ L\u00e9o Rosario\" class=\"wp-image-7484137\"  \/><\/p>\n<p>Filipa (Claudia Abreu) (Foto: Globo, L\u00e9o Rosario)<\/p>\n<p><img loading=\"lazy\" decoding=\"async\" width=\"1200\" height=\"675\" data-id=\"7484133\" src=\"https:\/\/www.europesays.com\/pt\/wp-content\/uploads\/2025\/11\/Elenco-Dona-de-Mim-28.jpg\" alt=\"Texto da novela Dona de MimRosa (Suely Franco)Globo\/ L\u00e9o Rosario\" class=\"wp-image-7484133\"  \/><\/p>\n<p>Rosa (Suely Franco) (Foto: Globo, L\u00e9o Rosario)<\/p>\n<p><img loading=\"lazy\" decoding=\"async\" width=\"1200\" height=\"675\" data-id=\"7484158\" src=\"https:\/\/www.europesays.com\/pt\/wp-content\/uploads\/2025\/11\/Elenco-Dona-de-Mim-23.jpg\" alt=\"Texto da novela Dona de MimSamuel (Juan Paiva).Globo\/ L\u00e9o Rosario\" class=\"wp-image-7484158\"  \/><\/p>\n<p>Samuel (Juan Paiva) (Foto: Globo, L\u00e9o Rosario)<\/p>\n<p><img loading=\"lazy\" decoding=\"async\" width=\"1200\" height=\"675\" data-id=\"7484168\" src=\"https:\/\/www.europesays.com\/pt\/wp-content\/uploads\/2025\/11\/Elenco-Dona-de-Mim-4.jpg\" alt=\"Davi (Rafa Vitti)Globo\/ L\u00e9o Rosario\" class=\"wp-image-7484168\"  \/><\/p>\n<p>Davi (Rafa Vitti) (Foto: Globo, L\u00e9o Rosario)<\/p>\n<p><img loading=\"lazy\" decoding=\"async\" width=\"1200\" height=\"675\" data-id=\"7484171\" src=\"https:\/\/www.europesays.com\/pt\/wp-content\/uploads\/2025\/11\/Elenco-Dona-de-Mim-7.jpg\" alt=\"Texto da novela Dona de MimMarlon (Humberto Moraes).Globo\/ Manoella Mello\" class=\"wp-image-7484171\"  \/><\/p>\n<p>Marlon (Humberto Moraes) (Foto: Globo, Manoella Mello)<\/p>\n<p><img loading=\"lazy\" decoding=\"async\" width=\"1200\" height=\"675\" data-id=\"7484141\" src=\"https:\/\/www.europesays.com\/pt\/wp-content\/uploads\/2025\/11\/Elenco-Dona-de-Mim-35.jpg\" alt=\"\" class=\"wp-image-7484141\"  \/><\/p>\n<p>Barbara (Giovana Cordeiro) (Foto: Globo, Manoella Mello)<\/p>\n<p><img loading=\"lazy\" decoding=\"async\" width=\"1200\" height=\"675\" data-id=\"7484156\" src=\"https:\/\/www.europesays.com\/pt\/wp-content\/uploads\/2025\/11\/Elenco-Dona-de-Mim-21.jpg\" alt=\"\" class=\"wp-image-7484156\"  \/><\/p>\n<p>Ellen (Camila Pitanga) (Foto: Globo, Manoella Mello)<\/p>\n<p><img loading=\"lazy\" decoding=\"async\" width=\"1200\" height=\"675\" data-id=\"7484139\" src=\"https:\/\/www.europesays.com\/pt\/wp-content\/uploads\/2025\/11\/Elenco-Dona-de-Mim-34.jpg\" alt=\"\" class=\"wp-image-7484139\"  \/><\/p>\n<p>Jussara (Vilma Melo) (Foto: Globo, Manoella Mello)<\/p>\n<p><img loading=\"lazy\" decoding=\"async\" width=\"1200\" height=\"675\" data-id=\"7484132\" src=\"https:\/\/www.europesays.com\/pt\/wp-content\/uploads\/2025\/11\/Elenco-Dona-de-Mim-27.jpg\" alt=\"\" class=\"wp-image-7484132\"  \/><\/p>\n<p>Stephany (Nikolly Fernandes) (Foto: Globo, Manoella Mello)<\/p>\n<p><img loading=\"lazy\" decoding=\"async\" width=\"1200\" height=\"675\" data-id=\"7484154\" src=\"https:\/\/www.europesays.com\/pt\/wp-content\/uploads\/2025\/10\/Elenco-Dona-de-Mim-19.jpg\" alt=\"Texto da novela Dona de MimJaques (Marcello Novaes)Globo\/ L\u00e9o Rosario\" class=\"wp-image-7484154\"  \/><\/p>\n<p>Jaques (Marcello Novaes) (Foto: Globo, L\u00e9o Rosario)<\/p>\n<p><img loading=\"lazy\" decoding=\"async\" width=\"1200\" height=\"675\" data-id=\"7484153\" src=\"https:\/\/www.europesays.com\/pt\/wp-content\/uploads\/2025\/11\/Elenco-Dona-de-Mim-18.jpg\" alt=\"Texto da novela Dona de MimT\u00e2nia (Aline Borges)Globo\/ L\u00e9o Rosario\" class=\"wp-image-7484153\"  \/><\/p>\n<p>T\u00e2nia (Aline Borges) (Foto: Globo, L\u00e9o Rosario)<\/p>\n<p><img loading=\"lazy\" decoding=\"async\" width=\"1200\" height=\"675\" data-id=\"7484155\" src=\"https:\/\/www.europesays.com\/pt\/wp-content\/uploads\/2025\/11\/Elenco-Dona-de-Mim-20.jpg\" alt=\"\" class=\"wp-image-7484155\"  \/><\/p>\n<p>Danilo (Felipe Simas) (Foto: Globo, Manoella Mello)<\/p>\n<p><img loading=\"lazy\" decoding=\"async\" width=\"1200\" height=\"675\" data-id=\"7484149\" src=\"https:\/\/www.europesays.com\/pt\/wp-content\/uploads\/2025\/11\/Elenco-Dona-de-Mim-16.jpg\" alt=\" Ricardo (Marcos Pasquim).Globo\/ Manoella Mello Globo\/ Man\" class=\"wp-image-7484149\"  \/><\/p>\n<p> Ricardo (Marcos Pasquim) (Foto: Globo, Manoella Mello)<\/p>\n<p><img loading=\"lazy\" decoding=\"async\" width=\"1200\" height=\"675\" data-id=\"7484157\" src=\"https:\/\/www.europesays.com\/pt\/wp-content\/uploads\/2025\/11\/Elenco-Dona-de-Mim-22.jpg\" alt=\"Texto da novela Dona de MimVanderson (Armando Babaioff).Globo\/ Manoella Mello\" class=\"wp-image-7484157\"  \/><\/p>\n<p>Vanderson (Armando Babaioff) (Foto: Globo, Manoella Mello)<\/p>\n<p><img loading=\"lazy\" decoding=\"async\" width=\"1200\" height=\"675\" data-id=\"7484135\" src=\"https:\/\/www.europesays.com\/pt\/wp-content\/uploads\/2025\/11\/Elenco-Dona-de-Mim-30.jpg\" alt=\"\" class=\"wp-image-7484135\"  \/><\/p>\n<p>Isabela (Sylvia Bandeira) (Foto: Globo, Manoella Mello)<\/p>\n<p><img loading=\"lazy\" decoding=\"async\" width=\"1200\" height=\"675\" data-id=\"7484169\" src=\"https:\/\/www.europesays.com\/pt\/wp-content\/uploads\/2025\/11\/Elenco-Dona-de-Mim-5.jpg\" alt=\"Texto da novela Dona de MimAyla (Bel Lima).Globo\/ L\u00e9o Rosario\" class=\"wp-image-7484169\"  \/><\/p>\n<p>Ayla (Bel Lima) (Foto: Globo, L\u00e9o Rosario)<\/p>\n<p><img loading=\"lazy\" decoding=\"async\" width=\"1200\" height=\"675\" data-id=\"7484173\" src=\"https:\/\/www.europesays.com\/pt\/wp-content\/uploads\/2025\/11\/Elenco-Dona-de-Mim-9.jpg\" alt=\"\" class=\"wp-image-7484173\"  \/><\/p>\n<p>Kami (Giovanna Lancellotti) (Foto: Globo, Manoella Mello)<\/p>\n<p><img loading=\"lazy\" decoding=\"async\" width=\"1200\" height=\"675\" data-id=\"7484138\" src=\"https:\/\/www.europesays.com\/pt\/wp-content\/uploads\/2025\/11\/Elenco-Dona-de-Mim-33.jpg\" alt=\"\" class=\"wp-image-7484138\"  \/><\/p>\n<p>Pam (Haon\u00ea Thinar) Globo\/ Manoella Mello<\/p>\n<p><img loading=\"lazy\" decoding=\"async\" width=\"1200\" height=\"675\" data-id=\"7484176\" src=\"https:\/\/www.europesays.com\/pt\/wp-content\/uploads\/2025\/11\/Elenco-Dona-de-Mim-11.jpg\" alt=\"\" class=\"wp-image-7484176\"  \/><\/p>\n<p>Dara (Cecilia Chancez) Globo\/ Manoella Mello<\/p>\n<p><img loading=\"lazy\" decoding=\"async\" width=\"1200\" height=\"675\" data-id=\"7484172\" src=\"https:\/\/www.europesays.com\/pt\/wp-content\/uploads\/2025\/11\/Elenco-Dona-de-Mim-8.jpg\" alt=\"Texto da novela Dona de MimYara (Cyda Moreno).Globo\/ Manoella Mello\" class=\"wp-image-7484172\"  \/><\/p>\n<p>Yara (Cyda Moreno) (Foto: Globo, Manoella Mello)<\/p>\n<p><img loading=\"lazy\" decoding=\"async\" width=\"1200\" height=\"675\" data-id=\"7484143\" src=\"https:\/\/www.europesays.com\/pt\/wp-content\/uploads\/2025\/11\/Elenco-Dona-de-Mim-37.jpg\" alt=\"\" class=\"wp-image-7484143\"  \/><\/p>\n<p>Caco (Pedro Alves) (Foto: Globo, Manoella Mello)<\/p>\n<p><img loading=\"lazy\" decoding=\"async\" width=\"1200\" height=\"675\" data-id=\"7484161\" src=\"https:\/\/www.europesays.com\/pt\/wp-content\/uploads\/2025\/11\/Elenco-Dona-de-Mim-25.jpg\" alt=\"Texto da novela Dona de MimRyan (L7).Globo\/ Manoella Mello\" class=\"wp-image-7484161\"  \/><\/p>\n<p>Ryan (L7) (Foto: Globo, Manoella Mello)<\/p>\n<p><img loading=\"lazy\" decoding=\"async\" width=\"1200\" height=\"675\" data-id=\"7484142\" src=\"https:\/\/www.europesays.com\/pt\/wp-content\/uploads\/2025\/11\/Elenco-Dona-de-Mim-36.jpg\" alt=\"\" class=\"wp-image-7484142\"  \/><\/p>\n<p>Lucas (Pedro Henrique Ferreira) (Foto: Globo, L\u00e9o Rosario)<\/p>\n<p><img loading=\"lazy\" decoding=\"async\" width=\"1200\" height=\"675\" data-id=\"7484148\" src=\"https:\/\/www.europesays.com\/pt\/wp-content\/uploads\/2025\/11\/Elenco-Dona-de-Mim-15.jpg\" alt=\"\" class=\"wp-image-7484148\"  \/><\/p>\n<p>Manuel (Ernani Moraes) (Foto: Globo, Manoella Mello)<\/p>\n<p><img loading=\"lazy\" decoding=\"async\" width=\"1200\" height=\"675\" data-id=\"7484136\" src=\"https:\/\/www.europesays.com\/pt\/wp-content\/uploads\/2025\/11\/Elenco-Dona-de-Mim-31.jpg\" alt=\"\" class=\"wp-image-7484136\"  \/><\/p>\n<p>Luis\u00e3o (Ad\u00e9lio Lima) (Foto: Globo, Manoella Mello)<\/p>\n<p><img loading=\"lazy\" decoding=\"async\" width=\"1200\" height=\"675\" data-id=\"7484145\" src=\"https:\/\/www.europesays.com\/pt\/wp-content\/uploads\/2025\/11\/Elenco-Dona-de-Mim-13.jpg\" alt=\"Texto da novela Dona de MimPeter (Pedro Fernandes).Globo\/ Manoella Mello\" class=\"wp-image-7484145\"  \/><\/p>\n<p>Peter (Pedro Fernandes) (Foto: Globo, Manoella Mello)<\/p>\n<p><img loading=\"lazy\" decoding=\"async\" width=\"1200\" height=\"675\" data-id=\"7484150\" src=\"https:\/\/www.europesays.com\/pt\/wp-content\/uploads\/2025\/11\/Elenco-Dona-de-Mim-17.jpg\" alt=\"\" class=\"wp-image-7484150\"  \/><\/p>\n<p>Denise (Cris Larin) (Foto: Globo, L\u00e9o Rosario)<\/p>\n<p><img loading=\"lazy\" decoding=\"async\" width=\"1200\" height=\"675\" data-id=\"7484163\" src=\"https:\/\/www.europesays.com\/pt\/wp-content\/uploads\/2025\/11\/Elenco-Dona-de-Mim-2.jpg\" alt=\"\" class=\"wp-image-7484163\"  \/><\/p>\n<p>Natara (Carol Marra) (Foto: Globo, L\u00e9o Rosario)<\/p>\n<p><img loading=\"lazy\" decoding=\"async\" width=\"1200\" height=\"675\" data-id=\"7484164\" src=\"https:\/\/www.europesays.com\/pt\/wp-content\/uploads\/2025\/11\/Elenco-Dona-de-Mim-3.jpg\" alt=\"\" class=\"wp-image-7484164\"  \/><\/p>\n<p>Alan (Hugo Resende) (Foto: Globo, Manoella Mello)<\/p>\n<p><img loading=\"lazy\" decoding=\"async\" width=\"1200\" height=\"675\" data-id=\"7484170\" src=\"https:\/\/www.europesays.com\/pt\/wp-content\/uploads\/2025\/11\/Elenco-Dona-de-Mim-6.jpg\" alt=\"\" class=\"wp-image-7484170\"  \/><\/p>\n<p>Breno (Gabriel Sanches) (Foto: Globo, L\u00e9o Rosario)<\/p>\n<p><img loading=\"lazy\" decoding=\"async\" width=\"1200\" height=\"675\" data-id=\"7484179\" src=\"https:\/\/www.europesays.com\/pt\/wp-content\/uploads\/2025\/11\/Elenco-Dona-de-Mim-12.jpg\" alt=\"Texto da novela Dona de MimGisele (Luana Tanaka).Globo\/ F\u00e1bio Rocha\" class=\"wp-image-7484179\"  \/><\/p>\n<p>Gisele (Luana Tanaka) (Foto: Globo, F\u00e1bio Rocha)<\/p>\n<p><img loading=\"lazy\" decoding=\"async\" width=\"1200\" height=\"675\" data-id=\"7484174\" src=\"https:\/\/www.europesays.com\/pt\/wp-content\/uploads\/2025\/11\/Elenco-Dona-de-Mim-10.jpg\" alt=\"\" class=\"wp-image-7484174\"  \/><\/p>\n<p> Ded\u00e9 (Lorenzo Reis) (Foto: Globo, Manoella Mello)<\/p>\n<p>*Sob supervis\u00e3o de Pablo Brito<\/p>\n<p>Voc\u00ea pode gostar de ler tamb\u00e9m sobre <a href=\"https:\/\/www.nsctotal.com.br\/noticias\/o-que-se-sabe-sobre-a-volta-de-antonio-fagundes-a-globo-apos-sete-anos-longe-da-emissora\" target=\"_blank\" rel=\"noreferrer noopener nofollow\"><strong>o que se sabe sobre a volta de Antonio Fagundes \u00e0 Globo ap\u00f3s sete anos longe da emissora<\/strong><\/a><\/p>\n","protected":false},"excerpt":{"rendered":"Fa\u00edska Alves interpreta Jeff em Dona de Mim, a novela das sete (Foto: Globoplay, Reprodu\u00e7\u00e3o) Aos 24 anos,&hellip;\n","protected":false},"author":2,"featured_media":152405,"comment_status":"","ping_status":"","sticky":false,"template":"","format":"standard","meta":{"footnotes":""},"categories":[145],"tags":[211,210,114,115,32,33,794],"class_list":{"0":"post-152404","1":"post","2":"type-post","3":"status-publish","4":"format-standard","5":"has-post-thumbnail","7":"category-celebridades","8":"tag-celebridades","9":"tag-celebrities","10":"tag-entertainment","11":"tag-entretenimento","12":"tag-portugal","13":"tag-pt","14":"tag-voce-viu"},"share_on_mastodon":{"url":"https:\/\/pubeurope.com\/@pt\/115551383919535011","error":""},"_links":{"self":[{"href":"https:\/\/www.europesays.com\/pt\/wp-json\/wp\/v2\/posts\/152404","targetHints":{"allow":["GET"]}}],"collection":[{"href":"https:\/\/www.europesays.com\/pt\/wp-json\/wp\/v2\/posts"}],"about":[{"href":"https:\/\/www.europesays.com\/pt\/wp-json\/wp\/v2\/types\/post"}],"author":[{"embeddable":true,"href":"https:\/\/www.europesays.com\/pt\/wp-json\/wp\/v2\/users\/2"}],"replies":[{"embeddable":true,"href":"https:\/\/www.europesays.com\/pt\/wp-json\/wp\/v2\/comments?post=152404"}],"version-history":[{"count":0,"href":"https:\/\/www.europesays.com\/pt\/wp-json\/wp\/v2\/posts\/152404\/revisions"}],"wp:featuredmedia":[{"embeddable":true,"href":"https:\/\/www.europesays.com\/pt\/wp-json\/wp\/v2\/media\/152405"}],"wp:attachment":[{"href":"https:\/\/www.europesays.com\/pt\/wp-json\/wp\/v2\/media?parent=152404"}],"wp:term":[{"taxonomy":"category","embeddable":true,"href":"https:\/\/www.europesays.com\/pt\/wp-json\/wp\/v2\/categories?post=152404"},{"taxonomy":"post_tag","embeddable":true,"href":"https:\/\/www.europesays.com\/pt\/wp-json\/wp\/v2\/tags?post=152404"}],"curies":[{"name":"wp","href":"https:\/\/api.w.org\/{rel}","templated":true}]}}