{"id":152406,"date":"2025-11-15T02:38:01","date_gmt":"2025-11-15T02:38:01","guid":{"rendered":"https:\/\/www.europesays.com\/pt\/152406\/"},"modified":"2025-11-15T02:38:01","modified_gmt":"2025-11-15T02:38:01","slug":"resumo-de-tres-gracas-capitulo-de-sabado-15-11-2025","status":"publish","type":"post","link":"https:\/\/www.europesays.com\/pt\/152406\/","title":{"rendered":"Resumo de Tr\u00eas Gra\u00e7as: Cap\u00edtulo de s\u00e1bado (15\/11\/2025)"},"content":{"rendered":"<p>                        <img width=\"944\" height=\"531\" src=\"https:\/\/www.europesays.com\/pt\/wp-content\/uploads\/2025\/11\/resumo-do-capitulo-de-sabado-15-de-novembro-de-2025-de-tres-gracas-944x531.jpg\" class=\"attachment-custom-large size-custom-large article-featured-image\" alt=\"Gerluce e Arminda, personagens da novela Tr\u00eas Gra\u00e7as da Globo\" fetchpriority=\"high\" decoding=\"async\"  \/><\/p>\n<p>Gerluce \u00e9 expulsa por Joaquim e Arminda \u00e9 confrontada por Josefa (Foto: Reprodu\u00e7\u00e3o, TV Globo)<\/p>\n<p>O cap\u00edtulo deste s\u00e1bado, 15 de novembro, de Tr\u00eas Gra\u00e7as aprofunda a tens\u00e3o entre Jo\u00e9lly (Alana Cabral) e Raul (Paulo Mendes), levando a jovem a uma revela\u00e7\u00e3o que muda tudo.<\/p>\n<p>Continua depois da publicidade<\/p>\n<p>Jo\u00e9lly finalmente percebe que Samira (Fernanda Vasconcellos) <strong>conhece Raul<\/strong> e conclui que o rapaz estava por tr\u00e1s do encontro das duas desde o in\u00edcio.<\/p>\n<p><img loading=\"lazy\" decoding=\"async\" width=\"1200\" height=\"675\" src=\"https:\/\/www.europesays.com\/pt\/wp-content\/uploads\/2025\/11\/Joelly-confronta-a-verdade-sobre-Raul-em-Tres-Gracas.jpg\" alt=\"Joelly, personagem de Alana Cabral em Tr\u00eas Gra\u00e7as, novela das nove da Globo\" class=\"wp-image-7725667\"  \/>Jo\u00e9lly confronta a verdade sobre Raul em Tr\u00eas Gra\u00e7as (Foto: Reprodu\u00e7\u00e3o, TV Globo)<\/p>\n<p>Abalada, Jo\u00e9lly sofre retalia\u00e7\u00e3o das meninas da escola, mas \u00e9 ajudada por Misael (Belo), que presencia a situa\u00e7\u00e3o e decide amparar a adolescente em um dos momentos mais delicados de sua hist\u00f3ria.<\/p>\n<p>Continua depois da publicidade<\/p>\n<p>Enquanto isso, Raul entra em desespero: ele fica apavorado com a amea\u00e7a de Jo\u00e9lly de contar \u00e0 fam\u00edlia Melo Dantas que ele \u00e9 o pai do beb\u00ea que ela espera. A possibilidade de a verdade vir \u00e0 tona deixa o rapaz completamente sem ch\u00e3o.<\/p>\n<p>Samira, cada vez mais envolvida na trama, orienta Raul a convencer Jo\u00e9lly a seguir sua sugest\u00e3o anterior, uma proposta que j\u00e1 havia deixado a jovem profundamente chocada.<\/p>\n<p><img loading=\"lazy\" decoding=\"async\" width=\"1200\" height=\"675\" src=\"https:\/\/www.europesays.com\/pt\/wp-content\/uploads\/2025\/11\/Raul-teme-que-a-verdade-sobre-sua-paternidade-venha-a-tona-em-Tres-Gracas.jpg\" alt=\"Raul, personagem de Paulo Mendes em Tr\u00eas Gra\u00e7as, novela das nove da Globo\" class=\"wp-image-7725666\"  \/>Raul teme que a verdade sobre sua paternidade venha \u00e0 tona em Tr\u00eas Gra\u00e7as (Foto: Reprodu\u00e7\u00e3o, TV Globo)<\/p>\n<p>Continua depois da publicidade<\/p>\n<p>Na mans\u00e3o de Arminda (Grazi Massafera), o clima tamb\u00e9m esquenta entre ela e  Josefa (Arlete Salles), que pergunta se a filha sabe algo sobre a misteriosa morte de Rog\u00e9rio (Eduardo Moscovis).<\/p>\n<p>No n\u00facleo policial, Juquinha (Gabriela Medvedovski) d\u00e1 uma boa not\u00edcia a Paulinho (Romulo Estrela): ela passou nas provas e em breve receber\u00e1 sua carteira de policial, um sonho que vinha perseguindo h\u00e1 muito tempo.<\/p>\n<p><img loading=\"lazy\" decoding=\"async\" width=\"1200\" height=\"675\" src=\"https:\/\/www.europesays.com\/pt\/wp-content\/uploads\/2025\/11\/Jorginho-Ninja-vai-deixar-a-cadeia-em-Tres-Gracas.jpg\" alt=\"Jorginho Ninja, personagem de Juliano Cazarr\u00e9 em Tr\u00eas Gra\u00e7as, novela das nove da Globo\" class=\"wp-image-7725665\"  \/>Jorginho Ninja vai deixar a cadeia em Tr\u00eas Gra\u00e7as (Foto: Reprodu\u00e7\u00e3o, TV Globo)<\/p>\n<p>Pastor Alb\u00e9rico (Enrique D\u00edaz) tamb\u00e9m vive uma reviravolta ao ser informado por Jorginho Ninja (Juliano Cazarr\u00e9) que seu alvar\u00e1 de soltura sair\u00e1 em uma semana, uma not\u00edcia que tem o poder de alterar din\u00e2micas importantes na Chacrinha.<\/p>\n<p>Continua depois da publicidade<\/p>\n<p>Mas o golpe final vem no encerramento do cap\u00edtulo: Joaquim (Marcos Palmeira), em mais um de seus rompantes de amargura, <strong>expulsa Gerluce (Sophie Charlotte) da casa dele.<\/strong><\/p>\n<p>Resumo completo do cap\u00edtulo de s\u00e1bado (15 de novembro de 2025) de Tr\u00eas Gra\u00e7as<\/p>\n<p>Veja na ordem dos fatos o resumo completo divulgado pela Globo para o cap\u00edtulo de s\u00e1bado (<strong>15\/11\/2025<\/strong>) de \u201c<strong>Tr\u00eas Gra\u00e7as<\/strong>\u201c.<\/p>\n<ul class=\"wp-block-list\">\n<li>Jo\u00e9lly se revolta ao perceber que Samira conhece Raul e conclui que ele est\u00e1 por tr\u00e1s do encontro entre as duas.<\/li>\n<li>Misael ajuda Jo\u00e9lly ao v\u00ea-la sofrendo retalia\u00e7\u00e3o das meninas de sua escola.<\/li>\n<li>Raul fica apavorado com a amea\u00e7a de Jo\u00e9lly de contar a sua fam\u00edlia que ele \u00e9 o pai do filho que espera.<\/li>\n<li>Samira orienta Raul a convencer Jo\u00e9lly de seguir sua sugest\u00e3o.<\/li>\n<li>Josefa pergunta a Arminda se ela sabe algo sobre a morte de Rog\u00e9rio.<\/li>\n<li>Juquinha avisa a Paulinho que passou nas provas e que em breve receber\u00e1 a carteira de policial.<\/li>\n<li>Pastor Alb\u00e9rico fica sabendo por Jorginho que seu alvar\u00e1 de soltura sair\u00e1 em uma semana.<\/li>\n<li>Joaquim expulsa Gerluce de sua casa.<\/li>\n<\/ul>\n<p>Continua depois da publicidade<\/p>\n<p>Veja tamb\u00e9m o que aconteceu no <strong><a href=\"https:\/\/www.nsctotal.com.br\/noticias\/resumo-de-tres-gracas-samira-quer-o-que-e-mais-precioso-para-gerluce-no-capitulo-de-sexta-14\" target=\"_blank\" rel=\"noreferrer noopener nofollow\">cap\u00edtulo anterior<\/a><\/strong> da novela e que <strong><a href=\"https:\/\/www.nsctotal.com.br\/noticias\/confirmada-viviane-araujo-entra-em-tres-gracas-e-pode-contracenar-com-belo\" target=\"_blank\" rel=\"noreferrer noopener nofollow\">Viviane Ara\u00fajo entra em Tr\u00eas Gra\u00e7as e pode contracenar com Belo<\/a><\/strong>.<\/p>\n<p>Quem \u00e9 quem no elenco de Tr\u00eas Gra\u00e7as1<\/p>\n<p>VoltarAvan\u00e7ar<\/p>\n<p><img loading=\"lazy\" decoding=\"async\" width=\"1200\" height=\"675\" data-id=\"7696065\" src=\"https:\/\/www.europesays.com\/pt\/wp-content\/uploads\/2025\/11\/1762575015_639_elenco-tres-gracas-2.jpg\" alt=\"elenco tr\u00eas gra\u00e7as\" class=\"wp-image-7696065\"  \/><\/p>\n<p>L\u00edgia Maria das Gra\u00e7as (Dira Paes) (Foto: Divulga\u00e7\u00e3o, Globo)<\/p>\n<p><img loading=\"lazy\" decoding=\"async\" width=\"1200\" height=\"675\" data-id=\"7696076\" src=\"https:\/\/www.europesays.com\/pt\/wp-content\/uploads\/2025\/11\/1762745651_635_elenco-tres-gracas.jpg\" alt=\"elenco tr\u00eas gra\u00e7as\" class=\"wp-image-7696076\"  \/><\/p>\n<p>Gerluce Maria das Gra\u00e7as (Sophie Charlotte) (Foto: Divulga\u00e7\u00e3o, Globo)<\/p>\n<p><img loading=\"lazy\" decoding=\"async\" width=\"1200\" height=\"675\" data-id=\"7696072\" src=\"https:\/\/www.europesays.com\/pt\/wp-content\/uploads\/2025\/11\/elenco-tres-gracas-7.jpg\" alt=\"\" class=\"wp-image-7696072\"  \/><\/p>\n<p>Arminda de Melo Dantas (Grazi Massafera) (Foto: Divulga\u00e7\u00e3o, Globo)<\/p>\n<p><img loading=\"lazy\" decoding=\"async\" width=\"1200\" height=\"675\" data-id=\"7696036\" src=\"https:\/\/www.europesays.com\/pt\/wp-content\/uploads\/2025\/11\/elenco-tres-gracas-15.jpg\" alt=\"\" class=\"wp-image-7696036\"  \/><\/p>\n<p>Paulinho Reitz (Romulo Estrela) (Foto: Divulga\u00e7\u00e3o, Globo)<\/p>\n<p><img loading=\"lazy\" decoding=\"async\" width=\"1200\" height=\"675\" data-id=\"7696032\" src=\"https:\/\/www.europesays.com\/pt\/wp-content\/uploads\/2025\/11\/1763174240_273_elenco-tres-gracas-11.jpg\" alt=\"elenco tr\u00eas gra\u00e7as\" class=\"wp-image-7696032\"  \/><\/p>\n<p>Santiago Ferette (Murilo Ben\u00edcio) (Foto: Divulga\u00e7\u00e3o, Globo)<\/p>\n<p><img loading=\"lazy\" decoding=\"async\" width=\"1200\" height=\"675\" data-id=\"7696067\" src=\"https:\/\/www.europesays.com\/pt\/wp-content\/uploads\/2025\/11\/elenco-tres-gracas-3.jpg\" alt=\"elenco tr\u00eas gra\u00e7as\" class=\"wp-image-7696067\"  \/><\/p>\n<p>Jo\u00e9lly Maria das Gra\u00e7as (Alana Cabral) (Foto: Divulga\u00e7\u00e3o, Globo)<\/p>\n<p><img loading=\"lazy\" decoding=\"async\" width=\"1200\" height=\"675\" data-id=\"7696033\" src=\"https:\/\/www.europesays.com\/pt\/wp-content\/uploads\/2025\/11\/elenco-tres-gracas-12.jpg\" alt=\"elenco tr\u00eas gra\u00e7as\" class=\"wp-image-7696033\"  \/><\/p>\n<p>Zenilda Ferette (Andr\u00e9ia Horta) (Foto: Divulga\u00e7\u00e3o, Globo)<\/p>\n<p><img loading=\"lazy\" decoding=\"async\" width=\"1200\" height=\"675\" data-id=\"7696073\" src=\"https:\/\/www.europesays.com\/pt\/wp-content\/uploads\/2025\/11\/elenco-tres-gracas-8.jpg\" alt=\"\" class=\"wp-image-7696073\"  \/><\/p>\n<p>Raul Dantas (Paulo Mendes) (Foto: Divulga\u00e7\u00e3o, Globo)<\/p>\n<p><img loading=\"lazy\" decoding=\"async\" width=\"1200\" height=\"675\" data-id=\"7696035\" src=\"https:\/\/www.europesays.com\/pt\/wp-content\/uploads\/2025\/11\/elenco-tres-gracas-14.jpg\" alt=\"\" class=\"wp-image-7696035\"  \/><\/p>\n<p>Leonardo Ferette (Pedro Novaes) (Foto: Divulga\u00e7\u00e3o, Globo)<\/p>\n<p><img loading=\"lazy\" decoding=\"async\" width=\"1200\" height=\"675\" data-id=\"7696069\" src=\"https:\/\/www.europesays.com\/pt\/wp-content\/uploads\/2025\/11\/elenco-tres-gracas-4.jpg\" alt=\"elenco tr\u00eas gra\u00e7as\" class=\"wp-image-7696069\"  \/><\/p>\n<p>Viviane (Gabriela Loran) (Foto: Divulga\u00e7\u00e3o, Globo)<\/p>\n<p><img loading=\"lazy\" decoding=\"async\" width=\"1200\" height=\"675\" data-id=\"7696074\" src=\"https:\/\/www.europesays.com\/pt\/wp-content\/uploads\/2025\/11\/elenco-tres-gracas-9.jpg\" alt=\"elenco tr\u00eas gra\u00e7as\" class=\"wp-image-7696074\"  \/><\/p>\n<p>Josefa Melo (Arlete Salles) (Foto: Divulga\u00e7\u00e3o, Globo)<\/p>\n<p><img loading=\"lazy\" decoding=\"async\" width=\"1200\" height=\"675\" data-id=\"7696034\" src=\"https:\/\/www.europesays.com\/pt\/wp-content\/uploads\/2025\/11\/elenco-tres-gracas-13.jpg\" alt=\"\" class=\"wp-image-7696034\"  \/><\/p>\n<p>Lorena Ferette (Alanis Guillen) (Foto: Divulga\u00e7\u00e3o, Globo)<\/p>\n<p><img loading=\"lazy\" decoding=\"async\" width=\"1200\" height=\"675\" data-id=\"7696070\" src=\"https:\/\/www.europesays.com\/pt\/wp-content\/uploads\/2025\/11\/elenco-tres-gracas-5.jpg\" alt=\"elenco tr\u00eas gra\u00e7as\" class=\"wp-image-7696070\"  \/><\/p>\n<p>Joaquim (Marcos Palmeira (Foto: Divulga\u00e7\u00e3o, Globo)<\/p>\n<p><img loading=\"lazy\" decoding=\"async\" width=\"1200\" height=\"675\" data-id=\"7696045\" src=\"https:\/\/www.europesays.com\/pt\/wp-content\/uploads\/2025\/11\/elenco-tres-gracas-18.jpg\" alt=\"\" class=\"wp-image-7696045\"  \/><\/p>\n<p>Samira (Fernanda Vasconcellos) (Foto: Divulga\u00e7\u00e3o, Globo)<\/p>\n<p><img loading=\"lazy\" decoding=\"async\" width=\"1200\" height=\"675\" data-id=\"7696050\" src=\"https:\/\/www.europesays.com\/pt\/wp-content\/uploads\/2025\/11\/elenco-tres-gracas-19.jpg\" alt=\"elenco tr\u00eas gra\u00e7as\" class=\"wp-image-7696050\"  \/><\/p>\n<p>X\u00eanica (Carla Marins) (Foto: Divulga\u00e7\u00e3o, Globo)<\/p>\n<p><img loading=\"lazy\" decoding=\"async\" width=\"1200\" height=\"675\" data-id=\"7696018\" src=\"https:\/\/www.europesays.com\/pt\/wp-content\/uploads\/2025\/11\/elenco-tres-gracas-35.jpg\" alt=\"elenco tr\u00eas gra\u00e7as\" class=\"wp-image-7696018\"  \/><\/p>\n<p>Bagd\u00e1 (Xam\u00e3) (Foto: Divulga\u00e7\u00e3o, Globo)<\/p>\n<p><img loading=\"lazy\" decoding=\"async\" width=\"1200\" height=\"675\" data-id=\"7696019\" src=\"https:\/\/www.europesays.com\/pt\/wp-content\/uploads\/2025\/11\/1762575027_364_elenco-tres-gracas-36.jpg\" alt=\"\" class=\"wp-image-7696019\"  \/><\/p>\n<p>Jorginho Ninja (Juliano Cazarr\u00e9) (Foto: Divulga\u00e7\u00e3o, Globo)<\/p>\n<p><img loading=\"lazy\" decoding=\"async\" width=\"1200\" height=\"675\" data-id=\"7696026\" src=\"https:\/\/www.europesays.com\/pt\/wp-content\/uploads\/2025\/11\/elenco-tres-gracas-27.jpg\" alt=\"\" class=\"wp-image-7696026\"  \/><\/p>\n<p>Kasper Damatta (Miguel Falabella) (Foto: Divulga\u00e7\u00e3o, Globo)<\/p>\n<p><img loading=\"lazy\" decoding=\"async\" width=\"1200\" height=\"675\" data-id=\"7696025\" src=\"https:\/\/www.europesays.com\/pt\/wp-content\/uploads\/2025\/11\/elenco-tres-gracas-26.jpg\" alt=\"elenco tr\u00eas gra\u00e7as\" class=\"wp-image-7696025\"  \/><\/p>\n<p>Jo\u00e3o Rubens (Samuel de Assis) (Foto: Divulga\u00e7\u00e3o, Globo)<\/p>\n<p><img loading=\"lazy\" decoding=\"async\" width=\"1200\" height=\"675\" data-id=\"7696027\" src=\"https:\/\/www.europesays.com\/pt\/wp-content\/uploads\/2025\/11\/elenco-tres-gracas-28.jpg\" alt=\"elenco tr\u00eas gra\u00e7as\" class=\"wp-image-7696027\"  \/><\/p>\n<p>Maggye (Mell Muzillo) (Foto: Divulga\u00e7\u00e3o, Globo)<\/p>\n<p><img loading=\"lazy\" decoding=\"async\" width=\"1200\" height=\"675\" data-id=\"7696020\" src=\"https:\/\/www.europesays.com\/pt\/wp-content\/uploads\/2025\/11\/elenco-tres-gracas-37.jpg\" alt=\"elenco tr\u00eas gra\u00e7as\" class=\"wp-image-7696020\"  \/><\/p>\n<p>Misael (Belo) (Foto: Divulga\u00e7\u00e3o, Globo)<\/p>\n<p><img loading=\"lazy\" decoding=\"async\" width=\"1200\" height=\"675\" data-id=\"7696029\" src=\"https:\/\/www.europesays.com\/pt\/wp-content\/uploads\/2025\/11\/elenco-tres-gracas-29.jpg\" alt=\"\" class=\"wp-image-7696029\"  \/><\/p>\n<p>Luc\u00e9lia (Daphne Bozaski) (Foto: Divulga\u00e7\u00e3o, Globo)<\/p>\n<p><img loading=\"lazy\" decoding=\"async\" width=\"1200\" height=\"675\" data-id=\"7696037\" src=\"https:\/\/www.europesays.com\/pt\/wp-content\/uploads\/2025\/11\/elenco-tres-gracas-16.jpg\" alt=\"elenco tr\u00eas gra\u00e7as\" class=\"wp-image-7696037\"  \/><\/p>\n<p>Eduarda Fragoso, a \u201cJuquinha\u201d (Gabriela Medvedovsky) (Foto: Divulga\u00e7\u00e3o, Globo)<\/p>\n<p><img loading=\"lazy\" decoding=\"async\" width=\"1200\" height=\"675\" data-id=\"7696071\" src=\"https:\/\/www.europesays.com\/pt\/wp-content\/uploads\/2025\/11\/elenco-tres-gracas-6.jpg\" alt=\"\" class=\"wp-image-7696071\"  \/><\/p>\n<p>Gilmar (Amaury Lorenzo) (Foto: Divulga\u00e7\u00e3o, Globo)<\/p>\n<p><img loading=\"lazy\" decoding=\"async\" width=\"1200\" height=\"675\" data-id=\"7696062\" src=\"https:\/\/www.europesays.com\/pt\/wp-content\/uploads\/2025\/11\/elenco-tres-gracas-22.jpg\" alt=\"elenco tr\u00eas gra\u00e7as\" class=\"wp-image-7696062\"  \/><\/p>\n<p>Herculano (Leandro Lima) e Lena (Barbara Reis) (Foto: Divulga\u00e7\u00e3o, Globo)<\/p>\n<p><img loading=\"lazy\" decoding=\"async\" width=\"1200\" height=\"675\" data-id=\"7696014\" src=\"https:\/\/www.europesays.com\/pt\/wp-content\/uploads\/2025\/11\/elenco-tres-gracas-32.jpg\" alt=\"elenco tr\u00eas gra\u00e7as\" class=\"wp-image-7696014\"  \/><\/p>\n<p>Pastor Alb\u00e9rico (Enrique Diaz) (Foto: Divulga\u00e7\u00e3o, Globo)<\/p>\n<p><img loading=\"lazy\" decoding=\"async\" width=\"1200\" height=\"675\" data-id=\"7696021\" src=\"https:\/\/www.europesays.com\/pt\/wp-content\/uploads\/2025\/11\/elenco-tres-gracas-38.jpg\" alt=\"\" class=\"wp-image-7696021\"  \/><\/p>\n<p>Jos\u00e9 Maria (T\u00falio Starling)  (Foto: Divulga\u00e7\u00e3o, Globo)<\/p>\n<p><img loading=\"lazy\" decoding=\"async\" width=\"1200\" height=\"675\" data-id=\"7696023\" src=\"https:\/\/www.europesays.com\/pt\/wp-content\/uploads\/2025\/11\/elenco-tres-gracas-24.jpg\" alt=\"elenco tr\u00eas gra\u00e7as\" class=\"wp-image-7696023\"  \/><\/p>\n<p>(Foto: Divulga\u00e7\u00e3o, Globo)<\/p>\n<p><img loading=\"lazy\" decoding=\"async\" width=\"1200\" height=\"675\" data-id=\"7696041\" src=\"https:\/\/www.europesays.com\/pt\/wp-content\/uploads\/2025\/11\/elenco-tres-gracas-17.jpg\" alt=\"\" class=\"wp-image-7696041\"  \/><\/p>\n<p>Jairo Barroso (Andr\u00e9 Mattos) (Foto: Divulga\u00e7\u00e3o, Globo)<\/p>\n<p><img loading=\"lazy\" decoding=\"async\" width=\"1200\" height=\"675\" data-id=\"7696058\" src=\"https:\/\/www.europesays.com\/pt\/wp-content\/uploads\/2025\/11\/elenco-tres-gracas-21.jpg\" alt=\"elenco tr\u00eas gra\u00e7as\" class=\"wp-image-7696058\"  \/><\/p>\n<p>Edilberto (Julio Rocha)  (Foto: Divulga\u00e7\u00e3o, Globo)<\/p>\n<p><img loading=\"lazy\" decoding=\"async\" width=\"1200\" height=\"675\" data-id=\"7696024\" src=\"https:\/\/www.europesays.com\/pt\/wp-content\/uploads\/2025\/11\/elenco-tres-gracas-25.jpg\" alt=\"elenco tr\u00eas gra\u00e7as\" class=\"wp-image-7696024\"  \/><\/p>\n<p>Chica (Rejane Faria)  e (C\u00e9lio (Ot\u00e1vio Muller) Foto: Divulga\u00e7\u00e3o, Globo)<\/p>\n<p><img loading=\"lazy\" decoding=\"async\" width=\"1200\" height=\"675\" data-id=\"7696022\" src=\"https:\/\/www.europesays.com\/pt\/wp-content\/uploads\/2025\/11\/elenco-tres-gracas-23.jpg\" alt=\"\" class=\"wp-image-7696022\"  \/><\/p>\n<p>Rivaldo (Augusto Madeira) (Foto: Divulga\u00e7\u00e3o, Globo)<\/p>\n<p><img loading=\"lazy\" decoding=\"async\" width=\"1200\" height=\"675\" data-id=\"7696054\" src=\"https:\/\/www.europesays.com\/pt\/wp-content\/uploads\/2025\/11\/elenco-tres-gracas-20.jpg\" alt=\"elenco tr\u00eas gra\u00e7as\" class=\"wp-image-7696054\"  \/><\/p>\n<p>Macedo (Rodrigo Garc\u00eda)  (Foto: Divulga\u00e7\u00e3o, Globo)<\/p>\n<p><img loading=\"lazy\" decoding=\"async\" width=\"1200\" height=\"675\" data-id=\"7696015\" src=\"https:\/\/www.europesays.com\/pt\/wp-content\/uploads\/2025\/11\/elenco-tres-gracas-33.jpg\" alt=\"\" class=\"wp-image-7696015\"  \/><\/p>\n<p>Kellen Cristina (Luiza Rosa) (Foto: Divulga\u00e7\u00e3o, Globo)<\/p>\n<p><img loading=\"lazy\" decoding=\"async\" width=\"1200\" height=\"675\" data-id=\"7696016\" src=\"https:\/\/www.europesays.com\/pt\/wp-content\/uploads\/2025\/11\/elenco-tres-gracas-34.jpg\" alt=\"elenco tr\u00eas gra\u00e7as\" class=\"wp-image-7696016\"  \/><\/p>\n<p>J\u00fanior (Guthierry Sotero) (Foto: Divulga\u00e7\u00e3o, Globo)<\/p>\n<p><img loading=\"lazy\" decoding=\"async\" width=\"1200\" height=\"675\" data-id=\"7696013\" src=\"https:\/\/www.europesays.com\/pt\/wp-content\/uploads\/2025\/11\/elenco-tres-gracas-31.jpg\" alt=\"elenco tr\u00eas gra\u00e7as\" class=\"wp-image-7696013\"  \/><\/p>\n<p>Alem\u00e3o (Lucas Righi)  (Foto: Divulga\u00e7\u00e3o, Globo)<\/p>\n<p><img loading=\"lazy\" decoding=\"async\" width=\"1200\" height=\"675\" data-id=\"7696031\" src=\"https:\/\/www.europesays.com\/pt\/wp-content\/uploads\/2025\/11\/elenco-tres-gracas-30.jpg\" alt=\"\" class=\"wp-image-7696031\"  \/><\/p>\n<p>Vand\u00edlson (Vinicius Teixeira) (Foto: Divulga\u00e7\u00e3o, Globo)<\/p>\n<p><img loading=\"lazy\" decoding=\"async\" width=\"1200\" height=\"675\" data-id=\"7696075\" src=\"https:\/\/www.europesays.com\/pt\/wp-content\/uploads\/2025\/11\/1762575050_313_elenco-tres-gracas-10.jpg\" alt=\"elenco tr\u00eas gra\u00e7as\" class=\"wp-image-7696075\"  \/><\/p>\n<p>Claudia (Lorrana Moussinho) (Foto: Divulga\u00e7\u00e3o, Globo)<\/p>\n","protected":false},"excerpt":{"rendered":"Gerluce \u00e9 expulsa por Joaquim e Arminda \u00e9 confrontada por Josefa (Foto: Reprodu\u00e7\u00e3o, TV Globo) O cap\u00edtulo deste&hellip;\n","protected":false},"author":2,"featured_media":152407,"comment_status":"","ping_status":"","sticky":false,"template":"","format":"standard","meta":{"footnotes":""},"categories":[142],"tags":[114,115,32,33,151,543],"class_list":{"0":"post-152406","1":"post","2":"type-post","3":"status-publish","4":"format-standard","5":"has-post-thumbnail","7":"category-tv","8":"tag-entertainment","9":"tag-entretenimento","10":"tag-portugal","11":"tag-pt","12":"tag-tv","13":"tag-ver-ouvir-ler"},"share_on_mastodon":{"url":"","error":""},"_links":{"self":[{"href":"https:\/\/www.europesays.com\/pt\/wp-json\/wp\/v2\/posts\/152406","targetHints":{"allow":["GET"]}}],"collection":[{"href":"https:\/\/www.europesays.com\/pt\/wp-json\/wp\/v2\/posts"}],"about":[{"href":"https:\/\/www.europesays.com\/pt\/wp-json\/wp\/v2\/types\/post"}],"author":[{"embeddable":true,"href":"https:\/\/www.europesays.com\/pt\/wp-json\/wp\/v2\/users\/2"}],"replies":[{"embeddable":true,"href":"https:\/\/www.europesays.com\/pt\/wp-json\/wp\/v2\/comments?post=152406"}],"version-history":[{"count":0,"href":"https:\/\/www.europesays.com\/pt\/wp-json\/wp\/v2\/posts\/152406\/revisions"}],"wp:featuredmedia":[{"embeddable":true,"href":"https:\/\/www.europesays.com\/pt\/wp-json\/wp\/v2\/media\/152407"}],"wp:attachment":[{"href":"https:\/\/www.europesays.com\/pt\/wp-json\/wp\/v2\/media?parent=152406"}],"wp:term":[{"taxonomy":"category","embeddable":true,"href":"https:\/\/www.europesays.com\/pt\/wp-json\/wp\/v2\/categories?post=152406"},{"taxonomy":"post_tag","embeddable":true,"href":"https:\/\/www.europesays.com\/pt\/wp-json\/wp\/v2\/tags?post=152406"}],"curies":[{"name":"wp","href":"https:\/\/api.w.org\/{rel}","templated":true}]}}