{"id":152408,"date":"2025-11-15T02:40:20","date_gmt":"2025-11-15T02:40:20","guid":{"rendered":"https:\/\/www.europesays.com\/pt\/152408\/"},"modified":"2025-11-15T02:40:20","modified_gmt":"2025-11-15T02:40:20","slug":"cronica-de-opiniao-de-carlos-teixeira-13-11-2025-sapo","status":"publish","type":"post","link":"https:\/\/www.europesays.com\/pt\/152408\/","title":{"rendered":"Cr\u00f3nica de Opini\u00e3o de Carlos Teixeira \u2013 13-11-2025 &#8211; SAPO"},"content":{"rendered":"<ol>\n<li><a href=\"https:\/\/news.google.com\/rss\/articles\/CBMinAFBVV95cUxPVm9sMFF6ZnlMQ0twckU3cjRodVp0bEp6Z180ZFhzcEkxTE9zTmVDSWJyY3czcl9kYlJDV1F2Y1E1VU53ZEE2ZG9sczdTLTY4djNCQVdLNFAwOURUZjFWREZ5Ymd3c1hYcWgtNGNnZ0dfRl9LZHBEUGJIUzRyWTRoa0VZM0JfNjlhU0dGNUJmZDExclY1QkxMV1pTYl8?oc=5\" target=\"_blank\" rel=\"nofollow noopener\">Cr\u00f3nica de Opini\u00e3o de Carlos Teixeira \u2013 13-11-2025<\/a>&nbsp;&nbsp;SAPO<\/li>\n<li><a href=\"https:\/\/news.google.com\/rss\/articles\/CBMi9gFBVV95cUxQZDJWVVNFbDk0ZTdFdUlGYUItX0dwamZTV3l3SzRFYVRJbmRGaVQwcnZuYVo1UElZdXRRcmJpSUsyM1V1ZTJIVDNhOHJDV3ZIcWNna3Q3ZnVFbXZsU3AtUGw2UzNsV0lRY1U0VUtnMnp0cHdrUS0ydGxzSWVSWkI5c0tzYjZoOEdpSHdDNi1SbkhWUlluNlF6YWZvcllxWjdtZkVUZmo1MU1qM1p3dVM1VVIyN01CbWZlT0doeXRPRVlsRGQ2Q3E3aEduTG9JTkJlQ2JlQUR3T2RZRHVQYUZPU1k2S191UUVZbG13ejNOMzBUYV9sTkHSAYQCQVVfeXFMUEhRTEFXUS1jNnFLVTNPYjBNR3hzY2M3Y1lkSW4xNTBTc3JZT2VHV2Jfb3I2QlBGcTI4SGZhUTRrak1nNXd0cEp6UUtQT1dzNExPb3NxME5vUGpKMUVWQUN3dXgyS1ItSDBiZU82ZWR3YkREMFliTGhrLXZ3eE9aUENRZ0xrakF5R0xJSWs5T3lic09yR0lRS2FEUkd6emFhS2Y3QjJuS2NzQ05IVDJ2WFNFR2xUZFdlbkRGRF9fUll0YnNhbW5KVWpZcVRSNWJsQlVQaWJUaE5fMkNZNndzbU5jcHZqdDhzaG9ycm1BbmtmM013U3p3YTA5NWNXb0VPeGNQVFI?oc=5\" target=\"_blank\" rel=\"nofollow noopener\">Da Guerra ao Terror ao sonho da Copa do Mundo: Iraque busca primeira classifica\u00e7\u00e3o em 40 anos<\/a>&nbsp;&nbsp;ge<\/li>\n<li><a href=\"https:\/\/news.google.com\/rss\/articles\/CBMiwwFBVV95cUxObUxOSjdwdTVRWUhGaVlSdFAxOTZIQWx1Rmx1Mm1wU0o0amZ4NWJxbTF4VThlSW5yUDd4c0JMN2JJZl9xczdScm9DRldYYW5jVUlnMlVzRWpVRUNLZXh3SWtOamY1bFo1WHdVWTdVamdNbVZ5YnVjQm5GYmhIVFBOb2V3RzJSNlYwZ1BtaHZ6aU1oWVlDSGd4UGVpQzN6bkZDNlRhSWJ3ZUVSX3FFNnl1SEo3dmN6bDd5VlpLcXpGVWxLUXM?oc=5\" target=\"_blank\" rel=\"nofollow noopener\">Jogador revelado por time da S\u00e9rie B marca gol decisivo pela sele\u00e7\u00e3o dos Emirados \u00c1rabes<\/a>&nbsp;&nbsp;NSC Total<\/li>\n<li><a href=\"https:\/\/news.google.com\/rss\/articles\/CBMi2wFBVV95cUxQOVFqRVJqNkRtSzd6UGIzRjkzVFVFU0U2My1rTldxLTZSZGRoU2UwVjNVV0swbGlMbFdLZm9QVi16SFNIUzg5YjdVM3hOczNjWmVMZFIybnBJUUdHODA2dUdvQjNzUFRNckNRRmxRN2pjbm1GWFU2NUpvQl8xdUNRVjRqMkt4U3ZDMU5ydmJOZXN0bDcxRUhZUjg5UlozR3h0TG5PNVd1WDlROFJFaFpwUkg4T2JKUVVzTGtXMkwxSmVjeTJ3YzNJal9wWTA2eVNWdy1peFVVZmhCTHc?oc=5\" target=\"_blank\" rel=\"nofollow noopener\">Emirados \u00c1rabes x Iraque nas Eliminat\u00f3rias da Copa: onde assistir ao vivo, hor\u00e1rio e escala\u00e7\u00e3o<\/a>&nbsp;&nbsp;Estad\u00e3o<\/li>\n<li><a href=\"https:\/\/news.google.com\/rss\/articles\/CBMihAJBVV95cUxOX0w4eU8zNkhHaGNHWTU3a21TT1V1Vm9uRWtNNjIwUlZhblF3VDR4QW50eVJHdFpYUWM3VjdsS2tSbzF3N3JuRlh2c0xQSjlFZDk2YzhVRUZDSUpMLXRNczl0aGNtR1pCREppbm9pOUNzUVFHLWdJcWlsZWdwR2g3eDNUa0ZPMmVMNDJRejVkZ3NCWFhuUGpvbm9zT3ZPU1pQTEZyamFodU83cjkzdE84Tmk0RzN1OW5pZi1fQ0VBTmlabUhNVTJ1VHJCVy1VMkpqaU5zN2haWXYxbmczRERSWUk5RE02dVVSZERwQkpjbVhoVlY5LUV3bS1LUzR1blhmcWJFTg?oc=5\" target=\"_blank\" rel=\"nofollow noopener\">Com gol &#8220;brasileiro&#8221;, Emirados \u00c1rabes e Iraque empatam pela repescagem asi\u00e1tica<\/a>&nbsp;&nbsp;Terra<\/li>\n<\/ol>\n","protected":false},"excerpt":{"rendered":"Cr\u00f3nica de Opini\u00e3o de Carlos Teixeira \u2013 13-11-2025&nbsp;&nbsp;SAPO Da Guerra ao Terror ao sonho da Copa do Mundo:&hellip;\n","protected":false},"author":2,"featured_media":152409,"comment_status":"","ping_status":"","sticky":false,"template":"","format":"standard","meta":{"footnotes":""},"categories":[141],"tags":[114,115,149,150,32,33],"class_list":{"0":"post-152408","1":"post","2":"type-post","3":"status-publish","4":"format-standard","5":"has-post-thumbnail","7":"category-musica","8":"tag-entertainment","9":"tag-entretenimento","10":"tag-music","11":"tag-musica","12":"tag-portugal","13":"tag-pt"},"share_on_mastodon":{"url":"https:\/\/pubeurope.com\/@pt\/115551405773689881","error":""},"_links":{"self":[{"href":"https:\/\/www.europesays.com\/pt\/wp-json\/wp\/v2\/posts\/152408","targetHints":{"allow":["GET"]}}],"collection":[{"href":"https:\/\/www.europesays.com\/pt\/wp-json\/wp\/v2\/posts"}],"about":[{"href":"https:\/\/www.europesays.com\/pt\/wp-json\/wp\/v2\/types\/post"}],"author":[{"embeddable":true,"href":"https:\/\/www.europesays.com\/pt\/wp-json\/wp\/v2\/users\/2"}],"replies":[{"embeddable":true,"href":"https:\/\/www.europesays.com\/pt\/wp-json\/wp\/v2\/comments?post=152408"}],"version-history":[{"count":0,"href":"https:\/\/www.europesays.com\/pt\/wp-json\/wp\/v2\/posts\/152408\/revisions"}],"wp:featuredmedia":[{"embeddable":true,"href":"https:\/\/www.europesays.com\/pt\/wp-json\/wp\/v2\/media\/152409"}],"wp:attachment":[{"href":"https:\/\/www.europesays.com\/pt\/wp-json\/wp\/v2\/media?parent=152408"}],"wp:term":[{"taxonomy":"category","embeddable":true,"href":"https:\/\/www.europesays.com\/pt\/wp-json\/wp\/v2\/categories?post=152408"},{"taxonomy":"post_tag","embeddable":true,"href":"https:\/\/www.europesays.com\/pt\/wp-json\/wp\/v2\/tags?post=152408"}],"curies":[{"name":"wp","href":"https:\/\/api.w.org\/{rel}","templated":true}]}}