{"id":152414,"date":"2025-11-15T02:48:19","date_gmt":"2025-11-15T02:48:19","guid":{"rendered":"https:\/\/www.europesays.com\/pt\/152414\/"},"modified":"2025-11-15T02:48:19","modified_gmt":"2025-11-15T02:48:19","slug":"novo-apoio-a-kiev-de-paises-balticos-e-nordicos-extremamente-importante","status":"publish","type":"post","link":"https:\/\/www.europesays.com\/pt\/152414\/","title":{"rendered":"Novo apoio a Kiev de pa\u00edses b\u00e1lticos e n\u00f3rdicos &#8220;extremamente importante&#8221;"},"content":{"rendered":"<p>&#13;<br \/>\nA Dinamarca, Est\u00f3nia, Finl\u00e2ndia, Isl\u00e2ndia, Let\u00f3nia, Litu\u00e2nia, Noruega e Su\u00e9cia anunciaram na quinta-feira que v\u00e3o financiar um novo pacote de 500 milh\u00f5es de d\u00f3lares (430 milh\u00f5es de euros) em equipamento militar e muni\u00e7\u00f5es para a Ucr\u00e2nia, adquirido aos Estados Unidos.&#13;\n<\/p>\n<p>&#13;<br \/>\nEm comunicado, Rutte\u00a0saudou o an\u00fancio,\u00a0salientando que &#8220;os aliados n\u00f3rdicos e b\u00e1lticos est\u00e3o a mobilizar-se para financiar um novo pacote de equipamento militar essencial para a Ucr\u00e2nia&#8221;.&#13;\n<\/p>\n<p>&#13;<br \/>\n&#8220;Este equipamento \u00e9 extremamente importante agora que a Ucr\u00e2nia est\u00e1 a entrar nos meses de inverno, e os fornecimentos atrav\u00e9s da PURL [Lista de Necessidades Priorit\u00e1rias da Ucr\u00e2nia]\u00a0est\u00e3o a chegar ao pa\u00eds. Os aliados da NATO continuar\u00e3o a fornecer equipamento e abastecimentos essenciais&#8221;, afirmou o pol\u00edtico neerland\u00eas.&#13;\n<\/p>\n<p>&#13;<br \/>\nO an\u00fancio\u00a0surgiu na sequ\u00eancia do acordo assinado por Rutte e Trump na Casa Branca, a 14 de julho, pelo qual os aliados europeus e o Canad\u00e1 contribuir\u00e3o para o financiamento de pacotes regulares de ajuda militar \u00e0 Ucr\u00e2nia, cada um no valor aproximado de 500 milh\u00f5es de d\u00f3lares.&#13;\n<\/p>\n<p>&#13;<br \/>\nEstes pacotes conter\u00e3o equipamento e muni\u00e7\u00f5es identificados pela Ucr\u00e2nia como &#8220;prioridades operacionais&#8221; e incluir\u00e3o capacidades que os Estados Unidos podem fornecer em quantidades superiores \u00e0s da Europa e Canad\u00e1.&#13;\n<\/p>\n<p>&#13;<br \/>\nNa \u00faltima cimeira da NATO em Haia, os l\u00edderes aliados concordaram que a responsabilidade partilhada pelo apoio \u00e0 Ucr\u00e2nia deveria ser distribu\u00edda de forma mais equitativa.&#13;\n<\/p>\n<p>&#13;<br \/>\nAnteriormente, j\u00e1 tinham sido disponibilizados quatro pacotes &#8211; um pelos Pa\u00edses Baixos; outro por Dinamarca, Noruega e Su\u00e9cia; outro pela Alemanha; e um quarto pelo Canad\u00e1 &#8211; elevando o valor total das contribui\u00e7\u00f5es para 2 mil milh\u00f5es de d\u00f3lares (cerca de 1,7 mil milh\u00f5es de euros).\u00a0&#13;\n<\/p>\n<p>&#13;<br \/>\nA NATO ir\u00e1 coordenar a entrega dos pacotes, atrav\u00e9s do comando estabelecido\u00a0em Wiesbaden, na Alemanha, para disponibilizar equipamento e treino militar \u00e0 Ucr\u00e2nia.&#13;\n<\/p>\n<p>&#13;<br \/>\nTrabalhando em estreita colabora\u00e7\u00e3o com a Ucr\u00e2nia e os Estados Unidos, o Comandante Supremo Aliado na Europa (SACEUR), Alexus Grynkewich, validar\u00e1 os pacotes que atendem \u00e0s necessidades da Ucr\u00e2nia, tais como defesa a\u00e9rea, muni\u00e7\u00f5es e outros equipamentos cr\u00edticos, para entrega r\u00e1pida a partir dos stocks dos EUA.\u00a0&#13;\n<\/p>\n<p>&#13;<br \/>\nA PURL complementa outras iniciativas em curso para apoiar a Ucr\u00e2nia, como a NSATU, o Fundo Fiduci\u00e1rio da NATO para Kiev e o Pacote de Assist\u00eancia Abrangente (CAP), bem como uma vasta gama de medidas bilaterais por parte dos aliados e pa\u00edses parceiros.&#13;\n<\/p>\n<p>&#13;<br \/>\nA R\u00fassia invadiu a Ucr\u00e2nia a 24 de fevereiro de 2022, com o argumento de proteger as minorias separatistas pr\u00f3-russas no leste e &#8220;desnazificar&#8221; o pa\u00eds vizinho, independente desde 1991 &#8211; ap\u00f3s a desagrega\u00e7\u00e3o da antiga Uni\u00e3o Sovi\u00e9tica &#8211; e que tem vindo a afastar-se do espa\u00e7o de influ\u00eancia de Moscovo e a aproximar-se da Europa e do Ocidente.\u00a0\u00a0\u00a0&#13;\n<\/p>\n<p>&#13;<br \/>\nA ofensiva militar russa no territ\u00f3rio ucraniano mergulhou a Europa naquela que \u00e9 considerada a crise de seguran\u00e7a mais grave desde a Segunda Guerra Mundial (1939-1945).\u00a0&#13;\n<\/p>\n<p>&#13;<br \/>\nNo plano diplom\u00e1tico, a R\u00fassia rejeitou at\u00e9 agora qualquer cessar-fogo prolongado e exige, para p\u00f4r fim ao conflito, que a Ucr\u00e2nia lhe ceda pelo menos quatro regi\u00f5es &#8211; Donetsk, Lugansk, Kherson e Zaporijia &#8211; al\u00e9m da pen\u00ednsula da Crimeia, anexada em 2014, e renuncie para sempre a aderir \u00e0 NATO (Organiza\u00e7\u00e3o do Tratado do Atl\u00e2ntico-Norte, bloco de defesa ocidental).\u00a0\u00a0&#13;\n<\/p>\n<p>&#13;<br \/>\nEstas condi\u00e7\u00f5es s\u00e3o consideradas inaceit\u00e1veis pela Ucr\u00e2nia, que, juntamente com os aliados europeus, exige um cessar-fogo incondicional de 30 dias antes de entabular negocia\u00e7\u00f5es de paz com Moscovo.\u00a0\u00a0&#13;\n<\/p>\n<p>&#13;<br \/>\nPor seu lado, a R\u00fassia considera que aceitar tal oferta permitiria \u00e0s for\u00e7as ucranianas, em dificuldades na frente de batalha, rearmar-se, gra\u00e7as aos abastecimentos militares ocidentais.\u00a0&#13;<\/p>\n","protected":false},"excerpt":{"rendered":"&#13; A Dinamarca, Est\u00f3nia, Finl\u00e2ndia, Isl\u00e2ndia, Let\u00f3nia, Litu\u00e2nia, Noruega e Su\u00e9cia anunciaram na quinta-feira que v\u00e3o financiar um&hellip;\n","protected":false},"author":2,"featured_media":152415,"comment_status":"","ping_status":"","sticky":false,"template":"","format":"standard","meta":{"footnotes":""},"categories":[50],"tags":[27,28,32957,15,16,32958,14,25,26,21,22,62,12,13,19,20,32959,23,24,32961,32962,17,18,20758,840,29,30,31,32960,63,64,65],"class_list":{"0":"post-152414","1":"post","2":"type-post","3":"status-publish","4":"format-standard","5":"has-post-thumbnail","7":"category-mundo","8":"tag-breaking-news","9":"tag-breakingnews","10":"tag-dinaca-estonia-finlandia-islandia-letonia-lituania-noruega","11":"tag-featured-news","12":"tag-featurednews","13":"tag-fiduciario-nato","14":"tag-headlines","15":"tag-latest-news","16":"tag-latestnews","17":"tag-main-news","18":"tag-mainnews","19":"tag-mundo","20":"tag-news","21":"tag-noticias","22":"tag-noticias-principais","23":"tag-noticiasprincipais","24":"tag-pacote-assistencia","25":"tag-principais-noticias","26":"tag-principaisnoticias","27":"tag-prioritarias","28":"tag-rutte","29":"tag-top-stories","30":"tag-topstories","31":"tag-tratado-atlantico","32":"tag-ucrania","33":"tag-ultimas","34":"tag-ultimas-noticias","35":"tag-ultimasnoticias","36":"tag-wiesbaden","37":"tag-world","38":"tag-world-news","39":"tag-worldnews"},"share_on_mastodon":{"url":"","error":"Validation failed: Text character limit of 500 exceeded"},"_links":{"self":[{"href":"https:\/\/www.europesays.com\/pt\/wp-json\/wp\/v2\/posts\/152414","targetHints":{"allow":["GET"]}}],"collection":[{"href":"https:\/\/www.europesays.com\/pt\/wp-json\/wp\/v2\/posts"}],"about":[{"href":"https:\/\/www.europesays.com\/pt\/wp-json\/wp\/v2\/types\/post"}],"author":[{"embeddable":true,"href":"https:\/\/www.europesays.com\/pt\/wp-json\/wp\/v2\/users\/2"}],"replies":[{"embeddable":true,"href":"https:\/\/www.europesays.com\/pt\/wp-json\/wp\/v2\/comments?post=152414"}],"version-history":[{"count":0,"href":"https:\/\/www.europesays.com\/pt\/wp-json\/wp\/v2\/posts\/152414\/revisions"}],"wp:featuredmedia":[{"embeddable":true,"href":"https:\/\/www.europesays.com\/pt\/wp-json\/wp\/v2\/media\/152415"}],"wp:attachment":[{"href":"https:\/\/www.europesays.com\/pt\/wp-json\/wp\/v2\/media?parent=152414"}],"wp:term":[{"taxonomy":"category","embeddable":true,"href":"https:\/\/www.europesays.com\/pt\/wp-json\/wp\/v2\/categories?post=152414"},{"taxonomy":"post_tag","embeddable":true,"href":"https:\/\/www.europesays.com\/pt\/wp-json\/wp\/v2\/tags?post=152414"}],"curies":[{"name":"wp","href":"https:\/\/api.w.org\/{rel}","templated":true}]}}