{"id":152420,"date":"2025-11-15T02:57:12","date_gmt":"2025-11-15T02:57:12","guid":{"rendered":"https:\/\/www.europesays.com\/pt\/152420\/"},"modified":"2025-11-15T02:57:12","modified_gmt":"2025-11-15T02:57:12","slug":"caso-eloa-saiba-tudo-sobre-o-novo-documentario-da-netflix","status":"publish","type":"post","link":"https:\/\/www.europesays.com\/pt\/152420\/","title":{"rendered":"&#8220;Caso Elo\u00e1&#8221;: saiba tudo sobre o novo document\u00e1rio da Netflix"},"content":{"rendered":"<p data-start=\"120\" data-end=\"301\" class=\"my-5 break-words group-[.isActiveSource]:text-xl\">O novo document\u00e1rio da Netflix, <strong class=\"group-[.isActiveSource]:text-xl group-[.isActiveSource]:font-bold\">\u201cCaso Elo\u00e1: Ref\u00e9m ao Vivo\u201d<\/strong>, estreou nesta quarta-feira (12) e j\u00e1 ocupa o primeiro lugar entre os filmes mais vistos da plataforma nesta semana.<\/p>\n<p data-start=\"303\" data-end=\"755\" class=\"my-5 break-words group-[.isActiveSource]:text-xl\">A produ\u00e7\u00e3o retrata o sequestro e assassinato de <strong class=\"group-[.isActiveSource]:text-xl group-[.isActiveSource]:font-bold\">Elo\u00e1 Cristina Pimentel<\/strong>, ocorrido em outubro de 2008, em Santo Andr\u00e9, S\u00e3o Paulo.<\/p>\n<p data-start=\"303\" data-end=\"755\" class=\"my-5 break-words group-[.isActiveSource]:text-xl\">Elo\u00e1 tinha apenas 15 anos quando faleceu. Ela conheceu<strong class=\"group-[.isActiveSource]:text-xl group-[.isActiveSource]:font-bold\"> Lindemberg Fernandes Alves<\/strong>, de 19 anos, aos 12 anos. Na \u00e9poca do crime, ele invadiu o apartamento de sua ex-namorada, onde realizavam trabalhos escolares com colegas. Inicialmente, dois ref\u00e9ns foram liberados, restando no apartamento <strong class=\"group-[.isActiveSource]:text-xl group-[.isActiveSource]:font-bold\">Elo\u00e1 e Nayara<\/strong>.<\/p>\n<p data-start=\"757\" data-end=\"969\" class=\"my-5 break-words group-[.isActiveSource]:text-xl\">Com entrevistas in\u00e9ditas com autoridades, jornalistas e familiares envolvidos, o <a href=\"https:\/\/www.cnnbrasil.com.br\/entretenimento\/netflix-prime-video-hbo-disney-o-que-chega-aos-streamings-em-novembro\/\" target=\"_blank\" rel=\"noopener noreferrer nofollow\" class=\"text-red-600 underline hover:text-red-500 font-medium break-words group-[.isActiveSource]:text-xl\">document\u00e1rio busca contar a hist\u00f3ria<\/a> da jovem e abordar a neglig\u00eancia da m\u00eddia, da pol\u00edcia e da sociedade durante o caso.<\/p>\n<p data-start=\"971\" data-end=\"1333\" class=\"my-5 break-words group-[.isActiveSource]:text-xl\">Na \u00e9poca, toda a <strong class=\"group-[.isActiveSource]:text-xl group-[.isActiveSource]:font-bold\">negocia\u00e7\u00e3o entre o sequestrador e a pol\u00edcia foi transmitida em tempo real<\/strong> por diversos canais de televis\u00e3o, resultando em mais de 100 horas, quase cinco dias de c\u00e1rcere. Quando finalmente o GATE (Grupo de A\u00e7\u00f5es T\u00e1ticas Especiais) e a Tropa de Choque da Pol\u00edcia Militar de S\u00e3o Paulo invadiram o apartamento, alegando terem ouvido um disparo de arma de fogo no interior.<\/p>\n<p data-start=\"1335\" data-end=\"1624\" class=\"my-5 break-words group-[.isActiveSource]:text-xl\">Atrav\u00e9s dos depoimentos, \u00e9 poss\u00edvel identificar erros no socorro das v\u00edtimas e na invas\u00e3o policial, al\u00e9m de cr\u00edticas \u00e0 cobertura da televis\u00e3o. Muitos jornalistas interferiram diretamente nas negocia\u00e7\u00f5es, com o objetivo de audi\u00eancia, o que n\u00e3o \u00e9 fun\u00e7\u00e3o da imprensa em <a href=\"https:\/\/www.cnnbrasil.com.br\/entretenimento\/angela-diniz-assassinada-e-condenada-relembre-caso-real-de-nova-serie\/\" target=\"_blank\" rel=\"noopener noreferrer nofollow\" class=\"text-red-600 underline hover:text-red-500 font-medium break-words group-[.isActiveSource]:text-xl\">casos de ref\u00e9ns<\/a>.<\/p>\n<p data-start=\"1626\" data-end=\"1855\" class=\"my-5 break-words group-[.isActiveSource]:text-xl\">Um exemplo citado \u00e9 a jornalista<strong class=\"group-[.isActiveSource]:text-xl group-[.isActiveSource]:font-bold\"> S\u00f4nia Abr\u00e3o, da RedeTV!<\/strong>, que entrevistou Lindemberg e Elo\u00e1 ao vivo por telefone, chegando a bloquear a linha com o negociador da pol\u00edcia, interferindo diretamente no <a href=\"https:\/\/www.cnnbrasil.com.br\/entretenimento\/alem-de-tremembe-veja-outras-series-nacionais-de-2025-sobre-criminosos\/\" target=\"_blank\" rel=\"noopener noreferrer nofollow\" class=\"text-red-600 underline hover:text-red-500 font-medium break-words group-[.isActiveSource]:text-xl\">desfecho da negocia\u00e7\u00e3o<\/a>.<\/p>\n<p>Assista ao trailer na \u00edntegra<\/p>\n","protected":false},"excerpt":{"rendered":"O novo document\u00e1rio da Netflix, \u201cCaso Elo\u00e1: Ref\u00e9m ao Vivo\u201d, estreou nesta quarta-feira (12) e j\u00e1 ocupa o&hellip;\n","protected":false},"author":2,"featured_media":152421,"comment_status":"","ping_status":"","sticky":false,"template":"","format":"standard","meta":{"footnotes":""},"categories":[140],"tags":[114,115,147,148,146,32,33],"class_list":{"0":"post-152420","1":"post","2":"type-post","3":"status-publish","4":"format-standard","5":"has-post-thumbnail","7":"category-filmes","8":"tag-entertainment","9":"tag-entretenimento","10":"tag-film","11":"tag-filmes","12":"tag-movies","13":"tag-portugal","14":"tag-pt"},"share_on_mastodon":{"url":"https:\/\/pubeurope.com\/@pt\/115551472407299352","error":""},"_links":{"self":[{"href":"https:\/\/www.europesays.com\/pt\/wp-json\/wp\/v2\/posts\/152420","targetHints":{"allow":["GET"]}}],"collection":[{"href":"https:\/\/www.europesays.com\/pt\/wp-json\/wp\/v2\/posts"}],"about":[{"href":"https:\/\/www.europesays.com\/pt\/wp-json\/wp\/v2\/types\/post"}],"author":[{"embeddable":true,"href":"https:\/\/www.europesays.com\/pt\/wp-json\/wp\/v2\/users\/2"}],"replies":[{"embeddable":true,"href":"https:\/\/www.europesays.com\/pt\/wp-json\/wp\/v2\/comments?post=152420"}],"version-history":[{"count":0,"href":"https:\/\/www.europesays.com\/pt\/wp-json\/wp\/v2\/posts\/152420\/revisions"}],"wp:featuredmedia":[{"embeddable":true,"href":"https:\/\/www.europesays.com\/pt\/wp-json\/wp\/v2\/media\/152421"}],"wp:attachment":[{"href":"https:\/\/www.europesays.com\/pt\/wp-json\/wp\/v2\/media?parent=152420"}],"wp:term":[{"taxonomy":"category","embeddable":true,"href":"https:\/\/www.europesays.com\/pt\/wp-json\/wp\/v2\/categories?post=152420"},{"taxonomy":"post_tag","embeddable":true,"href":"https:\/\/www.europesays.com\/pt\/wp-json\/wp\/v2\/tags?post=152420"}],"curies":[{"name":"wp","href":"https:\/\/api.w.org\/{rel}","templated":true}]}}