{"id":152422,"date":"2025-11-15T02:58:12","date_gmt":"2025-11-15T02:58:12","guid":{"rendered":"https:\/\/www.europesays.com\/pt\/152422\/"},"modified":"2025-11-15T02:58:12","modified_gmt":"2025-11-15T02:58:12","slug":"goncalo-oliveira-identifica-talento-e-qualidade-em-toda-a-selecao-sub-21-sub21","status":"publish","type":"post","link":"https:\/\/www.europesays.com\/pt\/152422\/","title":{"rendered":"Gon\u00e7alo Oliveira identifica &#8220;talento&#8221; e &#8220;qualidade&#8221; em toda a Sele\u00e7\u00e3o Sub-21 &#8211; Sub21"},"content":{"rendered":"<p class=\"\">&#13;<br \/>\n        O futebolista Gon\u00e7alo Oliveira real\u00e7ou esta 5.\u00aa feira que todos os que comp\u00f5em o lote de convocados da Sele\u00e7\u00e3o Nacional de sub-21 t\u00eam &#8220;talento&#8221; e &#8220;qualidade&#8221; para a representar na fase de apuramento para o Euro&#8217;2027.&#13;\n    <\/p>\n<p class=\"\">&#13;<br \/>\n        &#8220;Acho que todos os que aqui estamos temos talento e qualidade para representar a sele\u00e7\u00e3o sub-21,&#8221; considerou o internacional jovem portugu\u00eas, em confer\u00eancia de imprensa na Cidade do Futebol, em Oeiras.&#13;\n    <\/p>\n<p class=\"\">&#13;<br \/>\n        Jovem e com potencial para chegar aos mais altos patamares, o central divide-se entre v\u00e1rias refer\u00eancias, entre elas R\u00faben Dias, que se encontra na sele\u00e7\u00e3o &#8216;AA&#8217;, e Nicol\u00e1s Otamendi, com quem partilha balne\u00e1rio no Benfica.&#13;\n    <\/p>\n<p class=\"\">&#13;<br \/>\n        &#8220;Acho que s\u00e3o o Nico [Otamendi], R\u00faben Dias. Tamb\u00e9m tenho assistido mais ao Van Dijk. Diria que um pouco de todos os centrais que s\u00e3o profissionais e est\u00e3o a alto n\u00edvel&#8221;, revelou.&#13;\n    <\/p>\n<p class=\"\">&#13;<br \/>\n        &#8220;O balan\u00e7o tem sido muito positivo, tanto a n\u00edvel individual como coletivo. Relativamente aos primeiros quatro jogos acho que estivemos muito bem, sem sofrer golos e com muitos marcados tamb\u00e9m, e tamb\u00e9m esperamos isso para este pr\u00f3ximo jogo&#8221;, projetou ainda.&#13;\n    <\/p>\n<p class=\"\">&#13;<br \/>\n        A equipa sub-21 portuguesa disputar\u00e1 em solo checo mais um jogo para a fase de apuramento para o Europeu de 2027 da categoria, numa altura em que lidera o Grupo B, com 12 pontos, mais tr\u00eas do que os checos, gra\u00e7as a quatro vit\u00f3rias em quatro jornadas, um registo que Gon\u00e7alo Oliveira constata ser &#8220;muito positivo&#8221;.&#13;\n    <\/p>\n<p class=\"\">&#13;<br \/>\n        &#8220;Onde quer que esteja, a treinar, a jogar, vou dar sempre o m\u00e1ximo, mas acho mesmo o que o mais importante \u00e9 a sele\u00e7\u00e3o, onde estou agora, onde tenho de jogar e vou trabalhar a cada treino para conseguir mais minutos&#8221;, assinalou o defensor de 19 anos, determinado em defrontar a Rep\u00fablica Checa, na pr\u00f3xima ter\u00e7a-feira.&#13;\n    <\/p>\n<p class=\"\">&#13;<br \/>\n        Convocado para os sub-21 portugueses e a trabalhar diariamente no plantel principal do Benfica, Gon\u00e7alo Oliveira exibe na sele\u00e7\u00e3o a mesma ambi\u00e7\u00e3o que tem no seu clube: &#8220;trabalhar&#8221; com o objetivo de &#8220;conseguir minutos&#8221;.&#13;\n    <\/p>\n<p class=\"\">&#13;<br \/>\n        &#8220;Acho positivo. O &#8216;S\u00eaca&#8217; [Jo\u00e3o Fonseca], como colega, merece, assim como tamb\u00e9m o outro nosso jogador que saiu [Jo\u00e3o Muniz] tamb\u00e9m merecia&#8221;, transmitiu.&#13;\n    <\/p>\n<p class=\"\">&#13;<br \/>\n        Instado a comentar a substitui\u00e7\u00e3o for\u00e7ada pela les\u00e3o de Jo\u00e3o Muniz, levando \u00e0 chamada de Jo\u00e3o Fonseca, o central Gon\u00e7alo Oliveira elogiou o seu companheiro de clube e, agora, tamb\u00e9m de sele\u00e7\u00e3o, mas n\u00e3o esquece o infortunado colega que deixa a concentra\u00e7\u00e3o.&#13;\n    <\/p>\n","protected":false},"excerpt":{"rendered":"&#13; O futebolista Gon\u00e7alo Oliveira real\u00e7ou esta 5.\u00aa feira que todos os que comp\u00f5em o lote de convocados&hellip;\n","protected":false},"author":2,"featured_media":152423,"comment_status":"","ping_status":"","sticky":false,"template":"","format":"standard","meta":{"footnotes":""},"categories":[87],"tags":[135,32,33,134],"class_list":{"0":"post-152422","1":"post","2":"type-post","3":"status-publish","4":"format-standard","5":"has-post-thumbnail","7":"category-desporto","8":"tag-desporto","9":"tag-portugal","10":"tag-pt","11":"tag-sports"},"share_on_mastodon":{"url":"https:\/\/pubeurope.com\/@pt\/115551476335701083","error":""},"_links":{"self":[{"href":"https:\/\/www.europesays.com\/pt\/wp-json\/wp\/v2\/posts\/152422","targetHints":{"allow":["GET"]}}],"collection":[{"href":"https:\/\/www.europesays.com\/pt\/wp-json\/wp\/v2\/posts"}],"about":[{"href":"https:\/\/www.europesays.com\/pt\/wp-json\/wp\/v2\/types\/post"}],"author":[{"embeddable":true,"href":"https:\/\/www.europesays.com\/pt\/wp-json\/wp\/v2\/users\/2"}],"replies":[{"embeddable":true,"href":"https:\/\/www.europesays.com\/pt\/wp-json\/wp\/v2\/comments?post=152422"}],"version-history":[{"count":0,"href":"https:\/\/www.europesays.com\/pt\/wp-json\/wp\/v2\/posts\/152422\/revisions"}],"wp:featuredmedia":[{"embeddable":true,"href":"https:\/\/www.europesays.com\/pt\/wp-json\/wp\/v2\/media\/152423"}],"wp:attachment":[{"href":"https:\/\/www.europesays.com\/pt\/wp-json\/wp\/v2\/media?parent=152422"}],"wp:term":[{"taxonomy":"category","embeddable":true,"href":"https:\/\/www.europesays.com\/pt\/wp-json\/wp\/v2\/categories?post=152422"},{"taxonomy":"post_tag","embeddable":true,"href":"https:\/\/www.europesays.com\/pt\/wp-json\/wp\/v2\/tags?post=152422"}],"curies":[{"name":"wp","href":"https:\/\/api.w.org\/{rel}","templated":true}]}}