{"id":152432,"date":"2025-11-15T03:20:12","date_gmt":"2025-11-15T03:20:12","guid":{"rendered":"https:\/\/www.europesays.com\/pt\/152432\/"},"modified":"2025-11-15T03:20:12","modified_gmt":"2025-11-15T03:20:12","slug":"flavio-furtado-a-cristina-ferreira-e-o-joao-monteiro-casaram-se","status":"publish","type":"post","link":"https:\/\/www.europesays.com\/pt\/152432\/","title":{"rendered":"Fl\u00e1vio Furtado: &#8220;A Cristina Ferreira e o Jo\u00e3o Monteiro casaram-se!&#8221;"},"content":{"rendered":"<p>Vestidos de noivos. \u00c9 desta forma que <a href=\"https:\/\/selfie.iol.pt\/famosos\/cristina-ferreira\/cristina-ferreira-faz-anuncio-comeca-hoje-uma-nova-historia-de-amor\/20251114\/691766dfd34e3caad84b4db3\" target=\"_blank\" rel=\"nofollow noopener\">Cristina Ferreira<\/a> e Jo\u00e3o Monteiro surgem no v\u00eddeo promocional dos perfumes We &#8211; uma fragr\u00e2ncia para homem e outra para mulher -, que a apresentadora lan\u00e7ou, esta sexta-feira, dia 13, num evento que contou com a presen\u00e7a de conhecidos rostos como Rita Pereira, Ana Guiomar, Marcia Soares, Bernardo Sousa e Fl\u00e1vio Furtado.<\/p>\n<p>Este \u00faltimo partilhou com os seguidores do Instagram uma filmagem feita no local, aquando do an\u00fancio que surpreendeu tudo e todos. &#8220;A Cristina e o Jo\u00e3o casaram-se!&#8221;, escreveu o comentador das galas da nona edi\u00e7\u00e3o do reality show &#8220;<a href=\"https:\/\/tvi.iol.pt\/secretstory\/\" target=\"_blank\" rel=\"nofollow noopener\">Secret Story<\/a> &#8211; Casa dos Segredos&#8221;, na legenda.<\/p>\n<p>Tamb\u00e9m a Diretora de Entretenimento e Fic\u00e7\u00e3o da <a href=\"https:\/\/tvi.iol.pt\/\" target=\"_blank\" rel=\"nofollow noopener\">TVI<\/a> partilhou a novidade na mesma rede social.\u00a0&#8220;Um perfume \u00e9 muitas vezes um casamento para a vida. Come\u00e7a hoje uma nova hist\u00f3ria de amor&#8221;, pontuou <a href=\"https:\/\/selfie.iol.pt\/famosos\/joao-monteiro\/cristina-ferreira-a-maior-parte-acha-que-vou-casar-me-eu-ja-me-casei\/20251114\/6917913fd34e2bd5c6d40807\" target=\"_blank\" rel=\"nofollow noopener\">Cristina Ferreira<\/a>, na descri\u00e7\u00e3o do v\u00eddeo, \u00e0 qual acrescentou um emoji em forma de cora\u00e7\u00e3o roxo, que simboliza a uni\u00e3o com o treinador de t\u00e9nis.<\/p>\n<p>Veja, agora, os v\u00eddeos.<\/p>\n<blockquote class=\"instagram-media\" data-instgrm-captioned=\"\" data-instgrm-permalink=\"https:\/\/www.instagram.com\/reel\/DRDD5JrDPom\/?utm_source=ig_embed&amp;utm_campaign=loading\" data-instgrm-version=\"14\" style=\" background:#FFF; border:0; border-radius:3px; box-shadow:0 0 1px 0 rgba(0,0,0,0.5),0 1px 10px 0 rgba(0,0,0,0.15); margin: 1px; max-width:540px; min-width:326px; padding:0; width:99.375%; width:-webkit-calc(100% - 2px); width:calc(100% - 2px);\">\n<\/blockquote>\n<p>\u00a0<\/p>\n<blockquote class=\"instagram-media\" data-instgrm-captioned=\"\" data-instgrm-permalink=\"https:\/\/www.instagram.com\/reel\/DRDFGSLAGpm\/?utm_source=ig_embed&amp;utm_campaign=loading\" data-instgrm-version=\"14\" style=\" background:#FFF; border:0; border-radius:3px; box-shadow:0 0 1px 0 rgba(0,0,0,0.5),0 1px 10px 0 rgba(0,0,0,0.15); margin: 1px; max-width:540px; min-width:326px; padding:0; width:99.375%; width:-webkit-calc(100% - 2px); width:calc(100% - 2px);\">\n<\/blockquote>\n<p>\u00a0<\/p>\n<p>                        <script async src=\"\/\/www.instagram.com\/embed.js\"><\/script><\/p>\n","protected":false},"excerpt":{"rendered":"Vestidos de noivos. \u00c9 desta forma que Cristina Ferreira e Jo\u00e3o Monteiro surgem no v\u00eddeo promocional dos perfumes&hellip;\n","protected":false},"author":2,"featured_media":152433,"comment_status":"","ping_status":"","sticky":false,"template":"","format":"standard","meta":{"footnotes":""},"categories":[145],"tags":[3539,2632,13471,211,210,13933,166,11829,114,115,980,15559,1015,6470,619,32,33,1014,1315,6985,16687,16686,1012,6986,16688,162],"class_list":{"0":"post-152432","1":"post","2":"type-post","3":"status-publish","4":"format-standard","5":"has-post-thumbnail","7":"category-celebridades","8":"tag-apresentadora","9":"tag-casa-dos-segredos","10":"tag-casa-dos-segredos-9","11":"tag-celebridades","12":"tag-celebrities","13":"tag-comentador","14":"tag-cristina-ferreira","15":"tag-diretora-de-entretenimento-e-ficcao-da-tvi","16":"tag-entertainment","17":"tag-entretenimento","18":"tag-famosos","19":"tag-flavio-furtado","20":"tag-instagram","21":"tag-joao-monteiro","22":"tag-nacional","23":"tag-portugal","24":"tag-pt","25":"tag-reality-show","26":"tag-secret-story","27":"tag-secret-story-casa-dos-segredos","28":"tag-secret-story-casa-dos-segredos-9","29":"tag-secret-story-9","30":"tag-selfie","31":"tag-ss","32":"tag-ss9","33":"tag-tvi"},"share_on_mastodon":{"url":"https:\/\/pubeurope.com\/@pt\/115551562838246027","error":""},"_links":{"self":[{"href":"https:\/\/www.europesays.com\/pt\/wp-json\/wp\/v2\/posts\/152432","targetHints":{"allow":["GET"]}}],"collection":[{"href":"https:\/\/www.europesays.com\/pt\/wp-json\/wp\/v2\/posts"}],"about":[{"href":"https:\/\/www.europesays.com\/pt\/wp-json\/wp\/v2\/types\/post"}],"author":[{"embeddable":true,"href":"https:\/\/www.europesays.com\/pt\/wp-json\/wp\/v2\/users\/2"}],"replies":[{"embeddable":true,"href":"https:\/\/www.europesays.com\/pt\/wp-json\/wp\/v2\/comments?post=152432"}],"version-history":[{"count":0,"href":"https:\/\/www.europesays.com\/pt\/wp-json\/wp\/v2\/posts\/152432\/revisions"}],"wp:featuredmedia":[{"embeddable":true,"href":"https:\/\/www.europesays.com\/pt\/wp-json\/wp\/v2\/media\/152433"}],"wp:attachment":[{"href":"https:\/\/www.europesays.com\/pt\/wp-json\/wp\/v2\/media?parent=152432"}],"wp:term":[{"taxonomy":"category","embeddable":true,"href":"https:\/\/www.europesays.com\/pt\/wp-json\/wp\/v2\/categories?post=152432"},{"taxonomy":"post_tag","embeddable":true,"href":"https:\/\/www.europesays.com\/pt\/wp-json\/wp\/v2\/tags?post=152432"}],"curies":[{"name":"wp","href":"https:\/\/api.w.org\/{rel}","templated":true}]}}