{"id":152434,"date":"2025-11-15T03:23:29","date_gmt":"2025-11-15T03:23:29","guid":{"rendered":"https:\/\/www.europesays.com\/pt\/152434\/"},"modified":"2025-11-15T03:23:29","modified_gmt":"2025-11-15T03:23:29","slug":"a-reacao-mais-esperada-mae-de-leandro-quebra-o-silencio-sobre-o-insulto-polemico-de-bruno-secret-story","status":"publish","type":"post","link":"https:\/\/www.europesays.com\/pt\/152434\/","title":{"rendered":"A rea\u00e7\u00e3o mais esperada: M\u00e3e de Leandro quebra o sil\u00eancio sobre o insulto pol\u00e9mico de Bruno &#8211; Secret Story"},"content":{"rendered":"<p data-end=\"832\" data-start=\"482\">Os familiares dos concorrentes nomeados esta semana do <strong><a href=\"https:\/\/tvi.iol.pt\/secretstory\/\" target=\"_blank\" rel=\"nofollow noopener\">Secret Story 9<\/a><\/strong>, marcaram presen\u00e7a no <strong><a href=\"https:\/\/tvi.iol.pt\/doisas10\/\" target=\"_blank\" rel=\"nofollow noopener\">Dois \u00e0s 10<\/a><\/strong> desta sexta-feira, 14 de novembro, para comentar a semana intensa vivida dentro da casa. Entre eles esteve Luzia Pereira, m\u00e3e de Leandro, que n\u00e3o conteve a emo\u00e7\u00e3o ao falar do epis\u00f3dio que mais marcou o filho: o momento em que Bruno o chamou de \u201caberra\u00e7\u00e3o\u201d.<\/p>\n<p data-end=\"1138\" data-start=\"834\">Durante a conversa com Cristina Ferreira, Luzia recordou a m\u00e1goa que Leandro ainda sente. <strong>\u00abA palavra que ele disse foi muito feia\u00bb<\/strong>, come\u00e7ou por desabafar. <strong>\u00abComo \u00e9 que as pessoas dizem essas palavras feias pela boca fora e n\u00e3o se lembram que as pessoas t\u00eam sentimentos?\u00bb<\/strong>, questionou, visivelmente afetada.<\/p>\n<p data-end=\"1403\" data-start=\"1140\">A m\u00e3e do concorrente destacou ainda o peso que o insulto teve na autoestima do filho: \u00ab<strong>Chamar aberra\u00e7\u00e3o ao meu filho\u2026 foi a pior coisa que lhe podiam ter dito. Aquilo fica a martelar na cabe\u00e7a e pode ter a certeza que ele vem sempre com aquela palavra na cabe\u00e7a\u00bb<\/strong>.<\/p>\n<p data-end=\"1670\" data-start=\"1405\">Segundo Luzia, Leandro tem tentado manter-se focado no jogo, mas a ferida emocional permanece aberta. <strong>Veja aqui a conversa:<\/strong><\/p>\n<p>Esta semana h\u00e1 cinco concorrentes em risco de abandonar a casa mais vigiada do Pa\u00eds no pr\u00f3ximo domingo.\u00a0<\/p>\n<p><strong>VOTE PARA SALVAR:<\/strong><\/p>\n<p><strong>ANA \u2013 761 20 20 01<br \/>ANA CRISTINA \u2013 761 20 20 02<br \/>DYLAN \u2013 761 20 20 07<br \/>LEANDRO \u2013 761 20 20 12<br \/>PEDRO &#8211; 761 20 20 18<\/strong><\/p>\n<p><strong><a href=\"https:\/\/tvi.iol.pt\/secretstory\/aominuto\" wbo-id=\"19\" rel=\"nofollow noopener\" target=\"_blank\">Acompanhe tudo o que se passa na casa mais vigiada do Pa\u00eds<\/a><\/strong><\/p>\n","protected":false},"excerpt":{"rendered":"Os familiares dos concorrentes nomeados esta semana do Secret Story 9, marcaram presen\u00e7a no Dois \u00e0s 10 desta&hellip;\n","protected":false},"author":2,"featured_media":152435,"comment_status":"","ping_status":"","sticky":false,"template":"","format":"standard","meta":{"footnotes":""},"categories":[142],"tags":[18706,3768,166,801,114,115,18705,12397,32,33,151,18704],"class_list":{"0":"post-152434","1":"post","2":"type-post","3":"status-publish","4":"format-standard","5":"has-post-thumbnail","7":"category-tv","8":"tag-bastidores-secret-story","9":"tag-bruno","10":"tag-cristina-ferreira","11":"tag-dois-as-10","12":"tag-entertainment","13":"tag-entretenimento","14":"tag-entrevistas-concorrentes-tvi","15":"tag-leandro","16":"tag-portugal","17":"tag-pt","18":"tag-tv","19":"tag-vida-fora-da-casa"},"share_on_mastodon":{"url":"https:\/\/pubeurope.com\/@pt\/115551574630712693","error":""},"_links":{"self":[{"href":"https:\/\/www.europesays.com\/pt\/wp-json\/wp\/v2\/posts\/152434","targetHints":{"allow":["GET"]}}],"collection":[{"href":"https:\/\/www.europesays.com\/pt\/wp-json\/wp\/v2\/posts"}],"about":[{"href":"https:\/\/www.europesays.com\/pt\/wp-json\/wp\/v2\/types\/post"}],"author":[{"embeddable":true,"href":"https:\/\/www.europesays.com\/pt\/wp-json\/wp\/v2\/users\/2"}],"replies":[{"embeddable":true,"href":"https:\/\/www.europesays.com\/pt\/wp-json\/wp\/v2\/comments?post=152434"}],"version-history":[{"count":0,"href":"https:\/\/www.europesays.com\/pt\/wp-json\/wp\/v2\/posts\/152434\/revisions"}],"wp:featuredmedia":[{"embeddable":true,"href":"https:\/\/www.europesays.com\/pt\/wp-json\/wp\/v2\/media\/152435"}],"wp:attachment":[{"href":"https:\/\/www.europesays.com\/pt\/wp-json\/wp\/v2\/media?parent=152434"}],"wp:term":[{"taxonomy":"category","embeddable":true,"href":"https:\/\/www.europesays.com\/pt\/wp-json\/wp\/v2\/categories?post=152434"},{"taxonomy":"post_tag","embeddable":true,"href":"https:\/\/www.europesays.com\/pt\/wp-json\/wp\/v2\/tags?post=152434"}],"curies":[{"name":"wp","href":"https:\/\/api.w.org\/{rel}","templated":true}]}}