{"id":152440,"date":"2025-11-15T03:35:17","date_gmt":"2025-11-15T03:35:17","guid":{"rendered":"https:\/\/www.europesays.com\/pt\/152440\/"},"modified":"2025-11-15T03:35:17","modified_gmt":"2025-11-15T03:35:17","slug":"joana-vasconcelos-nas-reunioes-mais-chatas-faco-desenhos-alguns-transformam-se-em-pecas-quanto-mais-aborrecida-melhor-o-desenho-2","status":"publish","type":"post","link":"https:\/\/www.europesays.com\/pt\/152440\/","title":{"rendered":"Joana Vasconcelos:\u200c \u201cNas reuni\u00f5es mais chatas fa\u00e7o desenhos. Alguns transformam-se em pe\u00e7as. Quanto mais aborrecida, melhor o desenho\u201d"},"content":{"rendered":"<p>Jos\u00e9 Fonseca Fernandes<\/p>\n<p>A monumental escala dos trabalhos de Joana Vasconcelos \u00e9 apenas uma parte da hist\u00f3ria. Primeiro houve um candeeiro feito de tamp\u00f5es exibido na discoteca Lux (onde Joana trabalhou como porteira), depois um sapato feito de panelas e um helic\u00f3ptero forrado a penas, ouro e brilhantes. A sua exposi\u00e7\u00e3o em Versalhes foi a mais vista de sempre em Fran\u00e7a: 1,6 milh\u00f5es de visitantes.<\/p>\n<p>Jos\u00e9 Fonseca Fernandes<\/p>\n<p>Mas Joana n\u00e3o quebra apenas recordes: tamb\u00e9m quebra barreiras e luta pelo bem estar de todos os seus in\u00fameros colaboradores e artes\u00e3os que a ajudam a criar as suas pe\u00e7as magn\u00edficas. Nesta conversa com Tony Gon\u00e7alves, Joana conta-nos que a sua insatisfa\u00e7\u00e3o com o curso de joalharia que tirou foi o motor para a escala das suas obras: as pe\u00e7as de joalharia eram demasiado pequenas para as suas ambi\u00e7\u00f5es.<\/p>\n<p>Jos\u00e9 Fonseca Fernandes<\/p>\n<p>Joana Vasconcelos n\u00e3o se co\u00edbe de afirmar que a sua obra \u00e9 profundamente portuguesa, afinal, muitas das pe\u00e7as que forram e formam as suas esculturas s\u00e3o feitas por artes\u00e3os locais. Quando questionada sobre o que acha ser a caracter\u00edstica que define o povo portugu\u00eas, Joana n\u00e3o hesita: beleza.<\/p>\n<p>Jos\u00e9 Fonseca Fernandes<\/p>\n<p>Nuno Fox<\/p>\n<p class=\"category\"><a href=\"https:\/\/expresso.pt\/podcasts\/the-heart-and-hustle-of-portugal\" rel=\"nofollow noopener\" target=\"_blank\">The Heart and Hustle of Portugal<\/a><\/p>\n<p class=\"follow-link\"><a href=\"https:\/\/expresso.pt\/podcasts\/the-heart-and-hustle-of-portugal\/2025-11-07-andre-de-freitas-obter-um-visto-de-artista-nos-eua-e-muito-dificil.-tens-que-provar-que-es-um-artista-de-peso-que-a-america-precisa-2b955ff7\" rel=\"canonical nofollow noopener\" target=\"_blank\">Leia tamb\u00e9m<\/a><\/p>\n<p style=\"text-align: start;\">Tony Gon\u00e7alves nasceu no norte de Portugal em 1973 e, com quatro anos, emigrou com os pais para os EUA. A n\u00edvel profissional, passou por empresas como a Sharp Electronics, Samsung e WarnerMedia, onde chegou a chief revenue officer, gerindo receitas e investimentos na \u00e1rea das vendas de publicidade, streaming e entretenimento.<\/p>\n<p style=\"text-align: start;\">Com a miss\u00e3o de colocar empresas e l\u00edderes portugueses no plano internacional, Tony fundou o <a href=\"https:\/\/www.evrosegroup.com\/?\" target=\"_blank\" rel=\"noopener noreferrer nofollow\">Grupo Evrose<\/a> para orientar e aconselhar empresas portuguesas no crescimento e transforma\u00e7\u00e3o dos seus neg\u00f3cios.<\/p>\n<p style=\"text-align: start;\">No in\u00edcio de 2024 reuniu o Tribeca, com sede em Nova Iorque, e a SIC, com a sua plataforma de streaming OPTO, para juntos lan\u00e7arem a primeira edi\u00e7\u00e3o do Festival Tribeca fora dos EUA. Tony Gon\u00e7alves tornou-se assim o produtor executivo do Tribeca Festival Lisboa, que aconteceu entre 18 e 19 de outubro de 2024.<\/p>\n<p style=\"text-align: start;\">\u2018The Heart &amp; Hustle of Portugal\u2019 \u00e9 o seu primeiro podcast e tem o objetivo de juntar uma comunidade apaixonada por Portugal \u00e0 volta de uma s\u00e9rie de conversas com grandes protagonistas nacionais e internacionais ligados ao pa\u00eds e ao mundo cultural e empresarial.<\/p>\n","protected":false},"excerpt":{"rendered":"Jos\u00e9 Fonseca Fernandes A monumental escala dos trabalhos de Joana Vasconcelos \u00e9 apenas uma parte da hist\u00f3ria. Primeiro&hellip;\n","protected":false},"author":2,"featured_media":152441,"comment_status":"","ping_status":"","sticky":false,"template":"","format":"standard","meta":{"footnotes":""},"categories":[144],"tags":[207,205,206,203,201,202,204,114,115,32,33],"class_list":{"0":"post-152440","1":"post","2":"type-post","3":"status-publish","4":"format-standard","5":"has-post-thumbnail","7":"category-arte-e-design","8":"tag-arte","9":"tag-arte-e-design","10":"tag-artedesign","11":"tag-arts","12":"tag-arts-and-design","13":"tag-artsanddesign","14":"tag-design","15":"tag-entertainment","16":"tag-entretenimento","17":"tag-portugal","18":"tag-pt"},"share_on_mastodon":{"url":"https:\/\/pubeurope.com\/@pt\/115551621754674901","error":""},"_links":{"self":[{"href":"https:\/\/www.europesays.com\/pt\/wp-json\/wp\/v2\/posts\/152440","targetHints":{"allow":["GET"]}}],"collection":[{"href":"https:\/\/www.europesays.com\/pt\/wp-json\/wp\/v2\/posts"}],"about":[{"href":"https:\/\/www.europesays.com\/pt\/wp-json\/wp\/v2\/types\/post"}],"author":[{"embeddable":true,"href":"https:\/\/www.europesays.com\/pt\/wp-json\/wp\/v2\/users\/2"}],"replies":[{"embeddable":true,"href":"https:\/\/www.europesays.com\/pt\/wp-json\/wp\/v2\/comments?post=152440"}],"version-history":[{"count":0,"href":"https:\/\/www.europesays.com\/pt\/wp-json\/wp\/v2\/posts\/152440\/revisions"}],"wp:featuredmedia":[{"embeddable":true,"href":"https:\/\/www.europesays.com\/pt\/wp-json\/wp\/v2\/media\/152441"}],"wp:attachment":[{"href":"https:\/\/www.europesays.com\/pt\/wp-json\/wp\/v2\/media?parent=152440"}],"wp:term":[{"taxonomy":"category","embeddable":true,"href":"https:\/\/www.europesays.com\/pt\/wp-json\/wp\/v2\/categories?post=152440"},{"taxonomy":"post_tag","embeddable":true,"href":"https:\/\/www.europesays.com\/pt\/wp-json\/wp\/v2\/tags?post=152440"}],"curies":[{"name":"wp","href":"https:\/\/api.w.org\/{rel}","templated":true}]}}