{"id":152442,"date":"2025-11-15T03:37:35","date_gmt":"2025-11-15T03:37:35","guid":{"rendered":"https:\/\/www.europesays.com\/pt\/152442\/"},"modified":"2025-11-15T03:37:35","modified_gmt":"2025-11-15T03:37:35","slug":"a-protegida-clarice-provoca-e-humilha-laura-tvi-player","status":"publish","type":"post","link":"https:\/\/www.europesays.com\/pt\/152442\/","title":{"rendered":"A Protegida: Clarice provoca e humilha Laura &#8211; TVI Player"},"content":{"rendered":"<ol>\n<li><a href=\"https:\/\/news.google.com\/rss\/articles\/CBMijwFBVV95cUxNMy1hYkdxNEpGeEY5T3ljNU85UHVTS08tdzNlb3N4RzdfdzUzMnluc1V0Mk9GMk9vSnpaam9yTEVDV1gxTTZhSVI4dkUzSTVpUTNkRi10OUt3ZlFvb3VoX0EtUk9DRzlkdFhwRWpGSkVTVHo5YWM1SUxJWWJmeTVBRDM4X2Y0dERyenBzMTQycw?oc=5\" target=\"_blank\" rel=\"nofollow noopener\">A Protegida: Clarice provoca e humilha Laura<\/a>&nbsp;&nbsp;TVI Player<\/li>\n<li><a href=\"https:\/\/news.google.com\/rss\/articles\/CBMivAFBVV95cUxQSEE5VUpad1pJaEFKY05HNHJJMzhEZV9LalRTT1FlMXlNaXE3d0Jkd0J3RWVTMzc2N1hOTFVfRzRNLXRnU2RGcGdkVEpIRkRJUklfNHdlTkk3QXhmWTNQSGlpVnZYOHZrSUZ6Yi1mMWdocEpON0QwdG4tdGRsQUFpc2ZrMGdXenhITnJSMFczNHBuSEhPclZuQWpOR0JDZkNQdE0wZTB4LU1yazI1bm5LeEpJRlpJNllldzV4OA?oc=5\" target=\"_blank\" rel=\"nofollow noopener\">Noite de tens\u00e3o no Flores de &#8220;A Protegida&#8221;: fuga, den\u00fancias e um plano a nascer na escurid\u00e3o<\/a>&nbsp;&nbsp;A Televis\u00e3o<\/li>\n<li><a href=\"https:\/\/news.google.com\/rss\/articles\/CBMi6gFBVV95cUxQeDJER1RNZmlTSUtBY09sR1JPUEJzZVBiYWhzUzB6bENXQnktUm96bkVhd1lIRFBaakowY2dUWG5ZWVpSMk1sNGdUZGlnTThReDdWQ3VNaVdOQUFYMEtTcHQ3Tlp6THFMRkVVT0JsNjBBaGpDRjE1X1BScWViLUU3RW5IZlV3N0dOeUpBS0xVZVJtRkxHSnh1SWhvbm9ldDFiSFFCd2todlFxM0lJMmVidEVTM3A4V0IxZFFwd1Fxd1QxVk9VTmxEa0VBS3hIaVVpTmg1NzNaWUNYOTBtQVl6ZVNKMlBpb3JhZlE?oc=5\" target=\"_blank\" rel=\"nofollow noopener\">A Protegida: Laura e Mariana expulsam Virg\u00edlio da F\u00e1brica e Isabel conta-lhe todo o esquema que criou para o destruir<\/a>&nbsp;&nbsp;TV Guia.pt<\/li>\n<li><a href=\"https:\/\/news.google.com\/rss\/articles\/CBMivwFBVV95cUxPcmZaX1JhOERVTFJDQl9NZkhnOTRSdFd4anZRVUxlUHJSRjJLVVNkOVN0ZnhRMjZjQ2k1OVF2b2dnLVlkSFBjajNyejliZ1FSMXoySXdMbzI4TFdJOWVkTmMtM2E4NVJ4bFNTMldQRDlFV1VsM1E0WFpqNzh6M1dsUlUtMjNQdzlpQUswbG83bGtxTXBGcWxvRDJWYlJ6ekNUYnJwRmNiVHlKME5BRmRadGtudmdyS3NpV2ttYWdwSQ?oc=5\" target=\"_blank\" rel=\"nofollow noopener\">A Protegida: Laura faz o impens\u00e1vel ao descobrir toda a verdade sobre Jorge<\/a>&nbsp;&nbsp;Maria.pt<\/li>\n<li><a href=\"https:\/\/news.google.com\/rss\/articles\/CBMiwgFBVV95cUxOR0tqQ194eW0xSlljMGV1Znk1d1p3U2x5cTcxR19ORlNDTmpKTGhrR25BUEpwdlRlSllrVUFDWll3OHZHLURmX1M0S1FHaFhtVHFRSUUwOUNxVzI4TG1BYTVfUmRKc0dRbnFOckNLR1pGS3FGS1dVd2d5MnplWGdza0ZnQkF4VkdzYUJwa3hwWEZPc0JreFhVVmtwdkRPc1lISFZtVzJYM1NPUE1QTC1BWXJqaHNyaU05cm1BSkw5Q3NMUQ?oc=5\" target=\"_blank\" rel=\"nofollow noopener\">Laura exige explica\u00e7\u00f5es a Virg\u00edlio: \u00abOnde est\u00e1 o dinheiro da Caf\u00e9 Vilalobos?\u00bb<\/a>&nbsp;&nbsp;TVI<\/li>\n<\/ol>\n","protected":false},"excerpt":{"rendered":"A Protegida: Clarice provoca e humilha Laura&nbsp;&nbsp;TVI Player Noite de tens\u00e3o no Flores de &#8220;A Protegida&#8221;: fuga, den\u00fancias&hellip;\n","protected":false},"author":2,"featured_media":152443,"comment_status":"","ping_status":"","sticky":false,"template":"","format":"standard","meta":{"footnotes":""},"categories":[142],"tags":[168,114,115,32,33,151],"class_list":{"0":"post-152442","1":"post","2":"type-post","3":"status-publish","4":"format-standard","5":"has-post-thumbnail","7":"category-tv","8":"tag-a-protegida","9":"tag-entertainment","10":"tag-entretenimento","11":"tag-portugal","12":"tag-pt","13":"tag-tv"},"share_on_mastodon":{"url":"https:\/\/pubeurope.com\/@pt\/115551629652595785","error":""},"_links":{"self":[{"href":"https:\/\/www.europesays.com\/pt\/wp-json\/wp\/v2\/posts\/152442","targetHints":{"allow":["GET"]}}],"collection":[{"href":"https:\/\/www.europesays.com\/pt\/wp-json\/wp\/v2\/posts"}],"about":[{"href":"https:\/\/www.europesays.com\/pt\/wp-json\/wp\/v2\/types\/post"}],"author":[{"embeddable":true,"href":"https:\/\/www.europesays.com\/pt\/wp-json\/wp\/v2\/users\/2"}],"replies":[{"embeddable":true,"href":"https:\/\/www.europesays.com\/pt\/wp-json\/wp\/v2\/comments?post=152442"}],"version-history":[{"count":0,"href":"https:\/\/www.europesays.com\/pt\/wp-json\/wp\/v2\/posts\/152442\/revisions"}],"wp:featuredmedia":[{"embeddable":true,"href":"https:\/\/www.europesays.com\/pt\/wp-json\/wp\/v2\/media\/152443"}],"wp:attachment":[{"href":"https:\/\/www.europesays.com\/pt\/wp-json\/wp\/v2\/media?parent=152442"}],"wp:term":[{"taxonomy":"category","embeddable":true,"href":"https:\/\/www.europesays.com\/pt\/wp-json\/wp\/v2\/categories?post=152442"},{"taxonomy":"post_tag","embeddable":true,"href":"https:\/\/www.europesays.com\/pt\/wp-json\/wp\/v2\/tags?post=152442"}],"curies":[{"name":"wp","href":"https:\/\/api.w.org\/{rel}","templated":true}]}}