{"id":152448,"date":"2025-11-15T03:48:11","date_gmt":"2025-11-15T03:48:11","guid":{"rendered":"https:\/\/www.europesays.com\/pt\/152448\/"},"modified":"2025-11-15T03:48:11","modified_gmt":"2025-11-15T03:48:11","slug":"bruna-marquezine-divide-guarda-de-pets-com-joao-guilherme-14-11-2025-celebridades","status":"publish","type":"post","link":"https:\/\/www.europesays.com\/pt\/152448\/","title":{"rendered":"Bruna Marquezine divide guarda de pets com Jo\u00e3o Guilherme &#8211; 14\/11\/2025 &#8211; Celebridades"},"content":{"rendered":"<p>\n<strong class=\"c-signature__location\">S\u00e3o Paulo<\/strong>\n<\/p>\n<p><a href=\"https:\/\/www1.folha.uol.com.br\/folha-topicos\/bruna-marquezine\/\" rel=\"nofollow noopener\" target=\"_blank\">Bruna Marquezine<\/a> revelou que mant\u00e9m guarda compartilhada dos cachorros com o ex-namorado <a href=\"https:\/\/www1.folha.uol.com.br\/folha-topicos\/joao-guilherme-avila\/\" rel=\"nofollow noopener\" target=\"\">Jo\u00e3o Guilherme<\/a>. Na noite de quinta-feira (13) no &#8220;<a href=\"https:\/\/www1.folha.uol.com.br\/folha-topicos\/angelica\/\" rel=\"nofollow noopener\" target=\"_blank\">Ang\u00e9lica<\/a> ao Vivo&#8221;, a atriz contou que a cadelinha Chihiro, levada ao est\u00fadio, e Haku foram adotados durante uma viagem ao Jap\u00e3o e acabaram virando &#8220;irm\u00e3os&#8221;: nasceram no mesmo dia, embora sejam de ra\u00e7as diferentes.<\/p>\n","protected":false},"excerpt":{"rendered":"S\u00e3o Paulo Bruna Marquezine revelou que mant\u00e9m guarda compartilhada dos cachorros com o ex-namorado Jo\u00e3o Guilherme. Na noite&hellip;\n","protected":false},"author":2,"featured_media":152449,"comment_status":"","ping_status":"","sticky":false,"template":"","format":"standard","meta":{"footnotes":""},"categories":[145],"tags":[32963,219,3863,211,210,223,114,115,224,225,226,221,220,222,32,33,218,228,227],"class_list":{"0":"post-152448","1":"post","2":"type-post","3":"status-publish","4":"format-standard","5":"has-post-thumbnail","7":"category-celebridades","8":"tag-anglica","9":"tag-bichos","10":"tag-bruna-marquezine","11":"tag-celebridades","12":"tag-celebrities","13":"tag-colunistas","14":"tag-entertainment","15":"tag-entretenimento","16":"tag-estranho","17":"tag-eu-amo","18":"tag-fofices","19":"tag-horoscopo","20":"tag-humanos","21":"tag-humor","22":"tag-portugal","23":"tag-pt","24":"tag-televisao","25":"tag-tudo","26":"tag-videos"},"share_on_mastodon":{"url":"https:\/\/pubeurope.com\/@pt\/115551672927261133","error":""},"_links":{"self":[{"href":"https:\/\/www.europesays.com\/pt\/wp-json\/wp\/v2\/posts\/152448","targetHints":{"allow":["GET"]}}],"collection":[{"href":"https:\/\/www.europesays.com\/pt\/wp-json\/wp\/v2\/posts"}],"about":[{"href":"https:\/\/www.europesays.com\/pt\/wp-json\/wp\/v2\/types\/post"}],"author":[{"embeddable":true,"href":"https:\/\/www.europesays.com\/pt\/wp-json\/wp\/v2\/users\/2"}],"replies":[{"embeddable":true,"href":"https:\/\/www.europesays.com\/pt\/wp-json\/wp\/v2\/comments?post=152448"}],"version-history":[{"count":0,"href":"https:\/\/www.europesays.com\/pt\/wp-json\/wp\/v2\/posts\/152448\/revisions"}],"wp:featuredmedia":[{"embeddable":true,"href":"https:\/\/www.europesays.com\/pt\/wp-json\/wp\/v2\/media\/152449"}],"wp:attachment":[{"href":"https:\/\/www.europesays.com\/pt\/wp-json\/wp\/v2\/media?parent=152448"}],"wp:term":[{"taxonomy":"category","embeddable":true,"href":"https:\/\/www.europesays.com\/pt\/wp-json\/wp\/v2\/categories?post=152448"},{"taxonomy":"post_tag","embeddable":true,"href":"https:\/\/www.europesays.com\/pt\/wp-json\/wp\/v2\/tags?post=152448"}],"curies":[{"name":"wp","href":"https:\/\/api.w.org\/{rel}","templated":true}]}}