{"id":152450,"date":"2025-11-15T03:53:11","date_gmt":"2025-11-15T03:53:11","guid":{"rendered":"https:\/\/www.europesays.com\/pt\/152450\/"},"modified":"2025-11-15T03:53:11","modified_gmt":"2025-11-15T03:53:11","slug":"divulgadas-as-primeiras-imagens-oficiais-de-the-odyssey-o-proximo-filme-de-christopher-nolan","status":"publish","type":"post","link":"https:\/\/www.europesays.com\/pt\/152450\/","title":{"rendered":"Divulgadas as primeiras imagens oficiais de &#8220;The Odyssey&#8221;, o pr\u00f3ximo filme de Christopher Nolan"},"content":{"rendered":"<p class=\"category\"><a href=\"https:\/\/sicnoticias.pt\/cultura\" rel=\"nofollow noopener\" target=\"_blank\">Cultura<\/a><\/p>\n<p>Foram divulgadas as primeiras imagens oficiais de &#8220;The Odyssey&#8221;, a adapta\u00e7\u00e3o do cl\u00e1ssico de Homero pelo realizador Christopher Nolan. Filmado integralmente em IMAX, o projeto j\u00e1 \u00e9 um sucesso antecipado, com os primeiros bilhetes a esgotarem em minutos quando colocados \u00e0 venda, com um ano de anteced\u00eancia em rela\u00e7\u00e3o \u00e0 estreia.<\/p>\n<p><img decoding=\"async\" src=\"https:\/\/www.europesays.com\/pt\/wp-content\/uploads\/2025\/11\/1763178790_976_original.webp\" alt=\"O ator Matt Damon interpreta Odisseu (Ulisses) em &quot;The Odyssey&quot;, o novo filme de Christopher Nolan, cuja estreia est\u00e1 prevista para o ver\u00e3o de 2026.\"\/><\/p>\n<p>O ator Matt Damon interpreta Odisseu (Ulisses) em &#8220;The Odyssey&#8221;, o novo filme de Christopher Nolan, cuja estreia est\u00e1 prevista para o ver\u00e3o de 2026.<\/p>\n<p> Universal Pictures<\/p>\n<p><strong>As primeiras imagens oficiais de &#8220;<\/strong><strong>The Odyssey&#8221; (&#8220;A Odisseia&#8221;, em portugu\u00eas)<\/strong><strong>, o pr\u00f3ximo filme de Christopher Nolan, que se antecipa como mais uma obra-prima do realizador brit\u00e2nico, s\u00e3o um espelho do que se pode esperar da adapta\u00e7\u00e3o do cl\u00e1ssico de Homero.<\/strong><\/p>\n<p>Em entrevista \u00e0 <a href=\"https:\/\/www.empireonline.com\/\" target=\"_blank\" rel=\"noopener noreferrer nofollow\">revista Empire<\/a>, Christopher Nolan revelou as imagens daquele que promete ser um dos <strong>filmes mais ambiciosos de sempre<\/strong>, tanto em termos de escala como de inova\u00e7\u00e3o t\u00e9cnica, com um or\u00e7amento a rondar os <strong>250 milh\u00f5es de d\u00f3lares.<\/strong><\/p>\n<p>Nas imagens \u00e9 poss\u00edvel ver <strong>Matt Damon<\/strong> no papel de Odisseu (Ulisses), <strong>Tom Holland<\/strong> como o seu filho Tel\u00e9maco, enquanto <strong>Anne Hathaway<\/strong> d\u00e1 vida \u00e0 sua esposa, Pen\u00e9lope. O mesmo elenco conta ainda com outros nomes de luxo como Zendaya, Robert Pattinson, Elliot Page, Lupita Nyong&#8217;o, Charlize Theron, Mia Goth, Jon Bernthal, John Leguizamo ou Benny Safdie.<\/p>\n<p>As filmagens come\u00e7aram em fevereiro deste ano e passaram por locais como\u00a0<strong>Marrocos, Gr\u00e9cia, It\u00e1lia, Esc\u00f3cia<\/strong><strong>\u00a0<\/strong>e<strong>\u00a0<\/strong><strong>Isl\u00e2ndia.<\/strong> O filme, que foi rodado ao longo de 91 dias, gerou mais de <strong>600 mil metros de pel\u00edcula.<\/strong><\/p>\n<blockquote><p>\u201cPassei os \u00faltimos quatro meses no mar. Lev\u00e1mos o elenco que interpreta a tripula\u00e7\u00e3o do navio de Odisseu para enfrentar ondas reais, em locais verdadeiros. Quer\u00edamos mostrar como essas viagens teriam sido dif\u00edceis para as pessoas e o salto de f\u00e9 que era necess\u00e1rio num mundo desconhecido e inexplorado&#8221;, disse o realizador.<\/p><\/blockquote>\n<p>A produ\u00e7\u00e3o foi inteiramente realizada com <strong>c\u00e2maras IMAX<\/strong>, refor\u00e7ando a aposta de Christopher Nolan numa experi\u00eancia cinematogr\u00e1fica imersiva e visualmente grandiosa, a que j\u00e1 habitou os seus f\u00e3s.<\/p>\n<p>Primeiros bilhetes esgotaram um ano antes da estreia<\/p>\n<p>A venda esteve dispon\u00edvel apenas em algumas salas da Am\u00e9rica do Norte, Europa e Austr\u00e1lia. Com &#8220;The Odyssey&#8221;, Christopher Nolan estabeleceu um novo padr\u00e3o na promo\u00e7\u00e3o e antecipa\u00e7\u00e3o de estreias cinematogr\u00e1ficas, tornando-se<strong> o primeiro realizador a vender bilhetes para um filme com um ano de anteced\u00eancia.<\/strong><\/p>\n","protected":false},"excerpt":{"rendered":"Cultura Foram divulgadas as primeiras imagens oficiais de &#8220;The Odyssey&#8221;, a adapta\u00e7\u00e3o do cl\u00e1ssico de Homero pelo realizador&hellip;\n","protected":false},"author":2,"featured_media":152451,"comment_status":"","ping_status":"","sticky":false,"template":"","format":"standard","meta":{"footnotes":""},"categories":[140],"tags":[114,115,147,148,146,32,33],"class_list":{"0":"post-152450","1":"post","2":"type-post","3":"status-publish","4":"format-standard","5":"has-post-thumbnail","7":"category-filmes","8":"tag-entertainment","9":"tag-entretenimento","10":"tag-film","11":"tag-filmes","12":"tag-movies","13":"tag-portugal","14":"tag-pt"},"share_on_mastodon":{"url":"https:\/\/pubeurope.com\/@pt\/115551692779523906","error":""},"_links":{"self":[{"href":"https:\/\/www.europesays.com\/pt\/wp-json\/wp\/v2\/posts\/152450","targetHints":{"allow":["GET"]}}],"collection":[{"href":"https:\/\/www.europesays.com\/pt\/wp-json\/wp\/v2\/posts"}],"about":[{"href":"https:\/\/www.europesays.com\/pt\/wp-json\/wp\/v2\/types\/post"}],"author":[{"embeddable":true,"href":"https:\/\/www.europesays.com\/pt\/wp-json\/wp\/v2\/users\/2"}],"replies":[{"embeddable":true,"href":"https:\/\/www.europesays.com\/pt\/wp-json\/wp\/v2\/comments?post=152450"}],"version-history":[{"count":0,"href":"https:\/\/www.europesays.com\/pt\/wp-json\/wp\/v2\/posts\/152450\/revisions"}],"wp:featuredmedia":[{"embeddable":true,"href":"https:\/\/www.europesays.com\/pt\/wp-json\/wp\/v2\/media\/152451"}],"wp:attachment":[{"href":"https:\/\/www.europesays.com\/pt\/wp-json\/wp\/v2\/media?parent=152450"}],"wp:term":[{"taxonomy":"category","embeddable":true,"href":"https:\/\/www.europesays.com\/pt\/wp-json\/wp\/v2\/categories?post=152450"},{"taxonomy":"post_tag","embeddable":true,"href":"https:\/\/www.europesays.com\/pt\/wp-json\/wp\/v2\/tags?post=152450"}],"curies":[{"name":"wp","href":"https:\/\/api.w.org\/{rel}","templated":true}]}}