{"id":152456,"date":"2025-11-15T04:07:08","date_gmt":"2025-11-15T04:07:08","guid":{"rendered":"https:\/\/www.europesays.com\/pt\/152456\/"},"modified":"2025-11-15T04:07:08","modified_gmt":"2025-11-15T04:07:08","slug":"deborah-secco-aparece-como-bruna-surfistinha-apos-14-anos","status":"publish","type":"post","link":"https:\/\/www.europesays.com\/pt\/152456\/","title":{"rendered":"Deborah Secco aparece como Bruna Surfistinha ap\u00f3s 14 anos"},"content":{"rendered":"<p class=\"my-5 break-words group-[.isActiveSource]:text-xl\">A atriz<strong class=\"group-[.isActiveSource]:text-xl group-[.isActiveSource]:font-bold\"> Deborah Secco<\/strong>, 35, apareceu pela primeira vez como a personagem Bruna Surfistinha ap\u00f3s a sequ\u00eancia do filme ser anunciada.<\/p>\n<p>&#8220;Bruna Surfistinha 2&#8221; foi anunciado em julho de 2024 pela atriz. Em outubro de 2025, a ela compartilhou a confirma\u00e7\u00e3o do in\u00edcio das grava\u00e7\u00f5es.<\/p>\n<p class=\"my-5 break-words group-[.isActiveSource]:text-xl my-5 break-words group-[.isActiveSource]:text-xl\">Recentemente, Deborah mostrou como foi dado o pontap\u00e9 inicial nas grava\u00e7\u00f5es, 14 anos ap\u00f3s o primeiro filme. A atriz volta a viver a protagonista Rachel Pacheco.<\/p>\n<p class=\"my-5 break-words group-[.isActiveSource]:text-xl my-5 break-words group-[.isActiveSource]:text-xl\">Lan\u00e7ado em 2011, o primeiro filme foi uma adapta\u00e7\u00e3o do bestseller liter\u00e1rio\u00a0<strong class=\"group-[.isActiveSource]:text-xl group-[.isActiveSource]:font-bold group-[.isActiveSource]:text-xl group-[.isActiveSource]:font-bold group-[.isActiveSource]:text-xl group-[.isActiveSource]:font-bold group-[.isActiveSource]:text-xl group-[.isActiveSource]:font-bold\">\u201cO Doce Veneno do Escorpi\u00e3o: o Di\u00e1rio de uma Garota de Programa\u201d<\/strong>, de<a class=\"text-red-600 underline hover:text-red-500 font-medium break-words group-[.isActiveSource]:text-xl\" href=\"https:\/\/www.cnnbrasil.com.br\/entretenimento\/deborah-secco-posta-foto-com-raquel-pacheco-e-da-inicio-a-bruna-surfistinha-2\/\" target=\"_blank\" rel=\"noopener noreferrer nofollow\">\u00a0<strong class=\"group-[.isActiveSource]:text-xl group-[.isActiveSource]:font-bold group-[.isActiveSource]:text-xl group-[.isActiveSource]:font-bold group-[.isActiveSource]:text-xl group-[.isActiveSource]:font-bold\">Raquel Pacheco<\/strong>, a &#8220;Bruna Surfistinha&#8221; da vida real.\u00a0<\/a><\/p>\n<p class=\"my-5 break-words group-[.isActiveSource]:text-xl my-5 break-words group-[.isActiveSource]:text-xl my-5 break-words group-[.isActiveSource]:text-xl my-5 break-words group-[.isActiveSource]:text-xl\">A trama conta a hist\u00f3ria de uma jovem de classe m\u00e9dia que, ao sair de casa, toma a decis\u00e3o de se tornar garota de programa. Rapidamente, Raquel se transforma em<a href=\"https:\/\/www.cnnbrasil.com.br\/nacional\/bruna-surfistinha-e-indiciada-por-maus-tratos-apos-abandonar-animais-em-sao-paulo\/\" target=\"_blank\" rel=\"noopener noreferrer nofollow\" class=\"text-red-600 underline hover:text-red-500 font-medium break-words group-[.isActiveSource]:text-xl\"> Bruna Surfistinha<\/a>, uma celebridade nacional.<\/p>\n","protected":false},"excerpt":{"rendered":"A atriz Deborah Secco, 35, apareceu pela primeira vez como a personagem Bruna Surfistinha ap\u00f3s a sequ\u00eancia do&hellip;\n","protected":false},"author":2,"featured_media":152457,"comment_status":"","ping_status":"","sticky":false,"template":"","format":"standard","meta":{"footnotes":""},"categories":[140],"tags":[114,115,147,148,146,32,33],"class_list":{"0":"post-152456","1":"post","2":"type-post","3":"status-publish","4":"format-standard","5":"has-post-thumbnail","7":"category-filmes","8":"tag-entertainment","9":"tag-entretenimento","10":"tag-film","11":"tag-filmes","12":"tag-movies","13":"tag-portugal","14":"tag-pt"},"share_on_mastodon":{"url":"https:\/\/pubeurope.com\/@pt\/115551747620562135","error":""},"_links":{"self":[{"href":"https:\/\/www.europesays.com\/pt\/wp-json\/wp\/v2\/posts\/152456","targetHints":{"allow":["GET"]}}],"collection":[{"href":"https:\/\/www.europesays.com\/pt\/wp-json\/wp\/v2\/posts"}],"about":[{"href":"https:\/\/www.europesays.com\/pt\/wp-json\/wp\/v2\/types\/post"}],"author":[{"embeddable":true,"href":"https:\/\/www.europesays.com\/pt\/wp-json\/wp\/v2\/users\/2"}],"replies":[{"embeddable":true,"href":"https:\/\/www.europesays.com\/pt\/wp-json\/wp\/v2\/comments?post=152456"}],"version-history":[{"count":0,"href":"https:\/\/www.europesays.com\/pt\/wp-json\/wp\/v2\/posts\/152456\/revisions"}],"wp:featuredmedia":[{"embeddable":true,"href":"https:\/\/www.europesays.com\/pt\/wp-json\/wp\/v2\/media\/152457"}],"wp:attachment":[{"href":"https:\/\/www.europesays.com\/pt\/wp-json\/wp\/v2\/media?parent=152456"}],"wp:term":[{"taxonomy":"category","embeddable":true,"href":"https:\/\/www.europesays.com\/pt\/wp-json\/wp\/v2\/categories?post=152456"},{"taxonomy":"post_tag","embeddable":true,"href":"https:\/\/www.europesays.com\/pt\/wp-json\/wp\/v2\/tags?post=152456"}],"curies":[{"name":"wp","href":"https:\/\/api.w.org\/{rel}","templated":true}]}}