{"id":152458,"date":"2025-11-15T04:13:17","date_gmt":"2025-11-15T04:13:17","guid":{"rendered":"https:\/\/www.europesays.com\/pt\/152458\/"},"modified":"2025-11-15T04:13:17","modified_gmt":"2025-11-15T04:13:17","slug":"hitler-tinha-disturbio-no-desenvolvimento-dos-orgaos-sexuais-observador","status":"publish","type":"post","link":"https:\/\/www.europesays.com\/pt\/152458\/","title":{"rendered":"Hitler tinha dist\u00farbio no desenvolvimento dos \u00f3rg\u00e3os sexuais \u2013 Observador"},"content":{"rendered":"<p>O ditador alem\u00e3o Adolf Hitler sofria da s\u00edndrome de Kallmann, uma perturba\u00e7\u00e3o gen\u00e9tica que dificulta uma puberdade normal e o desenvolvimento dos \u00f3rg\u00e3os sexuais, de acordo com an\u00e1lises de ADN reveladas por uma televis\u00e3o brit\u00e2nica.<\/p>\n<p>Segundo um <a href=\"https:\/\/www.channel4.com\/programmes\/hitlers-dna-blueprint-of-a-dictator\" rel=\"nofollow noopener\" target=\"_blank\">document\u00e1rio do Canal 4<\/a>, a transmitir no s\u00e1bado, embora alguns detalhes tenham sido revelados esta quinta-feira, a investiga\u00e7\u00e3o foi liderada pela geneticista Turi King, que em 2012 identificou os restos mortais do rei Ricardo III de Inglaterra (1483-1485).<\/p>\n<p>O ADN de Hitler foi estudado a partir de um peda\u00e7o de tecido ensanguentado do sof\u00e1 onde o ditador nazi acabou com a pr\u00f3pria vida, segundo o programa, intitulado \u201cADN de Hitler. Projeto de um ditador\u201d.<\/p>\n<p>Em maio de 1945, soldados Aliados percorreram o bunker de Hitler em Berlim e um deles guardou um peda\u00e7o de tecido do sof\u00e1 onde ele se suicidou. Esse peda\u00e7o de tecido foi agora analisado em profundidade para sequenciar o ADN de Hitler (1889-1945).<\/p>\n<p>A descoberta da s\u00edndrome de Kallmann <strong>coincide com os registos m\u00e9dicos da pris\u00e3o de Landsberg<\/strong>, onde Hitler esteve detido em 1923, descobertos por investigadores alem\u00e3es em 2010.<\/p>\n<p>Segundo esses registos, um m\u00e9dico certificou que o l\u00edder nazi apresentava criptorquidia direita, ou seja, a descida incompleta de um dos test\u00edculos. At\u00e9 10% das pessoas com s\u00edndrome de Kallmann tamb\u00e9m <strong>apresentam microp\u00e9nis<\/strong> e os sintomas mais frequentes s\u00e3o <strong>n\u00edveis baixos ou flutuantes de testosterona<\/strong>, de acordo com especialistas.<\/p>\n<p>O programa de televis\u00e3o oferece detalhes do desenvolvimento sexual de Hitler, uma an\u00e1lise da ascend\u00eancia e d\u00favidas sobre o estado psicol\u00f3gico do ditador. \u201cSe tivesse visto os seus pr\u00f3prios resultados gen\u00e9ticos, <strong>quase de certeza que se teria condenado \u00e0s c\u00e2maras de g\u00e1s<\/strong>\u201c, afirmou King no document\u00e1rio, segundo a ag\u00eancia de not\u00edcias espanhola EFE.<\/p>\n<p>Noutro momento, King disse que Hitler n\u00e3o tinha ascend\u00eancia judaica, como se pensava h\u00e1 algum tempo. King decidiu participar na an\u00e1lise depois de v\u00e1rios laborat\u00f3rios se terem recusado a colaborar e tendo em conta que atualmente se analisa ADN hist\u00f3rico, desde a \u00e9poca dos romanos.<\/p>\n<p>\u201cPensei muito, mas isso seria feito em algum momento e quer\u00edamos garantir que fosse feito de forma extremamente met\u00f3dica e rigorosa\u201d, disse King, que deixou claro que \u201c<strong>a gen\u00e9tica n\u00e3o justifica em absoluto o que ele fez<\/strong>\u201c.<\/p>\n<p>Adolf Hitler, que liderou a Alemanha entre 1933 e 1945, foi o principal respons\u00e1vel pela Segunda Guerra Mundial (1939-1945) e pelo Holocausto, o genoc\u00eddio de milh\u00f5es de judeus, que incluiu tamb\u00e9m o exterm\u00ednio de comunistas, ciganos ou homossexuais.<\/p>\n","protected":false},"excerpt":{"rendered":"O ditador alem\u00e3o Adolf Hitler sofria da s\u00edndrome de Kallmann, uma perturba\u00e7\u00e3o gen\u00e9tica que dificulta uma puberdade normal&hellip;\n","protected":false},"author":2,"featured_media":152459,"comment_status":"","ping_status":"","sticky":false,"template":"","format":"standard","meta":{"footnotes":""},"categories":[50],"tags":[28175,27,28,15,16,14,25,26,21,22,62,13890,12,13,19,20,23,24,17,18,29,30,31,63,64,65],"class_list":{"0":"post-152458","1":"post","2":"type-post","3":"status-publish","4":"format-standard","5":"has-post-thumbnail","7":"category-mundo","8":"tag-adolf-hitler","9":"tag-breaking-news","10":"tag-breakingnews","11":"tag-featured-news","12":"tag-featurednews","13":"tag-headlines","14":"tag-latest-news","15":"tag-latestnews","16":"tag-main-news","17":"tag-mainnews","18":"tag-mundo","19":"tag-nazismo","20":"tag-news","21":"tag-noticias","22":"tag-noticias-principais","23":"tag-noticiasprincipais","24":"tag-principais-noticias","25":"tag-principaisnoticias","26":"tag-top-stories","27":"tag-topstories","28":"tag-ultimas","29":"tag-ultimas-noticias","30":"tag-ultimasnoticias","31":"tag-world","32":"tag-world-news","33":"tag-worldnews"},"share_on_mastodon":{"url":"https:\/\/pubeurope.com\/@pt\/115551771253330297","error":""},"_links":{"self":[{"href":"https:\/\/www.europesays.com\/pt\/wp-json\/wp\/v2\/posts\/152458","targetHints":{"allow":["GET"]}}],"collection":[{"href":"https:\/\/www.europesays.com\/pt\/wp-json\/wp\/v2\/posts"}],"about":[{"href":"https:\/\/www.europesays.com\/pt\/wp-json\/wp\/v2\/types\/post"}],"author":[{"embeddable":true,"href":"https:\/\/www.europesays.com\/pt\/wp-json\/wp\/v2\/users\/2"}],"replies":[{"embeddable":true,"href":"https:\/\/www.europesays.com\/pt\/wp-json\/wp\/v2\/comments?post=152458"}],"version-history":[{"count":0,"href":"https:\/\/www.europesays.com\/pt\/wp-json\/wp\/v2\/posts\/152458\/revisions"}],"wp:featuredmedia":[{"embeddable":true,"href":"https:\/\/www.europesays.com\/pt\/wp-json\/wp\/v2\/media\/152459"}],"wp:attachment":[{"href":"https:\/\/www.europesays.com\/pt\/wp-json\/wp\/v2\/media?parent=152458"}],"wp:term":[{"taxonomy":"category","embeddable":true,"href":"https:\/\/www.europesays.com\/pt\/wp-json\/wp\/v2\/categories?post=152458"},{"taxonomy":"post_tag","embeddable":true,"href":"https:\/\/www.europesays.com\/pt\/wp-json\/wp\/v2\/tags?post=152458"}],"curies":[{"name":"wp","href":"https:\/\/api.w.org\/{rel}","templated":true}]}}