{"id":152460,"date":"2025-11-15T04:16:09","date_gmt":"2025-11-15T04:16:09","guid":{"rendered":"https:\/\/www.europesays.com\/pt\/152460\/"},"modified":"2025-11-15T04:16:09","modified_gmt":"2025-11-15T04:16:09","slug":"bruna-biancardi-encanta-ao-mostrar-dia-na-praia-com-mavie-e-mel","status":"publish","type":"post","link":"https:\/\/www.europesays.com\/pt\/152460\/","title":{"rendered":"Bruna Biancardi encanta ao mostrar dia na praia com Mavie e Mel"},"content":{"rendered":"<p><strong><a href=\"https:\/\/caras.com.br\/tags\/bruna-biancardi\" target=\"_blank\" rel=\"noopener nofollow\">Bruna Biancardi<\/a>\u00a0<\/strong>encheu as redes sociais de fofura nesta sexta-feira, 14, ao exibir detalhes de como aproveitou o seu dia ao lado das duas filhas.<\/p>\n<p>Nos Stories, a influenciadora digital mostrou que aproveitou o dia ensolarado na praia com\u00a0<strong>Mavie<\/strong>, de dois anos, e\u00a0<strong>Mel<\/strong>, de quatro meses. As meninas s\u00e3o frutos de seu relacionamento com o jogador de futebol <a href=\"https:\/\/caras.com.br\/tags\/neymar-jr\" target=\"_blank\" rel=\"noopener nofollow\"><strong>Neymar Jr<\/strong><\/a>.<\/p>\n<p>Nos registros, a primog\u00eanita de Biancardi aparece tomando sorvete e tamb\u00e9m dando um beijo na bochecha da irm\u00e3 ca\u00e7ula. Bruna tamb\u00e9m surgiu com Mel no colo e comendo milho. Na legenda, ela se mostrou grata por passar esse momento com as herdeiras.\u00a0\u201cObrigada Deus\u201d, escreveu a famosa, acrescentando um emoji de cora\u00e7\u00e3o.<\/p>\n<p>A mulher de Neymar sempre divide momentos com as meninas nas redes sociais, e recentemente, ela mostrou as duas tomando banho juntas. Na foto postada nos Stories, Mavie e Mel aparecem juntas em uma banheira, e a ca\u00e7ula est\u00e1 agarradinha no bra\u00e7o da irm\u00e3 mais velha. Na legenda, a mam\u00e3e coruja se derreteu pelo momento de conex\u00e3o entre elas. \u201cBanho juntas\u201d.<\/p>\n<p>\t  <img loading=\"lazy\" decoding=\"async\" class=\"size-full wp-image-1031727 img-fluid lazy\" alt=\"Bruna Biancardi mostra Mavie e Mel na praia\" width=\"720\" height=\"1264\" src=\"https:\/\/www.europesays.com\/pt\/wp-content\/uploads\/2025\/11\/bruna-biancardi-com-mel-e-mavie-na-praia.jpeg\"  \/>Bruna Biancardi mostra Mavie e Mel na praia \u2013 Foto: Instagram Bruna Biancardi esclarece escolha de Ana Castela para programa <\/p>\n<p>Ap\u00f3s lan\u00e7ar seu programa de culin\u00e1ria, <a href=\"https:\/\/caras.com.br\/atualidades\/bruna-biancardi-esclarece-escolha-de-ana-castela-para-estreia-de-seu-programa.phtml\" target=\"_blank\" rel=\"noopener nofollow\">Bruna Biancardi falou sobre <strong>Ana Castela<\/strong> ser sua primeira convidada<\/a>. A escolha da cantora movimentou as redes sociais, j\u00e1 que muitos internautas acreditavam que seria uma indireta para <strong>Virginia Fonseca<\/strong>, com quem a influenciadora digital teve um desentendimento recentemente.<\/p>\n<p>\u201cComo surgiu a oportunidade de ter Ana Castela como primeira convidada?\u201d, questionou uma f\u00e3 nas caixinhas de perguntas.\u00a0\u201cQuando chamei a Ana, ela topou na hora. Mas as grava\u00e7\u00f5es com todos os convidados estavam agendadas para novembro, e ela s\u00f3 poderia em outubro. Antecipamos a dela, e por isso foi a primeira receita. Vamos soltar os v\u00eddeos na mesma ordem em que foram gravados\u201d, disse ela.<\/p>\n<p><strong>Leia tamb\u00e9m:<\/strong> <a href=\"https:\/\/caras.com.br\/kids\/filha-de-bruna-biancardi-surge-com-look-estiloso-durante-passeio.phtml\" target=\"_blank\" rel=\"noopener nofollow\">Filha de Bruna Biancardi surge com look estiloso durante passeio<\/a><\/p>\n<p>        <a href=\"https:\/\/caras.com.br\/autor\/daniela-santos\" rel=\"nofollow noopener\" target=\"_blank\">&#13;<br \/>\n          <img loading=\"lazy\" decoding=\"async\" alt=\"Daniela Santos\" src=\"https:\/\/www.europesays.com\/pt\/wp-content\/uploads\/2025\/09\/1758949148_187_daniela-santos_sqmd.jpg\" class=\"avatar avatar-115 photo rounded-circle\" height=\"115\" width=\"115\"\/>        <\/a><\/p>\n<p><b>Daniela Santos<\/b> \u00e9 rep\u00f3rter do site CARAS. Formada em jornalismo pela FIAM FAAM, atua na \u00e1rea de celebridades e TV desde 2018<\/p>\n","protected":false},"excerpt":{"rendered":"Bruna Biancardi\u00a0encheu as redes sociais de fofura nesta sexta-feira, 14, ao exibir detalhes de como aproveitou o seu&hellip;\n","protected":false},"author":2,"featured_media":152461,"comment_status":"","ping_status":"","sticky":false,"template":"","format":"standard","meta":{"footnotes":""},"categories":[145],"tags":[4290,211,210,114,115,3865,1994,1995,32,80,33],"class_list":{"0":"post-152460","1":"post","2":"type-post","3":"status-publish","4":"format-standard","5":"has-post-thumbnail","7":"category-celebridades","8":"tag-bruna-biancardi","9":"tag-celebridades","10":"tag-celebrities","11":"tag-entertainment","12":"tag-entretenimento","13":"tag-filhas","14":"tag-mavie","15":"tag-mel","16":"tag-portugal","17":"tag-praia","18":"tag-pt"},"share_on_mastodon":{"url":"https:\/\/pubeurope.com\/@pt\/115551783249141578","error":""},"_links":{"self":[{"href":"https:\/\/www.europesays.com\/pt\/wp-json\/wp\/v2\/posts\/152460","targetHints":{"allow":["GET"]}}],"collection":[{"href":"https:\/\/www.europesays.com\/pt\/wp-json\/wp\/v2\/posts"}],"about":[{"href":"https:\/\/www.europesays.com\/pt\/wp-json\/wp\/v2\/types\/post"}],"author":[{"embeddable":true,"href":"https:\/\/www.europesays.com\/pt\/wp-json\/wp\/v2\/users\/2"}],"replies":[{"embeddable":true,"href":"https:\/\/www.europesays.com\/pt\/wp-json\/wp\/v2\/comments?post=152460"}],"version-history":[{"count":0,"href":"https:\/\/www.europesays.com\/pt\/wp-json\/wp\/v2\/posts\/152460\/revisions"}],"wp:featuredmedia":[{"embeddable":true,"href":"https:\/\/www.europesays.com\/pt\/wp-json\/wp\/v2\/media\/152461"}],"wp:attachment":[{"href":"https:\/\/www.europesays.com\/pt\/wp-json\/wp\/v2\/media?parent=152460"}],"wp:term":[{"taxonomy":"category","embeddable":true,"href":"https:\/\/www.europesays.com\/pt\/wp-json\/wp\/v2\/categories?post=152460"},{"taxonomy":"post_tag","embeddable":true,"href":"https:\/\/www.europesays.com\/pt\/wp-json\/wp\/v2\/tags?post=152460"}],"curies":[{"name":"wp","href":"https:\/\/api.w.org\/{rel}","templated":true}]}}