{"id":152470,"date":"2025-11-15T04:35:14","date_gmt":"2025-11-15T04:35:14","guid":{"rendered":"https:\/\/www.europesays.com\/pt\/152470\/"},"modified":"2025-11-15T04:35:14","modified_gmt":"2025-11-15T04:35:14","slug":"sem-mascara-voce-nao-o-reconhece-mas-ele-interpretou-um-dos-viloes-mais-iconicos-da-ficcao-cientifica-noticias-de-cinema","status":"publish","type":"post","link":"https:\/\/www.europesays.com\/pt\/152470\/","title":{"rendered":"Sem m\u00e1scara, voc\u00ea n\u00e3o o reconhece, mas ele interpretou um dos vil\u00f5es mais ic\u00f4nicos da fic\u00e7\u00e3o cient\u00edfica &#8211; Not\u00edcias de cinema"},"content":{"rendered":"<p>Kevin Peter Hall interpretou o vil\u00e3o deste cl\u00e1ssico de a\u00e7\u00e3o e fic\u00e7\u00e3o cient\u00edfica estrelado por Arnold Schwarzenegger nos anos 80.<\/p>\n<p class=\"bo-p\">Quando falamos da franquia Predador, <a href=\"https:\/\/www.adorocinema.com\/personalidades\/personalidade-1067\/\" class=\"bo-link\" rel=\"nofollow noopener\" target=\"_blank\">Arnold Schwarzenegger<\/a> \u00e9 o primeiro nome que nos vem \u00e0 mente, protagonista do <a href=\"https:\/\/www.adorocinema.com\/filmes\/filme-43225\/\" class=\"bo-link\" rel=\"nofollow noopener\" target=\"_blank\">filme original lan\u00e7ado em 1987<\/a>, no seu auge como uma estrela de a\u00e7\u00e3o em Hollywood. Mas voc\u00ea sabe quem interpretou o vil\u00e3o?<\/p>\n<p class=\"bo-p\">O major Alan &#8220;Dutch&#8221; Schaefer (Arnold Schwarzenegger) lidera uma equipe de resgate em uma selva da Am\u00e9rica Central, para tentar encontrar um ministro estrangeiro e funcion\u00e1rios do governo que sa\u00edram da rota e se perderam. O ex\u00e9rcito acredita que eles estejam nas m\u00e3os de guerrilheiros, mas eles n\u00e3o imaginam que a floresta esconde uma amea\u00e7a mortal, um ser de outro planeta, fortemente armado, que sente enorme prazer em matar.<\/p>\n<p>Kevin Peter Hall foi o Predador original: Ator substituiu Jean-Claude Van Damme<\/p>\n<p>                                <img loading=\"lazy\" decoding=\"async\" class=\"article-figure-img\" src=\"https:\/\/www.europesays.com\/pt\/wp-content\/uploads\/2025\/11\/91d4aaa9f88e52a354bf6c56511c522a.jpg\" width=\"640\" height=\"320\" alt=\"\"\/><\/p>\n<p>                                    20th Century Fox<\/p>\n<p class=\"bo-p\"><a href=\"https:\/\/www.adorocinema.com\/personalidades\/personalidade-47384\/\" class=\"bo-link\" rel=\"nofollow noopener\" target=\"_blank\"><b>Kevin Peter Hall<\/b><\/a><b> interpretou o Predador no filme original de 1987 e na sequ\u00eancia <\/b><a href=\"https:\/\/www.adorocinema.com\/filmes\/filme-30784\/\" class=\"bo-link\" rel=\"nofollow noopener\" target=\"_blank\"><b>Predador 2 &#8211; A Ca\u00e7ada Continua<\/b><\/a><b> (1990)<\/b>, usando m\u00e1scara e traje como vil\u00e3o. <\/p>\n<p class=\"bo-p\">Com 2,18 metros de altura, Kevin Peter Hall substituiu o astro <a href=\"https:\/\/www.adorocinema.com\/personalidades\/personalidade-9081\/\" class=\"bo-link\" rel=\"nofollow noopener\" target=\"_blank\">Jean-Claude Van Damme<\/a>, <a href=\"https:\/\/www.adorocinema.com\/noticias\/filmes\/noticia-1000139751\/\" class=\"bo-link\" rel=\"nofollow noopener\" target=\"_blank\">escalado como Predador originalmente, mas acabou sendo demitido da produ\u00e7\u00e3o<\/a>.<\/p>\n<p class=\"bo-p\">Antes de O Predador, Hall j\u00e1 tinha experi\u00eancia como monstros, interpretando um urso mutante em <a href=\"https:\/\/www.adorocinema.com\/filmes\/filme-20971\/\" class=\"bo-link\" rel=\"nofollow noopener\" target=\"_blank\">Semente do Diabo<\/a> (1979) e alien\u00edgena em Sem Aviso (1980). Ele tamb\u00e9m fez sucesso como o protagonista P\u00e9-Grande no filme <a href=\"https:\/\/www.adorocinema.com\/filmes\/filme-2996\/\" class=\"bo-link\" rel=\"nofollow noopener\" target=\"_blank\">Um H\u00f3spede do Barulho<\/a> (1987), retornando como o personagem na s\u00e9rie Harry and the Hendersons (1990 a 1991).<\/p>\n<p class=\"bo-p\">Em entrevista \u00e0 revista Ebony, Kevin Peter Hall comentou sobre sua interpreta\u00e7\u00e3o de Predador. &#8220;A maioria das pessoas pensa que, quando voc\u00ea se prepara para um papel como esse, \u00e9 basicamente s\u00f3 f\u00edsico, se resume a corrida, flex\u00f5es e movimento. E tudo isso \u00e9 muito importante, mas tamb\u00e9m houve muita reflex\u00e3o sobre que tipo de movimento, de que tipo de planeta ele veio. Voc\u00ea trabalha as quest\u00f5es internas que se passam com o personagem, assim como faria com qualquer personagem, esteja voc\u00ea dentro ou fora da fantasia&#8221;.<\/p>\n","protected":false},"excerpt":{"rendered":"Kevin Peter Hall interpretou o vil\u00e3o deste cl\u00e1ssico de a\u00e7\u00e3o e fic\u00e7\u00e3o cient\u00edfica estrelado por Arnold Schwarzenegger nos&hellip;\n","protected":false},"author":2,"featured_media":152471,"comment_status":"","ping_status":"","sticky":false,"template":"","format":"standard","meta":{"footnotes":""},"categories":[140],"tags":[114,115,147,148,146,32,33],"class_list":{"0":"post-152470","1":"post","2":"type-post","3":"status-publish","4":"format-standard","5":"has-post-thumbnail","7":"category-filmes","8":"tag-entertainment","9":"tag-entretenimento","10":"tag-film","11":"tag-filmes","12":"tag-movies","13":"tag-portugal","14":"tag-pt"},"share_on_mastodon":{"url":"https:\/\/pubeurope.com\/@pt\/115551857866373663","error":""},"_links":{"self":[{"href":"https:\/\/www.europesays.com\/pt\/wp-json\/wp\/v2\/posts\/152470","targetHints":{"allow":["GET"]}}],"collection":[{"href":"https:\/\/www.europesays.com\/pt\/wp-json\/wp\/v2\/posts"}],"about":[{"href":"https:\/\/www.europesays.com\/pt\/wp-json\/wp\/v2\/types\/post"}],"author":[{"embeddable":true,"href":"https:\/\/www.europesays.com\/pt\/wp-json\/wp\/v2\/users\/2"}],"replies":[{"embeddable":true,"href":"https:\/\/www.europesays.com\/pt\/wp-json\/wp\/v2\/comments?post=152470"}],"version-history":[{"count":0,"href":"https:\/\/www.europesays.com\/pt\/wp-json\/wp\/v2\/posts\/152470\/revisions"}],"wp:featuredmedia":[{"embeddable":true,"href":"https:\/\/www.europesays.com\/pt\/wp-json\/wp\/v2\/media\/152471"}],"wp:attachment":[{"href":"https:\/\/www.europesays.com\/pt\/wp-json\/wp\/v2\/media?parent=152470"}],"wp:term":[{"taxonomy":"category","embeddable":true,"href":"https:\/\/www.europesays.com\/pt\/wp-json\/wp\/v2\/categories?post=152470"},{"taxonomy":"post_tag","embeddable":true,"href":"https:\/\/www.europesays.com\/pt\/wp-json\/wp\/v2\/tags?post=152470"}],"curies":[{"name":"wp","href":"https:\/\/api.w.org\/{rel}","templated":true}]}}