{"id":152498,"date":"2025-11-15T05:39:48","date_gmt":"2025-11-15T05:39:48","guid":{"rendered":"https:\/\/www.europesays.com\/pt\/152498\/"},"modified":"2025-11-15T05:39:48","modified_gmt":"2025-11-15T05:39:48","slug":"uma-noite-tenebrosa-por-causa-da-tempestade-claudia","status":"publish","type":"post","link":"https:\/\/www.europesays.com\/pt\/152498\/","title":{"rendered":"Uma noite tenebrosa por causa da tempestade Cl\u00e1udia"},"content":{"rendered":"\n<p class=\"p_0\">Chuva, trovoada e vento muito forte. Foram estes os \u2018ingredientes\u2019 da tempestade Cl\u00e1udia que assustou, e muito, os madeirenses nesta passada madrugada.<\/p>\n<p class=\"p_1\">Prova disso s\u00e3o os registos fotogr\u00e1ficos e em v\u00eddeo que foram chegando \u00e0 reda\u00e7\u00e3o do JM, como este na Ribeira Brava, onde \u00e9 bem vis\u00edvel a for\u00e7a do vento que \u2018assobiava\u2019 por onde passava.<\/p>\n<p> <video id=\"multimediaPlayer191362146\" poster=\"https:\/\/www.jm-madeira.pt\/binrepository\/multimedia-whatsapp-video-2025-11-13-at-20_thumb642-8863649_20251113220124.jpg\" controls=\"\" width=\"100%\" height=\"100%\">  Tu navegador no soporta el v\u00eddeo de HTML5<br \/>\n                  <\/video> <\/p>\n<p class=\"p_2\">O mau tempo deixou um rasto de destrui\u00e7\u00e3o por toda a ilha.<\/p>\n<p class=\"p_3\">Desde as 18h00 ter\u00e7a-feira, 11 de novembro, at\u00e9 \u00e0s 16h00 de hoje, foram registadas na Regi\u00e3o Aut\u00f3noma da Madeira \u0302 relacionadas com a situa\u00e7\u00e3o meteorol\u00f3gica adversa.<\/p>\n<p class=\"p_4\">De acordo com os dados do Servi\u00e7o Regional de Prote\u00e7\u00e3o Civil, o Funchal foi o concelho mais afetado, com 29 ocorr\u00eancias, seguido de Santa Cruz (10); Ribeira Brava (4); Ponta do Sol (3); Porto Moniz (2); C\u00e2mara de Lobos (1); Calheta (1); Santana (1); Machico (1).<\/p>\n","protected":false},"excerpt":{"rendered":"Chuva, trovoada e vento muito forte. Foram estes os \u2018ingredientes\u2019 da tempestade Cl\u00e1udia que assustou, e muito, os&hellip;\n","protected":false},"author":2,"featured_media":152499,"comment_status":"","ping_status":"","sticky":false,"template":"","format":"standard","meta":{"footnotes":""},"categories":[10],"tags":[27,28,8415,15,16,14,25,26,21,22,12,13,19,20,32,23,24,33,17,18,29,30,31],"class_list":{"0":"post-152498","1":"post","2":"type-post","3":"status-publish","4":"format-standard","5":"has-post-thumbnail","7":"category-portugal","8":"tag-breaking-news","9":"tag-breakingnews","10":"tag-carla-sousa","11":"tag-featured-news","12":"tag-featurednews","13":"tag-headlines","14":"tag-latest-news","15":"tag-latestnews","16":"tag-main-news","17":"tag-mainnews","18":"tag-news","19":"tag-noticias","20":"tag-noticias-principais","21":"tag-noticiasprincipais","22":"tag-portugal","23":"tag-principais-noticias","24":"tag-principaisnoticias","25":"tag-pt","26":"tag-top-stories","27":"tag-topstories","28":"tag-ultimas","29":"tag-ultimas-noticias","30":"tag-ultimasnoticias"},"share_on_mastodon":{"url":"https:\/\/pubeurope.com\/@pt\/115552113351462295","error":""},"_links":{"self":[{"href":"https:\/\/www.europesays.com\/pt\/wp-json\/wp\/v2\/posts\/152498","targetHints":{"allow":["GET"]}}],"collection":[{"href":"https:\/\/www.europesays.com\/pt\/wp-json\/wp\/v2\/posts"}],"about":[{"href":"https:\/\/www.europesays.com\/pt\/wp-json\/wp\/v2\/types\/post"}],"author":[{"embeddable":true,"href":"https:\/\/www.europesays.com\/pt\/wp-json\/wp\/v2\/users\/2"}],"replies":[{"embeddable":true,"href":"https:\/\/www.europesays.com\/pt\/wp-json\/wp\/v2\/comments?post=152498"}],"version-history":[{"count":0,"href":"https:\/\/www.europesays.com\/pt\/wp-json\/wp\/v2\/posts\/152498\/revisions"}],"wp:featuredmedia":[{"embeddable":true,"href":"https:\/\/www.europesays.com\/pt\/wp-json\/wp\/v2\/media\/152499"}],"wp:attachment":[{"href":"https:\/\/www.europesays.com\/pt\/wp-json\/wp\/v2\/media?parent=152498"}],"wp:term":[{"taxonomy":"category","embeddable":true,"href":"https:\/\/www.europesays.com\/pt\/wp-json\/wp\/v2\/categories?post=152498"},{"taxonomy":"post_tag","embeddable":true,"href":"https:\/\/www.europesays.com\/pt\/wp-json\/wp\/v2\/tags?post=152498"}],"curies":[{"name":"wp","href":"https:\/\/api.w.org\/{rel}","templated":true}]}}