{"id":152508,"date":"2025-11-15T06:29:13","date_gmt":"2025-11-15T06:29:13","guid":{"rendered":"https:\/\/www.europesays.com\/pt\/152508\/"},"modified":"2025-11-15T06:29:13","modified_gmt":"2025-11-15T06:29:13","slug":"portugal-no-mundial-sub-17-jogos-resultados-e-possiveis-adversarios-ate-a-final","status":"publish","type":"post","link":"https:\/\/www.europesays.com\/pt\/152508\/","title":{"rendered":"Portugal no Mundial sub-17: jogos, resultados e poss\u00edveis advers\u00e1rios at\u00e9 \u00e0 final"},"content":{"rendered":"<p>Portugal est\u00e1 nos oitavos de final do Mundial sub-17 e j\u00e1 sabe que vai defrontar o M\u00e9xico, que eliminou a Argentina, no desempate por pen\u00e1ltis, nos 16 avos de final (empate 2-2, 4-5 ap\u00f3s pen\u00e1ltis). O jogo est\u00e1 marcado para 18 de novembro.<\/p>\n<p>Esta sexta-feira, <a href=\"https:\/\/maisfutebol.iol.pt\/sub-17\/mundial-sub-17\/mundial-sub-17-portugal-vence-belgica-e-apura-se-para-os-oitavos\" target=\"_blank\" rel=\"nofollow noopener\"><strong>Portugal venceu a B\u00e9lgica por 2-1<\/strong><\/a>, com dois golos de An\u00edsio Cabral, <a href=\"https:\/\/maisfutebol.iol.pt\/mundial-sub-17\/anisio-cabral\/anisio-cabral-lidera-lista-os-melhores-marcadores-do-mundial-sub-17\" target=\"_blank\" rel=\"nofollow noopener\"><strong>avan\u00e7ado que \u00e9, para j\u00e1, o melhor marcador do Mundial sub-17<\/strong><\/a>, ainda com parte dos jogos dos 16 avos de final por realizar.<\/p>\n<p>Se se apurar para os quartos de final, Portugal poder\u00e1 ter pela frente a Su\u00ed\u00e7a ou Rep\u00fablica da Irlanda, sele\u00e7\u00f5es tamb\u00e9m apuradas esta sexta-feira para os oitavos de final e que t\u00eam duelo marcado. Chegando eventualmente \u00e0s meias-finais, a equipa treinada por Bino Ma\u00e7\u00e3es pode apanhar Mali, Fran\u00e7a, Marrocos ou Brasil, quatro sele\u00e7\u00f5es que tamb\u00e9m se apuraram esta tarde para os \u00aboitavos\u00bb, fase em que h\u00e1 um Brasil-Fran\u00e7a e um Marrocos-Mali.<\/p>\n<p>Advers\u00e1rios poss\u00edveis na final s\u00e3o, nesta altura, as 16 sele\u00e7\u00f5es do outro lado do quadro, cujos oito jogos s\u00f3 se disputam no s\u00e1bado: \u00c1ustria, Tun\u00edsia, Coreia do Sul, Inglaterra, Venezuela, Coreia do Norte, Jap\u00e3o, \u00c1frica do Sul, It\u00e1lia, Ch\u00e9quia, Cro\u00e1cia, Uzbequist\u00e3o, Senegal, Uganda, Alemanha e Burquina Faso.<\/p>\n<p><strong>Resultados, jogos e calend\u00e1rio at\u00e9 \u00e0 final<\/strong><\/p>\n<p><strong>16 avos de final:<\/strong><br \/>Jogo 73: Argentina-<strong>M\u00e9xico<\/strong>, 2-2 (4-5 ap\u00f3s pen\u00e1ltis)<br \/>Jogo 74: \u00c1ustria-Tun\u00edsia (s\u00e1bado, 15h45)<br \/>Jogo 75: It\u00e1lia-Ch\u00e9quia (s\u00e1bado, 13h00)<br \/>Jogo 76: EUA-<strong>Marrocos<\/strong>, 1-1 (3-4 ap\u00f3s pen\u00e1ltis)<br \/>Jogo 77: <strong>Brasil<\/strong>-Paraguai, 0-0 (5-4 ap\u00f3s pen\u00e1ltis)<br \/>Jogo 78: Senegal-Uganda (s\u00e1bado, 12h30)<br \/>Jogo 79: Venezuela-Coreia do Norte (s\u00e1bado, 15h15)<br \/>Jogo 80: <strong>Su\u00ed\u00e7a<\/strong>-Egito, 3-1<br \/>Jogo 81: <strong>Irlanda<\/strong>-Canad\u00e1, 1-1 (9-8 ap\u00f3s pen\u00e1ltis)<br \/>Jogo 82: Jap\u00e3o-\u00c1frica do Sul (s\u00e1bado, 13h30)<br \/>Jogo 83: Alemanha-Burquina Faso (s\u00e1bado, 14h45)<br \/>Jogo 84: <strong>Fran\u00e7a<\/strong>-Col\u00f4mbia, 2-0<br \/>Jogo 85: Z\u00e2mbia-<strong>Mali<\/strong>, 1-3<br \/>Jogo 86: Cro\u00e1cia-Uzbequist\u00e3o (s\u00e1bado, 15h45)<br \/>Jogo 87: Coreia do Sul-Inglaterra (s\u00e1bado, 12h30)<br \/>Jogo 88: <strong>Portugal<\/strong>-B\u00e9lgica, 2-1<\/p>\n<p><strong>Oitavos de final:<\/strong><br \/>Jogo 89: M\u00e9xico-Portugal (18 novembro)<br \/>Jogo 90: vencedor 74-vencedor 87 (18 novembro)<br \/>Jogo 91: vencedor 75-vencedor 86 (18 novembro)<br \/>Jogo 92: Marrocos-Mali (18 novembro)<br \/>Jogo 93: Brasil-Fran\u00e7a (18 novembro)<br \/>Jogo 94: vencedor 78-vencedor 83 (18 novembro)<br \/>Jogo 95: vencedor 79-vencedor 82 (18 novembro)<br \/>Jogo 96: Su\u00ed\u00e7a-Irlanda (18 novembro)<\/p>\n<p><strong>Quartos de final:<\/strong><br \/>Jogo 97: vencedor 89-vencedor 96 (21 novembro)<br \/>Jogo 98: vencedor 90-vencedor 95 (21 novembro)<br \/>Jogo 99: vencedor 91-vencedor 94 (21 novembro)<br \/>Jogo 100: vencedor 92-vencedor 93 (21 novembro)<\/p>\n<p><strong>Meias-finais:<\/strong><br \/>Jogo 101: vencedor 97-vencedor 100 (24 novembro)<br \/>Jogo 102: vencedor 98-vencedor 99 (24 novembro)<\/p>\n<p><strong>Jogo de terceiro e quarto lugar:<\/strong><br \/>Jogo 103: derrotado 101-derrotado 102 (27 novembro)<\/p>\n<p><strong>Final:<\/strong><br \/>Jogo 104: vencedor 101-vencedor 102 (27 novembro)<\/p>\n","protected":false},"excerpt":{"rendered":"Portugal est\u00e1 nos oitavos de final do Mundial sub-17 e j\u00e1 sabe que vai defrontar o M\u00e9xico, que&hellip;\n","protected":false},"author":2,"featured_media":152509,"comment_status":"","ping_status":"","sticky":false,"template":"","format":"standard","meta":{"footnotes":""},"categories":[87],"tags":[32971,135,5433,32970,46,30972,32,33,47,5434,32972,4338,134,32969],"class_list":{"0":"post-152508","1":"post","2":"type-post","3":"status-publish","4":"format-standard","5":"has-post-thumbnail","7":"category-desporto","8":"tag-calendario-jogos-mundial-sub-17","9":"tag-desporto","10":"tag-jogos-hoje","11":"tag-jogos-mundial-sub-17","12":"tag-maisfutebol","13":"tag-mundial-sub-17","14":"tag-portugal","15":"tag-pt","16":"tag-pura-paixao","17":"tag-resultados-hoje","18":"tag-resultados-mundial-sub-17","19":"tag-selecao","20":"tag-sports","21":"tag-sub-17-portugal"},"share_on_mastodon":{"url":"https:\/\/pubeurope.com\/@pt\/115552305946842255","error":""},"_links":{"self":[{"href":"https:\/\/www.europesays.com\/pt\/wp-json\/wp\/v2\/posts\/152508","targetHints":{"allow":["GET"]}}],"collection":[{"href":"https:\/\/www.europesays.com\/pt\/wp-json\/wp\/v2\/posts"}],"about":[{"href":"https:\/\/www.europesays.com\/pt\/wp-json\/wp\/v2\/types\/post"}],"author":[{"embeddable":true,"href":"https:\/\/www.europesays.com\/pt\/wp-json\/wp\/v2\/users\/2"}],"replies":[{"embeddable":true,"href":"https:\/\/www.europesays.com\/pt\/wp-json\/wp\/v2\/comments?post=152508"}],"version-history":[{"count":0,"href":"https:\/\/www.europesays.com\/pt\/wp-json\/wp\/v2\/posts\/152508\/revisions"}],"wp:featuredmedia":[{"embeddable":true,"href":"https:\/\/www.europesays.com\/pt\/wp-json\/wp\/v2\/media\/152509"}],"wp:attachment":[{"href":"https:\/\/www.europesays.com\/pt\/wp-json\/wp\/v2\/media?parent=152508"}],"wp:term":[{"taxonomy":"category","embeddable":true,"href":"https:\/\/www.europesays.com\/pt\/wp-json\/wp\/v2\/categories?post=152508"},{"taxonomy":"post_tag","embeddable":true,"href":"https:\/\/www.europesays.com\/pt\/wp-json\/wp\/v2\/tags?post=152508"}],"curies":[{"name":"wp","href":"https:\/\/api.w.org\/{rel}","templated":true}]}}