{"id":152516,"date":"2025-11-15T06:51:12","date_gmt":"2025-11-15T06:51:12","guid":{"rendered":"https:\/\/www.europesays.com\/pt\/152516\/"},"modified":"2025-11-15T06:51:12","modified_gmt":"2025-11-15T06:51:12","slug":"adriane-galisteu-disputa-biografia-de-ayrton-senna-14-11-2025-gustavo-alonso","status":"publish","type":"post","link":"https:\/\/www.europesays.com\/pt\/152516\/","title":{"rendered":"Adriane Galisteu disputa biografia de Ayrton Senna &#8211; 14\/11\/2025 &#8211; Gustavo Alonso"},"content":{"rendered":"<p>O document\u00e1rio <a href=\"https:\/\/www1.folha.uol.com.br\/ilustrada\/2025\/11\/meu-ayrton-por-adriane-galisteu-o-que-ver-na-tv-e-no-streaming-nesta-quinta.shtml\" rel=\"nofollow noopener\" target=\"\">&#8220;Meu Ayrton, por Adriane Galisteu&#8221; <\/a>estreou na <a href=\"https:\/\/www1.folha.uol.com.br\/folha-topicos\/max\/\" rel=\"nofollow noopener\" target=\"\">HBO Max<\/a> em 6 de novembro. Dividido em dois epis\u00f3dios, a s\u00e9rie narra o relacionamento da modelo e apresentadora com<a href=\"https:\/\/www1.folha.uol.com.br\/folha-topicos\/ayrton-senna\/\" rel=\"nofollow noopener\" target=\"\"> Senna<\/a>, o mito da <a href=\"https:\/\/www1.folha.uol.com.br\/esporte\/velocidade\/\" rel=\"nofollow noopener\" target=\"\">F\u00f3rmula 1<\/a>. Contado de forma pessoal, o document\u00e1rio relata os \u00faltimos dias dele sob a perspectiva dela.<\/p>\n<p>O <a href=\"https:\/\/www1.folha.uol.com.br\/folha-topicos\/documentario\/\" rel=\"nofollow noopener\" target=\"\">document\u00e1rio<\/a> de <a href=\"https:\/\/www1.folha.uol.com.br\/folha-topicos\/adriane-galisteu\/\" rel=\"nofollow noopener\" target=\"\">Galisteu<\/a> \u00e9, de certa forma, uma resposta tardia \u00e0s recentes homenagens pelos 30 anos da morte do piloto. Em 2024 duas s\u00e9ries foram lan\u00e7adas. Em <a href=\"https:\/\/www1.folha.uol.com.br\/esporte\/2024\/05\/senna-ganha-funcao-de-narrador-de-sua-historia-em-serie-do-globoplay.shtml\" rel=\"nofollow noopener\" target=\"\">&#8220;Senna por Ayrton&#8221;<\/a>, document\u00e1rio produzido pelo <a href=\"https:\/\/www1.folha.uol.com.br\/ilustrada\/2025\/11\/globoplay-completa-dez-anos-no-ar-e-deseja-se-aproximar-da-televisao-mais-tradicional.shtml\" rel=\"nofollow noopener\" target=\"\">Globoplay<\/a>, havia a pretens\u00e3o de se contar a carreira do piloto a partir de seu pr\u00f3prio ponto de vista. Adriane foi limada. Em <a href=\"https:\/\/www1.folha.uol.com.br\/ilustrada\/2024\/11\/vitorias-polemicas-e-amores-de-ayrton-senna-ressurgem-em-serie-luxuosa-da-netflix.shtml\" rel=\"nofollow noopener\" target=\"\">&#8220;Senna&#8221;<\/a>, s\u00e9rie lan\u00e7ada pela <a href=\"https:\/\/www1.folha.uol.com.br\/folha-topicos\/netflix\/\" rel=\"nofollow noopener\" target=\"\">Netflix<\/a>, ela at\u00e9 aparece, mas como um personagem completamente irrelevante.<\/p>\n<p>De fato, a rela\u00e7\u00e3o de Galisteu e Senna durou pouco. De mar\u00e7o de 1993, quando se conheceram na corrida de Interlagos, at\u00e9 a morte do piloto em 1 de maio de 1994, o <a href=\"https:\/\/www1.folha.uol.com.br\/equilibrio\/relacionamentos\/\" rel=\"nofollow noopener\" target=\"\">relacionamento<\/a> durou menos de um ano e meio. Mas a forma como Adriane foi limada da narrativa acerca dos \u00faltimos dias da vida de Ayrton abre flanco para que muitos percebam o apagamento.<\/p>\n<p>Nas narrativas sobre a vida do piloto, os \u00faltimos tempos s\u00e3o sempre apresentados como anos agoniados e cheios de tens\u00e3o. A \u00faltima vez que Senna fora campe\u00e3o foi em 1991. Em 1994, havia press\u00e3o de todos os lados. Galisteu viveu tudo isso de perto. E da morte de Senna em diante, seu papel foi expurgado de vez.<\/p>\n<p>No vel\u00f3rio do piloto, Galisteu foi escanteada pela fam\u00edlia de forma bizarra. De l\u00e1 pra c\u00e1, quase todas as obras acerca de Senna s\u00e3o autorizadas pelos familiares, capitaneados pela irm\u00e3 Viviane Senna.<\/p>\n<p>H\u00e1 duas honrosas exce\u00e7\u00f5es que escaparam ao controle familiar. A melhor biografia de Senna \u00e9 &#8220;Ayrton, o her\u00f3i revelado&#8221;, de <a href=\"https:\/\/m.folha.uol.com.br\/esporte\/2008\/10\/461420-estresse-marcou-titulo-de-1988-de-senna-diz-biografo.shtml\" rel=\"nofollow noopener\" target=\"\">Ernesto Rodrigues<\/a>, publicada em 2004. Detalhista e bem escrito, \u00e9 um livro que n\u00e3o contou com as b\u00ean\u00e7\u00e3os e nem sequer conseguiu entrevistar familiares do piloto, que negaram-se a colaborar. Isso permitiu ao autor uma salutar dist\u00e2ncia frente ao mito, construindo uma narrativa em que o Senna da vida privada n\u00e3o \u00e9 idealizado.<\/p>\n<p>Outra obra que buscou disputar a imagem santificada do piloto \u00e9 o livro &#8220;Caminho das borboletas: meus 405 dias ao lado de Ayrton Senna&#8221;, publicado por Galisteu, em novembro de 1994. Para quem leu este livro, n\u00e3o h\u00e1 grandes revela\u00e7\u00f5es em &#8220;Meu Ayrton, por Adriane Galisteu&#8221;.<\/p>\n<p>Mesmo sem grandes novidades, o mais importante do document\u00e1rio de Adriane Galisteu \u00e9 a sua disposi\u00e7\u00e3o em disputar o mito nacional. \u00c9 uma obra que talvez sequer seria lan\u00e7ada h\u00e1 10 anos.<\/p>\n<p><a href=\"https:\/\/www1.folha.uol.com.br\/colunas\/gustavo-alonso\/2025\/09\/o-stf-e-o-genero-true-crime-no-brasil.shtml\" rel=\"nofollow noopener\" target=\"_blank\">Fora este colunista<\/a>, ningu\u00e9m na imprensa parece ter celebrado os dez anos de uma decis\u00e3o hist\u00f3rica do <a href=\"https:\/\/www1.folha.uol.com.br\/poder\/stf\/\" rel=\"nofollow noopener\" target=\"\">STF<\/a> em 2015. Desde o in\u00edcio do mil\u00eanio, v\u00e1rios bi\u00f3grafos vinham sendo tolhidos de escrever, filmar e documentar vidas p\u00fablicas, pois as fam\u00edlias ou os pr\u00f3prios biografados embargavam obras.<\/p>\n<p>Ficou c\u00e9lebre o caso do autor Paulo C\u00e9sar de Ara\u00fajo, que teve seu livro <a href=\"https:\/\/www1.folha.uol.com.br\/colunas\/gustavo-alonso\/2021\/12\/roberto-carlos-outra-vez-reacende-debate-sobre-censura-na-mpb.shtml\" rel=\"nofollow noopener\" target=\"_blank\">&#8220;Roberto Carlos em detalhes&#8221;<\/a> proibido em todo territ\u00f3rio nacional a pedido do rei em 2007. Ara\u00fajo ainda enfrentou demandas de indeniza\u00e7\u00e3o e pris\u00e3o. Tudo isso sem que houvesse sequer uma mentira em seu livro. Simplesmente porque Roberto Carlos n\u00e3o gostou de sua narrativa.<\/p>\n<p>Outros autores tiveram problemas com as fam\u00edlias dos biografados, como foi o caso de <a href=\"https:\/\/www1.folha.uol.com.br\/colunas\/ruycastro\/\" rel=\"nofollow noopener\" target=\"\">Ruy Castro<\/a> e as filhas de <a href=\"https:\/\/www1.folha.uol.com.br\/blogs\/o-mundo-e-uma-bola\/2023\/10\/ha-90-anos-nascia-garrincha-o-craque-das-pernas-tortas.shtml\" rel=\"nofollow noopener\" target=\"\">Garrincha<\/a>, seu biografado em &#8220;Estrela solit\u00e1ria&#8221;. Foi tamb\u00e9m o caso do autor Benjamin Moser, que enfrentou familiares irados de <a href=\"https:\/\/www1.folha.uol.com.br\/folha-topicos\/clarice-lispector\/\" rel=\"nofollow noopener\" target=\"\">Clarice Lispector<\/a>.<\/p>\n<p>Os biografados e seus familiares entendiam que a vida de pessoas p\u00fablicas s\u00f3 deveria ser contada por eles mesmos, ou com suas autoriza\u00e7\u00f5es. Espantou muito na \u00e9poca que grandes artistas da <a href=\"https:\/\/www1.folha.uol.com.br\/folha-topicos\/mpb\/\" rel=\"nofollow noopener\" target=\"\">MPB<\/a>, como <a href=\"https:\/\/www1.folha.uol.com.br\/colunas\/gustavo-alonso\/2024\/06\/caetano-veloso-conta-moedas.shtml\" rel=\"nofollow noopener\" target=\"_blank\">Caetano Veloso<\/a>,<a href=\"https:\/\/www1.folha.uol.com.br\/colunas\/gustavo-alonso\/2024\/06\/o-lado-b-de-chico-buarque.shtml\" rel=\"nofollow noopener\" target=\"_blank\"> Chico Buarque<\/a>, Milton Nascimento, <a href=\"https:\/\/www1.folha.uol.com.br\/colunas\/gustavo-alonso\/2025\/01\/gilberto-gil-prova-do-proprio-veneno.shtml\" rel=\"nofollow noopener\" target=\"_blank\">Gilberto Gil<\/a>, Djavan e <a href=\"https:\/\/www1.folha.uol.com.br\/colunas\/gustavo-alonso\/2022\/06\/caetano-gil-e-outros-se-safaram-apos-apoiarem-censura-a-biografias.shtml\" rel=\"nofollow noopener\" target=\"_blank\">v\u00e1rios outros<\/a> unidos no grupo autointitulado &#8220;Procure Saber&#8221; tenham aderido \u00e0 ideia de censura defendida por Roberto.<\/p>\n<p>A repercuss\u00e3o foi enorme e, apesar de quase ningu\u00e9m se lembrar hoje, o mercado de biografias impresso, visual e em \u00e1udio, estava estrangulado pelo medo. Muitas produ\u00e7\u00f5es sequer sa\u00edam do papel.<\/p>\n<p>Diante da press\u00e3o da sociedade, em 2015 o STF se pronunciou sobre o assunto. E garantiu o direito de express\u00e3o dos autores, sem censura pr\u00e9via.<\/p>\n<p>Foi uma vit\u00f3ria hist\u00f3rica. Sem ela n\u00e3o haveria grande parte das produ\u00e7\u00f5es de sucesso de hoje em dia. Sem a garantia da lei de 2015, a R\u00e1dio Novelo n\u00e3o teria condi\u00e7\u00f5es de produzir seus \u00f3timos podcasts biogr\u00e1ficos <a href=\"https:\/\/www1.folha.uol.com.br\/ilustrada\/2020\/11\/podcast-retrato-narrado-busca-explicar-como-jair-virou-bolsonaro.shtml\" rel=\"nofollow noopener\" target=\"\">&#8220;Retrato Narrado&#8221;<\/a>, sobre <a href=\"https:\/\/www1.folha.uol.com.br\/folha-topicos\/jair-bolsonaro\/\" rel=\"nofollow noopener\" target=\"\">Bolsonaro<\/a>, nem <a href=\"https:\/\/www1.folha.uol.com.br\/ilustrada\/2020\/09\/podcast-praia-dos-ossos-triunfa-ao-analisar-o-que-e-ser-mulher-no-brasil.shtml\" rel=\"nofollow noopener\" target=\"\">&#8220;Praia dos Ossos&#8221;<\/a>, sobre o <a href=\"https:\/\/www1.folha.uol.com.br\/folha-topicos\/feminicidio\/\" rel=\"nofollow noopener\" target=\"\">feminic\u00eddio<\/a> de \u00c2ngela Diniz.<\/p>\n<p>Tampouco existiria a s\u00e9rie <a href=\"https:\/\/www1.folha.uol.com.br\/amp\/ilustrada\/2025\/11\/como-sagas-de-angela-diniz-e-adriane-galisteu-evocam-o-apagamento-pelo-machismo.shtml\" rel=\"nofollow noopener\" target=\"\">&#8220;\u00c2ngela Diniz: assassinada e condenada&#8221;<\/a>, que estreou esta semana no HBO Max. Ou o grande sucesso do streaming no \u00faltimo m\u00eas, a <a href=\"https:\/\/www1.folha.uol.com.br\/colunas\/gustavo-alonso\/2025\/09\/o-stf-e-o-genero-true-crime-no-brasil.shtml\" rel=\"nofollow noopener\" target=\"_blank\">s\u00e9rie &#8220;Trememb\u00e9&#8221;,<\/a> que conta a vida dos presidi\u00e1rios famosos do mundo criminal brasileiro. Qualquer biografado poderia embargar as s\u00e9ries. At\u00e9 os pr\u00f3prios assassinos poderiam faz\u00ea-lo, em nome da ideia de que s\u00f3 eles poderiam falar de si, penalizando essas obras de arte mesmo que corretas.<\/p>\n<p>Adriane Galisteu construiu uma carreira de brilho pr\u00f3prio, para al\u00e9m de sua curta trajet\u00f3ria com Senna. E tem a coragem de disputar a vers\u00e3o mitificada do piloto, sempre com eleg\u00e2ncia e sem demonstrar m\u00e1goa. Um Senna mais humano aparece em seu relato.<\/p>\n<p class=\"c-context__content\">&#13;<br \/>\n    <strong>LINK PRESENTE:<\/strong> Gostou deste texto? Assinante pode liberar sete acessos gratuitos de qualquer link por dia. Basta clicar no F azul abaixo.&#13;\n  <\/p>\n","protected":false},"excerpt":{"rendered":"O document\u00e1rio &#8220;Meu Ayrton, por Adriane Galisteu&#8221; estreou na HBO Max em 6 de novembro. Dividido em dois&hellip;\n","protected":false},"author":2,"featured_media":152517,"comment_status":"","ping_status":"","sticky":false,"template":"","format":"standard","meta":{"footnotes":""},"categories":[145],"tags":[3433,2642,3434,211,210,470,1414,114,115,236,971,1626,32973,603,1627,32,33,1978,32974,10227,941,4179,4242],"class_list":{"0":"post-152516","1":"post","2":"type-post","3":"status-publish","4":"format-standard","5":"has-post-thumbnail","7":"category-celebridades","8":"tag-adriane-galisteu","9":"tag-amor","10":"tag-ayrton-senna","11":"tag-celebridades","12":"tag-celebrities","13":"tag-cinema","14":"tag-documentario","15":"tag-entertainment","16":"tag-entretenimento","17":"tag-folha","18":"tag-formula-1","19":"tag-hbo","20":"tag-instituto-ayrton-senna","21":"tag-justica","22":"tag-max","23":"tag-portugal","24":"tag-pt","25":"tag-relacionamento","26":"tag-relacionamento-amoroso","27":"tag-relacionamentos","28":"tag-series","29":"tag-stf","30":"tag-supremo-tribunal-federal"},"share_on_mastodon":{"url":"https:\/\/pubeurope.com\/@pt\/115552392481543149","error":""},"_links":{"self":[{"href":"https:\/\/www.europesays.com\/pt\/wp-json\/wp\/v2\/posts\/152516","targetHints":{"allow":["GET"]}}],"collection":[{"href":"https:\/\/www.europesays.com\/pt\/wp-json\/wp\/v2\/posts"}],"about":[{"href":"https:\/\/www.europesays.com\/pt\/wp-json\/wp\/v2\/types\/post"}],"author":[{"embeddable":true,"href":"https:\/\/www.europesays.com\/pt\/wp-json\/wp\/v2\/users\/2"}],"replies":[{"embeddable":true,"href":"https:\/\/www.europesays.com\/pt\/wp-json\/wp\/v2\/comments?post=152516"}],"version-history":[{"count":0,"href":"https:\/\/www.europesays.com\/pt\/wp-json\/wp\/v2\/posts\/152516\/revisions"}],"wp:featuredmedia":[{"embeddable":true,"href":"https:\/\/www.europesays.com\/pt\/wp-json\/wp\/v2\/media\/152517"}],"wp:attachment":[{"href":"https:\/\/www.europesays.com\/pt\/wp-json\/wp\/v2\/media?parent=152516"}],"wp:term":[{"taxonomy":"category","embeddable":true,"href":"https:\/\/www.europesays.com\/pt\/wp-json\/wp\/v2\/categories?post=152516"},{"taxonomy":"post_tag","embeddable":true,"href":"https:\/\/www.europesays.com\/pt\/wp-json\/wp\/v2\/tags?post=152516"}],"curies":[{"name":"wp","href":"https:\/\/api.w.org\/{rel}","templated":true}]}}