{"id":152522,"date":"2025-11-15T07:08:09","date_gmt":"2025-11-15T07:08:09","guid":{"rendered":"https:\/\/www.europesays.com\/pt\/152522\/"},"modified":"2025-11-15T07:08:09","modified_gmt":"2025-11-15T07:08:09","slug":"dois-meses-de-fogo-no-feno-relembre-momentos-que-entraram-para-a-historia-de-a-fazenda-r7","status":"publish","type":"post","link":"https:\/\/www.europesays.com\/pt\/152522\/","title":{"rendered":"Dois meses de fogo no feno! Relembre momentos que entraram para a hist\u00f3ria de A Fazenda &#8211; R7"},"content":{"rendered":"<ol>\n<li><a href=\"https:\/\/news.google.com\/rss\/articles\/CBMi7gFBVV95cUxQRmpTc0tnUzV5M3k2LU1ET0tGVUFVWnM3VzJfMHdFQ3pFSGdVMkJaajlzZ3NiNjBqN0NuTHNFdHlhZGk3N0ZSNzZuSUV2REduTHd2Um95anZHWG0tcDF1Ml9ZRXY4TndaVzB3aHhyb2Rrc01PV3BlSXhlMmFjWU9zZEVrSm10Tng2U0ZKeUpYbG5aY0ZWUHNyeG02R2xQejFaWW9OVXhpcnV3SnlXREZ0TWc0bHM2Ti1GQnB4ZUhMb284cmlOanh6V0tLZEltb3poX01jTjNwQklGODhBUEVQbnR1N1R4S3RvSkdicjRB?oc=5\" target=\"_blank\" rel=\"nofollow noopener\">Dois meses de fogo no feno! Relembre momentos que entraram para a hist\u00f3ria de A Fazenda<\/a>&nbsp;&nbsp;R7<\/li>\n<li><a href=\"https:\/\/news.google.com\/rss\/articles\/CBMirwFBVV95cUxPbjR0VWFyYUZURGlXMS01WlhuQURMQ3owbzNRR0p3TkRqdU8xUHR6ZmtJeExDbUNua1o2SWE5dTlhcHF4Yzk4UVRXWlN0QUF0M3FZbl9tZTJ3OGpFSmc0c3BUTkpIaERRbkFJWW5YZnJHN2ljenk0WV9NZjFUdVlUVGVFYm8zVzV2TGhSdUlzWUEwcEZlTjFjYnp4bU82MDhVYnBHMkJQM2pEMEJpRklv0gG3AUFVX3lxTE4xS2VlRmdhMWtqa3FMOXlCeHRGQ0xrRkZfRGk0TUI0QWlRbEhMUVZIWm9ZU0lveG5veEtwSE5RbDkyMlNncUVLQXV0VlpwRi1fRWppWUE3MjVqV0V4bl94cDFiTWlqelBickdQd3BvZnhkd0FLcEdYWGVBR1drdzMzMUFyY1ZQLTktU0dXYmdTaXc2SGRvbFk4NTV6RThRNGkxdVZkdGtwT1dGcHR3R1pfaDBGZ1hCNA?oc=5\" target=\"_blank\" rel=\"nofollow noopener\">Resumo A Fazenda: Galisteu d\u00e1 esporro, Saory reclama da Record e treta &#8211; iBahia<\/a>&nbsp;&nbsp;ibahia.com<\/li>\n<li><a href=\"https:\/\/news.google.com\/rss\/articles\/CBMipwFBVV95cUxQWjFWZjV4TWp5anRVLW8zQmR4dHRENHBoS0lRSWpJRmV6cnNXbU5jN01DWFAyV0hxNGpqVm5HS3k4UURSbjI1VDFYdDV3cEhzWFdIRFlaRERIVHpadjJ0cjNWcC1kMzFtZXpkUVBOcjJIOGFvazBYd3VWcmM5Y2hpaTVveUVoMGFfS1NRak5fRXkxSVA5OHZoYXVHenBHQkNOMnN6X0dOY9IBrAFBVV95cUxQOC1WTWpJZGc5bktNTF9GaFVHY3plTy1abHNqRFJRa092dDE1Z2xKeFBDSVk1ZVlZeG9xclBLZGEtX1NiczEyREtGSEJiNVJkSzdBRFc3WlA5S25rc2NiNmRhUjlGb2otLXRiazNsazVYbnhVZmhrNnlRcHFWM2QtaEpyREhtTzlHNFhOdEFXa0F2NV9rTEc5cnpWdUJJUHR6TVdoN2NuQTVQOFFy?oc=5\" target=\"_blank\" rel=\"nofollow noopener\">Tretas e reviravoltas marcam madrugada agitada em \u201cA Fazenda 17\u201d &#8211; ContilNet Not\u00edcias<\/a>&nbsp;&nbsp;ContilNet Not\u00edcias<\/li>\n<li><a href=\"https:\/\/news.google.com\/rss\/articles\/CBMitAFBVV95cUxQS2dHNWhibGRCcVRsRHJPd3lrTXRtM1VlODdxTE9NYmtmOTVXNXRDRUE3cW1RQkQwUGVKZ2FBVGEtNmpJa2FTeVA1eVFmOWR6T3NFSnp0cDFkeXRVV1pmNVAtbmlCUWRyYnB4RUNyUEp0SkY1QkdWa2IyaE5IMXV0Wk5WWXRKV3JzV2dna0pfZURmbHJ2UXdmaE84dmc5R1IxN3dlNE9aQXp6U2dscmt5YzRGN0_SAboBQVVfeXFMT3Nrdk43NmFUUHhJRGN2cGxOblU1NTBiMEhmQ2ZVZHV2ZTJxcGxQRUlORjFJR2ZTLXlHRjdITGR4eU5PTDFfemhvR3FYV0RhQS16ZTlJOTNLei1Gdk5oOFE5VmlaSVhUUXFTYzBBRnlhV3RSc012RURpbXprSGNpcDdwam9tUTBwZ2luUUVqYklhdjZhdmUwTkVxeWxra1RiUFZWQ3A3UXBiajdVVWRmS0Zmb2NtOVpfUDB3?oc=5\" target=\"_blank\" rel=\"nofollow noopener\">Provoca\u00e7\u00f5es e advert\u00eancia da produ\u00e7\u00e3o acompanham elimina\u00e7\u00e3o em \u201cA Fazenda 17\u201d<\/a>&nbsp;&nbsp;Portal Leo Dias<\/li>\n<li><a href=\"https:\/\/news.google.com\/rss\/articles\/CBMi1wFBVV95cUxOcndKTWNjMTRUTWF5bkNSMElYMVNBVWlrbXlhbldKVm5TSWJhazlmclVjaVpGeWNBN3F4cmltVWV4c18wOEQ4Zm9hdnNjZTM3TXp6X0RGOWZYb3Z6UnVSWTdsdFpxRi1ET29sazJWX0d0RVg0MWxSdmNnMXRYalV6NkxOdldzTkdNZk1DdjN4T21PNEtKaWlTcFZWTDVWeDNNR09HUFI2Ymt6Q2g3VzlHSm9tWWZ6UEJXTVZuNDdlODQ5X0hMV0pRV0EzV1VmSW02ckY1UEg4SQ?oc=5\" target=\"_blank\" rel=\"nofollow noopener\">Ricky Hiraoka: Insist\u00eancia da Record em produ\u00e7\u00e3o religiosa sabota audi\u00eancia de &#8216;A Fazenda&#8217;<\/a>&nbsp;&nbsp;uol.com.br<\/li>\n<\/ol>\n","protected":false},"excerpt":{"rendered":"Dois meses de fogo no feno! Relembre momentos que entraram para a hist\u00f3ria de A Fazenda&nbsp;&nbsp;R7 Resumo A&hellip;\n","protected":false},"author":2,"featured_media":152523,"comment_status":"","ping_status":"","sticky":false,"template":"","format":"standard","meta":{"footnotes":""},"categories":[142],"tags":[657,3433,114,115,32,33,151],"class_list":{"0":"post-152522","1":"post","2":"type-post","3":"status-publish","4":"format-standard","5":"has-post-thumbnail","7":"category-tv","8":"tag-a-fazenda","9":"tag-adriane-galisteu","10":"tag-entertainment","11":"tag-entretenimento","12":"tag-portugal","13":"tag-pt","14":"tag-tv"},"share_on_mastodon":{"url":"https:\/\/pubeurope.com\/@pt\/115552459417886973","error":""},"_links":{"self":[{"href":"https:\/\/www.europesays.com\/pt\/wp-json\/wp\/v2\/posts\/152522","targetHints":{"allow":["GET"]}}],"collection":[{"href":"https:\/\/www.europesays.com\/pt\/wp-json\/wp\/v2\/posts"}],"about":[{"href":"https:\/\/www.europesays.com\/pt\/wp-json\/wp\/v2\/types\/post"}],"author":[{"embeddable":true,"href":"https:\/\/www.europesays.com\/pt\/wp-json\/wp\/v2\/users\/2"}],"replies":[{"embeddable":true,"href":"https:\/\/www.europesays.com\/pt\/wp-json\/wp\/v2\/comments?post=152522"}],"version-history":[{"count":0,"href":"https:\/\/www.europesays.com\/pt\/wp-json\/wp\/v2\/posts\/152522\/revisions"}],"wp:featuredmedia":[{"embeddable":true,"href":"https:\/\/www.europesays.com\/pt\/wp-json\/wp\/v2\/media\/152523"}],"wp:attachment":[{"href":"https:\/\/www.europesays.com\/pt\/wp-json\/wp\/v2\/media?parent=152522"}],"wp:term":[{"taxonomy":"category","embeddable":true,"href":"https:\/\/www.europesays.com\/pt\/wp-json\/wp\/v2\/categories?post=152522"},{"taxonomy":"post_tag","embeddable":true,"href":"https:\/\/www.europesays.com\/pt\/wp-json\/wp\/v2\/tags?post=152522"}],"curies":[{"name":"wp","href":"https:\/\/api.w.org\/{rel}","templated":true}]}}