{"id":152537,"date":"2025-11-15T07:50:24","date_gmt":"2025-11-15T07:50:24","guid":{"rendered":"https:\/\/www.europesays.com\/pt\/152537\/"},"modified":"2025-11-15T07:50:24","modified_gmt":"2025-11-15T07:50:24","slug":"liliana-vai-voltar-para-o-ex-noivo-ze-ex-concorrente-faz-revelacao-polemica-e-atira-o-fabio-merece-melhor-secret-story","status":"publish","type":"post","link":"https:\/\/www.europesays.com\/pt\/152537\/","title":{"rendered":"Liliana vai voltar para o ex-noivo Z\u00e9? Ex-concorrente faz revela\u00e7\u00e3o pol\u00e9mica e atira: \u00abO F\u00e1bio merece melhor\u00bb &#8211; Secret Story"},"content":{"rendered":"<p><strong>Liliana entrou no Secret Story 9 <\/strong>depois de ter sido pedida em casamento em plena gala de estreia pelo ent\u00e3o namorado, <strong>Z\u00e9<\/strong>. Os dois planeavam entrar juntos, mas o jovem ficou \u00e0 porta e a noiva acabou por se apaixonar por F\u00e1bio e <a href=\"https:\/\/tvi.iol.pt\/secretstory\/ze\/liliana\/no-dia-dedicado-a-quem-esta-sozinho-foram-os-antigos-colegas-de-liliana-a-estar-ao-lado-de-ze\" rel=\"nofollow noopener\" target=\"_blank\">terminou o noivado em direto,<\/a> semanas depois do pedido. <strong>Mas ser\u00e1 que ainda h\u00e1 possibilidade de os dois reatarem?<\/strong><\/p>\n<p>H\u00e1 quem acredite que sim. Mas vamos por partes:<a href=\"https:\/\/tvi.iol.pt\/secretstory\/fotos\/ze-e-agora-influencer-as-fotos-mais-badaladas-do-ex-noivo-de-liliana\/691481f5d34e3caad84b3323\" rel=\"nofollow noopener\" target=\"_blank\">\u00a0<strong>Liliana e F\u00e1bio decidiram assumir o que sentem <\/strong><\/a>e t\u00eam sido um dos casais protagonistas do <strong>Secret Story 9. <\/strong>No entanto, nem tudo s\u00e3o rosas e os dois t\u00eam enfrentado crises de ci\u00fames que j\u00e1 levam os espectadores a questionar se a rela\u00e7\u00e3o ter\u00e1 pernas para andar.<\/p>\n<p>Um deles \u00e9 <strong>F\u00e1bio Daniel<\/strong>, ex-concorrente da edi\u00e7\u00e3o, que at\u00e9 acha que Lili poder\u00e1 estar a preparar-se para voltar para o ex-noivo Z\u00e9.<\/p>\n<p>No X, antigo Twitter, <a href=\"https:\/\/tvi.iol.pt\/secretstory\/mais-vistos\" rel=\"nofollow noopener\" target=\"_blank\">F\u00e1bio Daniel escreveu:<\/a> \u00abVou dizer uma coisa pol\u00e9mica (ou se calhar n\u00e3o). <strong>C\u00e1 fora espero que a Liliana e o Z\u00e9 fiquem juntos novamente.<\/strong> N\u00e3o, meus queridos\u2026 n\u00e3o \u00e9 porque acho que \u00e9 bonito<strong>\u00bb.<\/strong><\/p>\n<p><strong>\u00ab\u00c9 porque come\u00e7o a achar que o F\u00e1bio merece melhor e Liliana e Z\u00e9 parecem-me ter objetivos de vida parecidos\u00bb,<\/strong> adiantou.<\/p>\n<p><strong>Veja tudo aqui:<\/strong><\/p>\n<blockquote class=\"twitter-tweet\">\n<p lang=\"pt\">Vou dizer uma coisa pol\u00e9mica (ou se calhar n\u00e3o).<br \/>C\u00e1 fora espero que a Liliana e o Z\u00e9 fiquem juntos novamente. N\u00e3o, meus queridos\u2026 n\u00e3o \u00e9 porque acho que \u00e9 bonito.<br \/>\u00c9 porque come\u00e7o a achar que o F\u00e1bio merece melhor e Liliana e Z\u00e9 parecem-me ter objetivos de vida parecidos <a href=\"https:\/\/twitter.com\/hashtag\/sstvi?src=hash&amp;ref_src=twsrc%5Etfw\" rel=\"nofollow noopener\" target=\"_blank\">#sstvi<\/a><\/p>\n<p> \u2014 F\u00e1bio Daniel &#8211; SS9 (@fabiodanielss9) <a href=\"https:\/\/twitter.com\/fabiodanielss9\/status\/1988325563120185702?ref_src=twsrc%5Etfw\" rel=\"nofollow noopener\" target=\"_blank\">November 11, 2025<\/a>\n<\/p><\/blockquote>\n<p>                        <script async src=\"https:\/\/platform.twitter.com\/widgets.js\" charset=\"utf-8\"><\/script><\/p>\n","protected":false},"excerpt":{"rendered":"Liliana entrou no Secret Story 9 depois de ter sido pedida em casamento em plena gala de estreia&hellip;\n","protected":false},"author":2,"featured_media":152538,"comment_status":"","ping_status":"","sticky":false,"template":"","format":"standard","meta":{"footnotes":""},"categories":[142],"tags":[114,115,19082,3436,18800,32,33,151,162,18801,975],"class_list":{"0":"post-152537","1":"post","2":"type-post","3":"status-publish","4":"format-standard","5":"has-post-thumbnail","7":"category-tv","8":"tag-entertainment","9":"tag-entretenimento","10":"tag-fabio","11":"tag-liliana-filipa","12":"tag-momentos-virais-secret-story","13":"tag-portugal","14":"tag-pt","15":"tag-tv","16":"tag-tvi","17":"tag-videos-virais-concorrentes","18":"tag-ze"},"share_on_mastodon":{"url":"https:\/\/pubeurope.com\/@pt\/115552624493719482","error":""},"_links":{"self":[{"href":"https:\/\/www.europesays.com\/pt\/wp-json\/wp\/v2\/posts\/152537","targetHints":{"allow":["GET"]}}],"collection":[{"href":"https:\/\/www.europesays.com\/pt\/wp-json\/wp\/v2\/posts"}],"about":[{"href":"https:\/\/www.europesays.com\/pt\/wp-json\/wp\/v2\/types\/post"}],"author":[{"embeddable":true,"href":"https:\/\/www.europesays.com\/pt\/wp-json\/wp\/v2\/users\/2"}],"replies":[{"embeddable":true,"href":"https:\/\/www.europesays.com\/pt\/wp-json\/wp\/v2\/comments?post=152537"}],"version-history":[{"count":0,"href":"https:\/\/www.europesays.com\/pt\/wp-json\/wp\/v2\/posts\/152537\/revisions"}],"wp:featuredmedia":[{"embeddable":true,"href":"https:\/\/www.europesays.com\/pt\/wp-json\/wp\/v2\/media\/152538"}],"wp:attachment":[{"href":"https:\/\/www.europesays.com\/pt\/wp-json\/wp\/v2\/media?parent=152537"}],"wp:term":[{"taxonomy":"category","embeddable":true,"href":"https:\/\/www.europesays.com\/pt\/wp-json\/wp\/v2\/categories?post=152537"},{"taxonomy":"post_tag","embeddable":true,"href":"https:\/\/www.europesays.com\/pt\/wp-json\/wp\/v2\/tags?post=152537"}],"curies":[{"name":"wp","href":"https:\/\/api.w.org\/{rel}","templated":true}]}}