{"id":152539,"date":"2025-11-15T07:58:20","date_gmt":"2025-11-15T07:58:20","guid":{"rendered":"https:\/\/www.europesays.com\/pt\/152539\/"},"modified":"2025-11-15T07:58:20","modified_gmt":"2025-11-15T07:58:20","slug":"servicos-secretos-russos-dizem-ter-evitado-tentativa-ucraniana-de-assassinio-de-um-dos-mais-altos-funcionarios-do-kremlin","status":"publish","type":"post","link":"https:\/\/www.europesays.com\/pt\/152539\/","title":{"rendered":"Servi\u00e7os secretos russos dizem ter evitado tentativa ucraniana de assass\u00ednio de &#8220;um dos mais altos funcion\u00e1rios&#8221; do Kremlin"},"content":{"rendered":"<p>\t                Alegado ataque ao alto funcion\u00e1rio, que n\u00e3o foi identificado, iria ter lugar num cemit\u00e9rio nos arredores de Moscovo<\/p>\n<p>Os servi\u00e7os secretos russos dizem ter frustrado um plano da Ucr\u00e2nia para assassinar um alto funcion\u00e1rio do Kremlin em territ\u00f3rio russo, enquanto o suposto alvo visitava um cemit\u00e9rio.<\/p>\n<p>A informa\u00e7\u00e3o do Servi\u00e7o Federal de Seguran\u00e7a da R\u00fassia (FSB) surge no mesmo dia em que os habitantes de Kiev enfrentavam mais uma noite de ataques a\u00e9reos russos que mataram, pelo menos, quatro pessoas, de acordo com autoridades ucranianas.<\/p>\n<p>Segundo um comunicado divulgado esta sexta-feira pelo FSB, os servi\u00e7os especiais ucranianos planearam atacar o funcion\u00e1rio, descrito como \u201cum dos mais altos funcion\u00e1rios do Estado russo\u201d, enquanto ele visitava as sepulturas dos pais num cemit\u00e9rio nos arredores de Moscovo.<\/p>\n<p>No mesmo comunicado, o FSB tamb\u00e9m revela que a Ucr\u00e2nia est\u00e1 a planear ataques semelhantes dentro da R\u00fassia.<\/p>\n<p>A CNN n\u00e3o conseguiu verificar de forma independente as alega\u00e7\u00f5es da R\u00fassia. O Servi\u00e7o de Seguran\u00e7a da Ucr\u00e2nia nega a not\u00edcia. Numa resposta escrita enviada \u00e0 CNN, os ucranianos acusam os russos de estarem \u201ca produzir not\u00edcias e declara\u00e7\u00f5es falsas\u201d. \u201cA nossa posi\u00e7\u00e3o \u00e9 n\u00e3o comentar esses disparates\u201d, acrescenta-se.<\/p>\n<p>A Ucr\u00e2nia j\u00e1 reivindicou, no passado, a responsabilidade pelo assass\u00ednio de oficiais russos, incluindo um comandante morto no m\u00eas passado na Sib\u00e9ria.<\/p>\n<p>Tanto a Ucr\u00e2nia como a R\u00fassia lan\u00e7aram ataques a\u00e9reos m\u00fatuos durante a madrugada desta sexta-feira, de acordo com as autoridades dos respectivos pa\u00edses.<\/p>\n<p>Em Kiev, as autoridades locais adiantam que, pelo menos, quatro pessoas foram mortas e 27 ficaram feridas no ataque desta madrugada. Entre os feridos estavam duas crian\u00e7as e uma mulher gr\u00e1vida, de acordo com a administra\u00e7\u00e3o militar da cidade.<\/p>\n<p>Mais de 15 edif\u00edcios ficaram danificados na capital, incluindo resid\u00eancias e uma unidade m\u00e9dica.<\/p>\n<p>Entretanto, um ataque com drones ucranianos teve como alvo a cidade portu\u00e1ria russa de Novorossiysk, ferindo, pelo menos, quatro pessoas e danificando um dep\u00f3sito de petr\u00f3leo, de acordo com o governador de Krasnodar Krai.<\/p>\n<p>Os assass\u00ednios tornaram-se uma marca registada da guerra entre a R\u00fassia e a Ucr\u00e2nia. Os assass\u00ednios seletivos dentro da R\u00fassia e nas zonas da Ucr\u00e2nia ocupadas pelos russos t\u00eam vindo a aumentar desde 2022, de acordo com o grupo de monitoriza\u00e7\u00e3o Armed Conflict Location &amp; Event Data (ACLED).<\/p>\n<p>Segundo o ACLED, houve mais tentativas de assass\u00ednio dentro da R\u00fassia nos primeiros tr\u00eas trimestres de 2025 do que o total anual dos tr\u00eas anos anteriores.<\/p>\n<p>No m\u00eas passado, a Ucr\u00e2nia disse ter assassinado um oficial russo, Veniamin Mazzherin, utilizando um carro-bomba. De acordo com os servi\u00e7os secretos ucranianos, Mazzherin, vice-comandante de uma unidade da pol\u00edcia militar russa em Kemerovo, no sudoeste da Sib\u00e9ria, ter\u00e1 ajudado a liderar uma unidade especial envolvida em \u201ccrimes de guerra e genoc\u00eddio contra o povo ucraniano\u201d.<\/p>\n<p>Em abril, o general russo Yaroslav Moskalik foi morto numa explos\u00e3o de um carro nos arredores de Moscovo. As autoridades russas acusaram um \u201cagente dos servi\u00e7os especiais ucranianos\u201d de terrorismo, embora a Ucr\u00e2nia n\u00e3o tenha reivindicado qualquer responsabilidade pelo incidente.<\/p>\n<p>Alguns meses antes, um general russo de alto escal\u00e3o acusado de usar armas qu\u00edmicas na Ucr\u00e2nia foi morto por uma bomba detonada remotamente, colocada numa scooter el\u00e9trica do lado de fora de um edif\u00edcio residencial em Moscovo. Uma fonte com conhecimentos da opera\u00e7\u00e3o indicou \u00e0 CNN, na altura, que os servi\u00e7os de seguran\u00e7a da Ucr\u00e2nia estavam por detr\u00e1s do assass\u00ednio.<\/p>\n<p>Em novembro de 2023, a Ucr\u00e2nia disse ser respons\u00e1vel pelo assassinato de Mikhail Filiponenko, um deputado de uma assembleia instalada pelo Kremlin na cidade ocupada de Lugansk, no leste da Ucr\u00e2nia. Filiponenko tamb\u00e9m foi morto com um carro-bomba.<\/p>\n<p>A Ucr\u00e2nia tamb\u00e9m tem sido palco de assass\u00ednios. Em julho, um agente dos servi\u00e7os de seguran\u00e7a ucranianos foi morto a tiro em plena luz do dia, em Kiev, com as autoridades a culparem os servi\u00e7os de seguran\u00e7a russos pelo homic\u00eddio.<\/p>\n<p>Kosta Gak, Catherine Nicholls, Daria Tarasova-Markina e Anna Chernova, da CNN, contribu\u00edram para este artigo.<\/p>\n","protected":false},"excerpt":{"rendered":"Alegado ataque ao alto funcion\u00e1rio, que n\u00e3o foi identificado, iria ter lugar num cemit\u00e9rio nos arredores de Moscovo&hellip;\n","protected":false},"author":2,"featured_media":152540,"comment_status":"","ping_status":"","sticky":false,"template":"","format":"standard","meta":{"footnotes":""},"categories":[50],"tags":[609,836,611,27,28,607,608,333,832,604,135,610,476,15,16,301,830,889,14,603,25,26,570,21,22,831,833,62,834,12,13,19,20,835,602,52,32,23,24,839,32975,17,18,840,29,30,31,63,64,65],"class_list":{"0":"post-152539","1":"post","2":"type-post","3":"status-publish","4":"format-standard","5":"has-post-thumbnail","7":"category-mundo","8":"tag-alerta","9":"tag-analise","10":"tag-ao-minuto","11":"tag-breaking-news","12":"tag-breakingnews","13":"tag-cnn","14":"tag-cnn-portugal","15":"tag-comentadores","16":"tag-costa","17":"tag-crime","18":"tag-desporto","19":"tag-direto","20":"tag-economia","21":"tag-featured-news","22":"tag-featurednews","23":"tag-governo","24":"tag-guerra","25":"tag-guerra-na-ucrania","26":"tag-headlines","27":"tag-justica","28":"tag-latest-news","29":"tag-latestnews","30":"tag-live","31":"tag-main-news","32":"tag-mainnews","33":"tag-mais-vistas","34":"tag-marcelo","35":"tag-mundo","36":"tag-negocios","37":"tag-news","38":"tag-noticias","39":"tag-noticias-principais","40":"tag-noticiasprincipais","41":"tag-opiniao","42":"tag-pais","43":"tag-politica","44":"tag-portugal","45":"tag-principais-noticias","46":"tag-principaisnoticias","47":"tag-russia","48":"tag-servicos-secretos-russos","49":"tag-top-stories","50":"tag-topstories","51":"tag-ucrania","52":"tag-ultimas","53":"tag-ultimas-noticias","54":"tag-ultimasnoticias","55":"tag-world","56":"tag-world-news","57":"tag-worldnews"},"share_on_mastodon":{"url":"","error":"Validation failed: Text character limit of 500 exceeded"},"_links":{"self":[{"href":"https:\/\/www.europesays.com\/pt\/wp-json\/wp\/v2\/posts\/152539","targetHints":{"allow":["GET"]}}],"collection":[{"href":"https:\/\/www.europesays.com\/pt\/wp-json\/wp\/v2\/posts"}],"about":[{"href":"https:\/\/www.europesays.com\/pt\/wp-json\/wp\/v2\/types\/post"}],"author":[{"embeddable":true,"href":"https:\/\/www.europesays.com\/pt\/wp-json\/wp\/v2\/users\/2"}],"replies":[{"embeddable":true,"href":"https:\/\/www.europesays.com\/pt\/wp-json\/wp\/v2\/comments?post=152539"}],"version-history":[{"count":0,"href":"https:\/\/www.europesays.com\/pt\/wp-json\/wp\/v2\/posts\/152539\/revisions"}],"wp:featuredmedia":[{"embeddable":true,"href":"https:\/\/www.europesays.com\/pt\/wp-json\/wp\/v2\/media\/152540"}],"wp:attachment":[{"href":"https:\/\/www.europesays.com\/pt\/wp-json\/wp\/v2\/media?parent=152539"}],"wp:term":[{"taxonomy":"category","embeddable":true,"href":"https:\/\/www.europesays.com\/pt\/wp-json\/wp\/v2\/categories?post=152539"},{"taxonomy":"post_tag","embeddable":true,"href":"https:\/\/www.europesays.com\/pt\/wp-json\/wp\/v2\/tags?post=152539"}],"curies":[{"name":"wp","href":"https:\/\/api.w.org\/{rel}","templated":true}]}}