{"id":152541,"date":"2025-11-15T07:59:12","date_gmt":"2025-11-15T07:59:12","guid":{"rendered":"https:\/\/www.europesays.com\/pt\/152541\/"},"modified":"2025-11-15T07:59:12","modified_gmt":"2025-11-15T07:59:12","slug":"camara-de-gaia-ja-recebeu-notificacao-do-tribunal-para-suspender-retirada-da-ciclovia","status":"publish","type":"post","link":"https:\/\/www.europesays.com\/pt\/152541\/","title":{"rendered":"C\u00e2mara de Gaia j\u00e1 recebeu notifica\u00e7\u00e3o do tribunal para suspender retirada da ciclovia"},"content":{"rendered":"<p data-remotead-prev-elm=\"true\" data-remotead-elm-id=\"inread\">O pedido de provid\u00eancia cautelar da MUBi, junto do Tribunal Administrativo e Fiscal do Porto, foi apresentado na ter\u00e7a-feira. A C\u00e2mara de Gaia vai respeitar esta decis\u00e3o, relativa \u00e0 suspens\u00e3o, mas vai apresentar na pr\u00f3xima ter\u00e7a-feira uma proposta para alterar a Postura Municipal de Tr\u00e3nsito, que, al\u00e9m da contemplar a remo\u00e7\u00e3o da ciclovia, estabelece um per\u00edodo m\u00e1ximo de cinco minutos, em alguns pontos da Avenida da Rep\u00fablica, para a realiza\u00e7\u00e3o de cargas e descargas.<\/p>\n<p>Apesar de existir doutrina jur\u00eddica que diga o contr\u00e1rio, a proposta ser\u00e1 depois levada \u00e0 Assembleia Municipal para discuss\u00e3o e vota\u00e7\u00e3o por parte das for\u00e7as partid\u00e1rias com assento neste \u00f3rg\u00e3o.<\/p>\n<p>Na ter\u00e7a-feira, a MUBi -Associa\u00e7\u00e3o pela Mobilidade Urbana em Bicicleta interp\u00f4s a provid\u00eancia &#8220;exigindo a suspens\u00e3o imediata da remo\u00e7\u00e3o da ciclovia na Avenida da Rep\u00fablica&#8221;, alegando &#8220;ilegalidade grave e viola\u00e7\u00e3o de compet\u00eancias&#8221;. No comunicado \u00e0 Imprensa fez alus\u00e3o \u00e0 Postura Municipal de Tr\u00e2nsito e que a sua altera\u00e7\u00e3o &#8220;exige obrigatoriamente a aprova\u00e7\u00e3o da Assembleia Municipal&#8221;.<\/p>\n<p data-remotead-prev-elm=\"true\" data-remotead-elm-id=\"centro1\">Parte substancial da ciclovia na avenida, que \u00e9 o eixo principal da cidade, foi removida no passado dia 8, mas outra parte, entre General Torres e o Jardim do Morro, ainda persiste. Os trabalhos camar\u00e1rios pararam e o que foi feito foi o refor\u00e7o da sinaliza\u00e7\u00e3o para combater o estacionamento abusivo.<\/p>\n<p><strong>Novo presidente na \u00c1guas de Gaia<\/strong><\/p>\n<p>O JN tamb\u00e9m sabe que na reuni\u00e3o da C\u00e2mara, de ter\u00e7a-feira, outra das propostas da Ordem de Trabalhos tem a ver com a nova presid\u00eancia da empresa municipal \u00c1guas de Gaia, cuja escolha recaiu em Fernando Barbosa.<\/p>\n<p>O novo Conselho de Administra\u00e7\u00e3o da \u00c1guas de Gaia, que ter\u00e1 Fernando Barbosa como presidente executivo, contar\u00e1 ainda com os vogais n\u00e3o executivos Rosa Maria Silva e Sousa e Jos\u00e9 Carlos Tentugal Valente. Consta da proposta que na mesa da Assembleia Geral ficar\u00e1 Lu\u00eds Filipe Menezes como presidente.<\/p>\n<p>O mandato \u00e9 v\u00e1lido para o quadri\u00e9nio 2025\/2029.<\/p>\n","protected":false},"excerpt":{"rendered":"O pedido de provid\u00eancia cautelar da MUBi, junto do Tribunal Administrativo e Fiscal do Porto, foi apresentado na&hellip;\n","protected":false},"author":2,"featured_media":152542,"comment_status":"","ping_status":"","sticky":false,"template":"","format":"standard","meta":{"footnotes":""},"categories":[10],"tags":[27,28,30752,19635,15,16,14,25,26,18857,21,22,12,13,19,20,32,23,24,33,17,18,29,30,31],"class_list":{"0":"post-152541","1":"post","2":"type-post","3":"status-publish","4":"format-standard","5":"has-post-thumbnail","7":"category-portugal","8":"tag-breaking-news","9":"tag-breakingnews","10":"tag-camara-de-gaia","11":"tag-concelho-vila-nova-de-gaia","12":"tag-featured-news","13":"tag-featurednews","14":"tag-headlines","15":"tag-latest-news","16":"tag-latestnews","17":"tag-luis-filipe-menezes","18":"tag-main-news","19":"tag-mainnews","20":"tag-news","21":"tag-noticias","22":"tag-noticias-principais","23":"tag-noticiasprincipais","24":"tag-portugal","25":"tag-principais-noticias","26":"tag-principaisnoticias","27":"tag-pt","28":"tag-top-stories","29":"tag-topstories","30":"tag-ultimas","31":"tag-ultimas-noticias","32":"tag-ultimasnoticias"},"share_on_mastodon":{"url":"https:\/\/pubeurope.com\/@pt\/115552660044594829","error":""},"_links":{"self":[{"href":"https:\/\/www.europesays.com\/pt\/wp-json\/wp\/v2\/posts\/152541","targetHints":{"allow":["GET"]}}],"collection":[{"href":"https:\/\/www.europesays.com\/pt\/wp-json\/wp\/v2\/posts"}],"about":[{"href":"https:\/\/www.europesays.com\/pt\/wp-json\/wp\/v2\/types\/post"}],"author":[{"embeddable":true,"href":"https:\/\/www.europesays.com\/pt\/wp-json\/wp\/v2\/users\/2"}],"replies":[{"embeddable":true,"href":"https:\/\/www.europesays.com\/pt\/wp-json\/wp\/v2\/comments?post=152541"}],"version-history":[{"count":0,"href":"https:\/\/www.europesays.com\/pt\/wp-json\/wp\/v2\/posts\/152541\/revisions"}],"wp:featuredmedia":[{"embeddable":true,"href":"https:\/\/www.europesays.com\/pt\/wp-json\/wp\/v2\/media\/152542"}],"wp:attachment":[{"href":"https:\/\/www.europesays.com\/pt\/wp-json\/wp\/v2\/media?parent=152541"}],"wp:term":[{"taxonomy":"category","embeddable":true,"href":"https:\/\/www.europesays.com\/pt\/wp-json\/wp\/v2\/categories?post=152541"},{"taxonomy":"post_tag","embeddable":true,"href":"https:\/\/www.europesays.com\/pt\/wp-json\/wp\/v2\/tags?post=152541"}],"curies":[{"name":"wp","href":"https:\/\/api.w.org\/{rel}","templated":true}]}}