{"id":152548,"date":"2025-11-15T08:13:12","date_gmt":"2025-11-15T08:13:12","guid":{"rendered":"https:\/\/www.europesays.com\/pt\/152548\/"},"modified":"2025-11-15T08:13:12","modified_gmt":"2025-11-15T08:13:12","slug":"pedro-duarte-vai-notificar-dono-do-hotel-nave-para-limpar-e-vedar-espaco","status":"publish","type":"post","link":"https:\/\/www.europesays.com\/pt\/152548\/","title":{"rendered":"Pedro Duarte vai notificar dono do hotel Nave para limpar e vedar espa\u00e7o"},"content":{"rendered":"<p>O presidente da C\u00e2mara do Porto, Pedro Duarte, anunciou, esta manh\u00e3, que vai notificar o propriet\u00e1rio do Hotel Nave, na Avenida Fern\u00e3o Magalh\u00e3es, atualmente devoluto e ocupado ilegalmente, a tomar medidas c\u00e9leres e urgentes. Pedro Duarte anunciou ainda que est\u00e1 a trabalhar no programa Porto Feliz 2.0, a fim de criar respostas sociais a pessoas em situa\u00e7\u00e3o de sem-abrigo.<\/p>\n","protected":false},"excerpt":{"rendered":"O presidente da C\u00e2mara do Porto, Pedro Duarte, anunciou, esta manh\u00e3, que vai notificar o propriet\u00e1rio do Hotel&hellip;\n","protected":false},"author":2,"featured_media":152549,"comment_status":"","ping_status":"","sticky":false,"template":"","format":"standard","meta":{"footnotes":""},"categories":[10],"tags":[27,28,25251,15,16,14,32919,25,26,21,22,12,13,19,20,18043,32,23,24,33,17,18,29,30,31],"class_list":{"0":"post-152548","1":"post","2":"type-post","3":"status-publish","4":"format-standard","5":"has-post-thumbnail","7":"category-portugal","8":"tag-breaking-news","9":"tag-breakingnews","10":"tag-camara-do-porto","11":"tag-featured-news","12":"tag-featurednews","13":"tag-headlines","14":"tag-hotel-nave","15":"tag-latest-news","16":"tag-latestnews","17":"tag-main-news","18":"tag-mainnews","19":"tag-news","20":"tag-noticias","21":"tag-noticias-principais","22":"tag-noticiasprincipais","23":"tag-pedro-duarte","24":"tag-portugal","25":"tag-principais-noticias","26":"tag-principaisnoticias","27":"tag-pt","28":"tag-top-stories","29":"tag-topstories","30":"tag-ultimas","31":"tag-ultimas-noticias","32":"tag-ultimasnoticias"},"share_on_mastodon":{"url":"https:\/\/pubeurope.com\/@pt\/115552714967916503","error":""},"_links":{"self":[{"href":"https:\/\/www.europesays.com\/pt\/wp-json\/wp\/v2\/posts\/152548","targetHints":{"allow":["GET"]}}],"collection":[{"href":"https:\/\/www.europesays.com\/pt\/wp-json\/wp\/v2\/posts"}],"about":[{"href":"https:\/\/www.europesays.com\/pt\/wp-json\/wp\/v2\/types\/post"}],"author":[{"embeddable":true,"href":"https:\/\/www.europesays.com\/pt\/wp-json\/wp\/v2\/users\/2"}],"replies":[{"embeddable":true,"href":"https:\/\/www.europesays.com\/pt\/wp-json\/wp\/v2\/comments?post=152548"}],"version-history":[{"count":0,"href":"https:\/\/www.europesays.com\/pt\/wp-json\/wp\/v2\/posts\/152548\/revisions"}],"wp:featuredmedia":[{"embeddable":true,"href":"https:\/\/www.europesays.com\/pt\/wp-json\/wp\/v2\/media\/152549"}],"wp:attachment":[{"href":"https:\/\/www.europesays.com\/pt\/wp-json\/wp\/v2\/media?parent=152548"}],"wp:term":[{"taxonomy":"category","embeddable":true,"href":"https:\/\/www.europesays.com\/pt\/wp-json\/wp\/v2\/categories?post=152548"},{"taxonomy":"post_tag","embeddable":true,"href":"https:\/\/www.europesays.com\/pt\/wp-json\/wp\/v2\/tags?post=152548"}],"curies":[{"name":"wp","href":"https:\/\/api.w.org\/{rel}","templated":true}]}}