{"id":152552,"date":"2025-11-15T08:27:10","date_gmt":"2025-11-15T08:27:10","guid":{"rendered":"https:\/\/www.europesays.com\/pt\/152552\/"},"modified":"2025-11-15T08:27:10","modified_gmt":"2025-11-15T08:27:10","slug":"homem-de-72-anos-desaparecido-na-ultima-noite-apos-ficar-com-carro-atolado-foi-encontrado-ja-tinha-agua-pelos-pes","status":"publish","type":"post","link":"https:\/\/www.europesays.com\/pt\/152552\/","title":{"rendered":"Homem de 72 anos desaparecido na \u00faltima noite ap\u00f3s ficar com carro atolado foi encontrado. J\u00e1 tinha \u00e1gua pelos p\u00e9s"},"content":{"rendered":"<p>Ontem, entre as 22h00 e as 23h00, a Guarda Nacional Republicana teve conhecimento de um alerta relativo a um idoso que comunicou estar perdido no interior da sua viatura, na zona de Escarigo, concelho do Fund\u00e3o.<\/p>\n<p>\u00a0<\/p>\n<p>\t                Alerta foi dado durante a noite de quinta-feira<\/p>\n<p>A GNR e os bombeiros localizaram o condutor de 72 anos que ficou atolado na quinta-feira \u00e0 noite junto a uma linha de \u00e1gua na localidade de Escarigo, no Fund\u00e3o, sem conseguir dizer onde se encontrava.<\/p>\n<p>O alerta foi dado \u00e0s 23:07 na zona de Tr\u00eas Povos, concelho do Fund\u00e3o, no distrito de Castelo Branco. Pelas 05:00 foram acionados drones e bin\u00f3mios.<\/p>\n<p>&#8220;De imediato foram desencadeadas buscas, envolvendo meios territoriais, elementos da Unidade de Emerg\u00eancia de Prote\u00e7\u00e3o e Socorro (UEPS) e bin\u00f3mios cinot\u00e9cnicos da GNR, bem como o apoio dos Bombeiros&#8221;, adiantou a GNR.<\/p>\n<p>De acordo com a GNR,\u00a0&#8220;cerca das 10:15 de hoje, o idoso foi localizado com vida e em boas condi\u00e7\u00f5es de sa\u00fade&#8221;, apesar de j\u00e1 ter \u00e1gua pelos p\u00e9s.<\/p>\n<p>No local est\u00e3o 25 operacionais dos bombeiros e da GNR.<\/p>\n<p>\u00a0<\/p>\n","protected":false},"excerpt":{"rendered":"Ontem, entre as 22h00 e as 23h00, a Guarda Nacional Republicana teve conhecimento de um alerta relativo a&hellip;\n","protected":false},"author":2,"featured_media":141088,"comment_status":"","ping_status":"","sticky":false,"template":"","format":"standard","meta":{"footnotes":""},"categories":[10],"tags":[609,611,27,28,6031,607,608,604,610,539,32976,15,16,13886,2002,14,3385,603,25,26,570,21,22,606,12,13,19,20,602,32,23,24,33,58,605,17,18,29,30,31],"class_list":{"0":"post-152552","1":"post","2":"type-post","3":"status-publish","4":"format-standard","5":"has-post-thumbnail","7":"category-portugal","8":"tag-alerta","9":"tag-ao-minuto","10":"tag-breaking-news","11":"tag-breakingnews","12":"tag-buscas","13":"tag-cnn","14":"tag-cnn-portugal","15":"tag-crime","16":"tag-direto","17":"tag-educacao","18":"tag-escarigo","19":"tag-featured-news","20":"tag-featurednews","21":"tag-fundao","22":"tag-gnr","23":"tag-headlines","24":"tag-idosos","25":"tag-justica","26":"tag-latest-news","27":"tag-latestnews","28":"tag-live","29":"tag-main-news","30":"tag-mainnews","31":"tag-meteorologia","32":"tag-news","33":"tag-noticias","34":"tag-noticias-principais","35":"tag-noticiasprincipais","36":"tag-pais","37":"tag-portugal","38":"tag-principais-noticias","39":"tag-principaisnoticias","40":"tag-pt","41":"tag-sociedade","42":"tag-tempo","43":"tag-top-stories","44":"tag-topstories","45":"tag-ultimas","46":"tag-ultimas-noticias","47":"tag-ultimasnoticias"},"share_on_mastodon":{"url":"","error":"Validation failed: Text character limit of 500 exceeded"},"_links":{"self":[{"href":"https:\/\/www.europesays.com\/pt\/wp-json\/wp\/v2\/posts\/152552","targetHints":{"allow":["GET"]}}],"collection":[{"href":"https:\/\/www.europesays.com\/pt\/wp-json\/wp\/v2\/posts"}],"about":[{"href":"https:\/\/www.europesays.com\/pt\/wp-json\/wp\/v2\/types\/post"}],"author":[{"embeddable":true,"href":"https:\/\/www.europesays.com\/pt\/wp-json\/wp\/v2\/users\/2"}],"replies":[{"embeddable":true,"href":"https:\/\/www.europesays.com\/pt\/wp-json\/wp\/v2\/comments?post=152552"}],"version-history":[{"count":0,"href":"https:\/\/www.europesays.com\/pt\/wp-json\/wp\/v2\/posts\/152552\/revisions"}],"wp:featuredmedia":[{"embeddable":true,"href":"https:\/\/www.europesays.com\/pt\/wp-json\/wp\/v2\/media\/141088"}],"wp:attachment":[{"href":"https:\/\/www.europesays.com\/pt\/wp-json\/wp\/v2\/media?parent=152552"}],"wp:term":[{"taxonomy":"category","embeddable":true,"href":"https:\/\/www.europesays.com\/pt\/wp-json\/wp\/v2\/categories?post=152552"},{"taxonomy":"post_tag","embeddable":true,"href":"https:\/\/www.europesays.com\/pt\/wp-json\/wp\/v2\/tags?post=152552"}],"curies":[{"name":"wp","href":"https:\/\/api.w.org\/{rel}","templated":true}]}}