{"id":152558,"date":"2025-11-15T08:43:24","date_gmt":"2025-11-15T08:43:24","guid":{"rendered":"https:\/\/www.europesays.com\/pt\/152558\/"},"modified":"2025-11-15T08:43:24","modified_gmt":"2025-11-15T08:43:24","slug":"whindersson-nunes-lanca-se-eu-sofresse-em-1985-seu-primeiro-album-de-estudio","status":"publish","type":"post","link":"https:\/\/www.europesays.com\/pt\/152558\/","title":{"rendered":"Whindersson Nunes lan\u00e7a &#8220;Se Eu Sofresse em 1985&#8221;, seu primeiro \u00e1lbum de est\u00fadio"},"content":{"rendered":"<p>Seguido por mais de 57 milh\u00f5es de pessoas apenas no Instagram &#8211; no YouTube, s\u00e3o quase 45 milh\u00f5es de inscritos em seu canal -, <a href=\"https:\/\/natelinha.uol.com.br\/famosos\/tudo-sobre\/whindersson-nunes\" rel=\"nofollow noopener\" target=\"_blank\">Whindersson Nunes<\/a> resolveu se jogar em uma nova \u00e1rea. O influencer acaba de\u00a0lan\u00e7ar &#8220;Se Eu Sofresse em 1985&#8221;, seu primeiro \u00e1lbum de est\u00fadio.<\/p>\n<p>continua depois da publicidade<\/p>\n<p>O projeto marca a estreia oficial do artista sob seu pr\u00f3prio nome, ap\u00f3s uma bem-sucedida incurs\u00e3o musical como Lil Whind.<\/p>\n<p>+ <a href=\"https:\/\/natelinha.uol.com.br\/famosos\/2025\/11\/14\/patricia-poeta-comemora-alta-medica-do-filho-muita-luta-233943.php\" rel=\"nofollow noopener\" target=\"_blank\">Patr\u00edcia Poeta comemora alta m\u00e9dica do filho: &#8220;Muita luta&#8221;<\/a><\/p>\n<p>+ <a href=\"https:\/\/natelinha.uol.com.br\/televisao\/2025\/11\/14\/xama-abre-o-jogo-e-revela-se-sente-ciumes-de-sophie-charlotte-em-tres-gracas-233941.php\" rel=\"nofollow noopener\" target=\"_blank\">Xam\u00e3 abre o jogo e revela se sente ci\u00fames de Sophie Charlotte em Tr\u00eas Gra\u00e7as<\/a><\/p>\n<p>Com refer\u00eancias sonoras que misturam pop e rock e uma forte presen\u00e7a de sintetizadores inspirados na est\u00e9tica dos anos 1980, o \u00e1lbum apresenta uma identidade moderna e, ao mesmo tempo, nost\u00e1lgica.<\/p>\n<p>&#8220;As m\u00fasicas falam sobre o amor em todas as fases, desde a intensidade de quando a gente se entrega at\u00e9 a melancolia de quando perde. Quis trazer isso de um jeito mais maduro e verdadeiro&#8221;, destaca Whindersson Nunes.<\/p>\n<p>continua depois da publicidade<\/p>\n<p>Projeto de Whindersson Nunes conta com grande produ\u00e7\u00e3o<\/p>\n<p><img decoding=\"async\" loading=\"lazy\" class=\"horizontal\" src=\"https:\/\/www.europesays.com\/pt\/wp-content\/uploads\/2025\/11\/whindersson-nunes_5989.jpeg\" alt=\"Whindersson Nunes lan\u00e7a \\\" se=\"\" eu=\"\" sofresse=\"\" em=\"\" seu=\"\" primeiro=\"\" de=\"\" est=\"\"\/><\/p>\n<p>&#8220;Se Eu Sofresse em 1985&#8221; conta com distribui\u00e7\u00e3o digital da ONErpm e foi gravado na Gira Sol Music, selo e est\u00fadio fundado pelo pr\u00f3prio Whindersson Nunes em S\u00e3o Paulo. A dire\u00e7\u00e3o art\u00edstica fica por conta de\u00a0Danilo Pinoti.<\/p>\n<p>J\u00e1 a\u00a0produ\u00e7\u00e3o musical\u00a0\u00e9 de Jeff que, junto com Pinoti, tamb\u00e9m assina as composi\u00e7\u00f5es.\u00a0S\u00e3o ao todo oito faixas in\u00e9ditas que traduzem a sensibilidade do influencer em sua forma mais aut\u00eantica, a come\u00e7ar pela faixa &#8220;Se Voc\u00ea Ficar&#8221; (ou\u00e7a abaixo).<\/p>\n<p>A ideia do\u00a0projeto \u00e9 mostrar um Whindersson mais maduro e criativo, como foco na composi\u00e7\u00e3o e interpreta\u00e7\u00e3o.<\/p>\n<p>continua depois da publicidade<\/p>\n<p>Confira:<\/p>\n<p>                                <img decoding=\"async\" loading=\"lazy\" class=\"horizontal\" alt=\"Imagem da thumbnail do v\u00eddeo!\" src=\"https:\/\/www.europesays.com\/pt\/wp-content\/uploads\/2025\/11\/1763196204_346_hqdefault.jpg\" se=\"\" eu=\"\" sofresse=\"\" em=\"\" seu=\"\" primeiro=\"\" de=\"\" est=\"\"\/><\/p>\n","protected":false},"excerpt":{"rendered":"Seguido por mais de 57 milh\u00f5es de pessoas apenas no Instagram &#8211; no YouTube, s\u00e3o quase 45 milh\u00f5es&hellip;\n","protected":false},"author":2,"featured_media":152559,"comment_status":"","ping_status":"","sticky":false,"template":"","format":"standard","meta":{"footnotes":""},"categories":[145],"tags":[211,210,114,115,32,33,4903],"class_list":{"0":"post-152558","1":"post","2":"type-post","3":"status-publish","4":"format-standard","5":"has-post-thumbnail","7":"category-celebridades","8":"tag-celebridades","9":"tag-celebrities","10":"tag-entertainment","11":"tag-entretenimento","12":"tag-portugal","13":"tag-pt","14":"tag-whindersson-nunes"},"share_on_mastodon":{"url":"https:\/\/pubeurope.com\/@pt\/115552833409840498","error":""},"_links":{"self":[{"href":"https:\/\/www.europesays.com\/pt\/wp-json\/wp\/v2\/posts\/152558","targetHints":{"allow":["GET"]}}],"collection":[{"href":"https:\/\/www.europesays.com\/pt\/wp-json\/wp\/v2\/posts"}],"about":[{"href":"https:\/\/www.europesays.com\/pt\/wp-json\/wp\/v2\/types\/post"}],"author":[{"embeddable":true,"href":"https:\/\/www.europesays.com\/pt\/wp-json\/wp\/v2\/users\/2"}],"replies":[{"embeddable":true,"href":"https:\/\/www.europesays.com\/pt\/wp-json\/wp\/v2\/comments?post=152558"}],"version-history":[{"count":0,"href":"https:\/\/www.europesays.com\/pt\/wp-json\/wp\/v2\/posts\/152558\/revisions"}],"wp:featuredmedia":[{"embeddable":true,"href":"https:\/\/www.europesays.com\/pt\/wp-json\/wp\/v2\/media\/152559"}],"wp:attachment":[{"href":"https:\/\/www.europesays.com\/pt\/wp-json\/wp\/v2\/media?parent=152558"}],"wp:term":[{"taxonomy":"category","embeddable":true,"href":"https:\/\/www.europesays.com\/pt\/wp-json\/wp\/v2\/categories?post=152558"},{"taxonomy":"post_tag","embeddable":true,"href":"https:\/\/www.europesays.com\/pt\/wp-json\/wp\/v2\/tags?post=152558"}],"curies":[{"name":"wp","href":"https:\/\/api.w.org\/{rel}","templated":true}]}}