{"id":152566,"date":"2025-11-15T08:55:06","date_gmt":"2025-11-15T08:55:06","guid":{"rendered":"https:\/\/www.europesays.com\/pt\/152566\/"},"modified":"2025-11-15T08:55:06","modified_gmt":"2025-11-15T08:55:06","slug":"mulher-de-83-anos-detida-por-tentativa-de-homicidio","status":"publish","type":"post","link":"https:\/\/www.europesays.com\/pt\/152566\/","title":{"rendered":"Mulher de 83 anos detida por tentativa de homic\u00eddio"},"content":{"rendered":"<p data-remotead-prev-elm=\"true\" data-remotead-elm-id=\"inread\">O caso ocorreu ao final da tarde desta quinta-feira, numa rua de Ribeira de Pena. Segundo a PJ, &#8220;alegadamente por motivo f\u00fatil&#8221;, a octogen\u00e1ria, &#8220;munida de uma arma de fogo, disparou em dire\u00e7\u00e3o \u00e0 v\u00edtima, um homem com 67 anos de idade&#8221;.<\/p>\n<p>A PJ de Vila Real teve conhecimento do caso e conseguiu identificar e deter a suspeita pela presum\u00edvel autoria de um crime de homic\u00eddio tentado. A octogen\u00e1ria ficou em pris\u00e3o preventiva at\u00e9 averigua\u00e7\u00e3o das condi\u00e7\u00f5es da casa de um familiar, para onde passar\u00e1 para pris\u00e3o domicili\u00e1ria, segundo fonte judicial.<\/p>\n","protected":false},"excerpt":{"rendered":"O caso ocorreu ao final da tarde desta quinta-feira, numa rua de Ribeira de Pena. Segundo a PJ,&hellip;\n","protected":false},"author":2,"featured_media":27640,"comment_status":"","ping_status":"","sticky":false,"template":"","format":"standard","meta":{"footnotes":""},"categories":[10],"tags":[27,28,15,16,14,603,25,26,21,22,12,13,19,20,32977,32,23,24,33,32978,25735,17,18,29,30,31],"class_list":{"0":"post-152566","1":"post","2":"type-post","3":"status-publish","4":"format-standard","5":"has-post-thumbnail","7":"category-portugal","8":"tag-breaking-news","9":"tag-breakingnews","10":"tag-featured-news","11":"tag-featurednews","12":"tag-headlines","13":"tag-justica","14":"tag-latest-news","15":"tag-latestnews","16":"tag-main-news","17":"tag-mainnews","18":"tag-news","19":"tag-noticias","20":"tag-noticias-principais","21":"tag-noticiasprincipais","22":"tag-pj-vila-real","23":"tag-portugal","24":"tag-principais-noticias","25":"tag-principaisnoticias","26":"tag-pt","27":"tag-ribeira-de-pena","28":"tag-tentativa-de-homicidio","29":"tag-top-stories","30":"tag-topstories","31":"tag-ultimas","32":"tag-ultimas-noticias","33":"tag-ultimasnoticias"},"share_on_mastodon":{"url":"https:\/\/pubeurope.com\/@pt\/115552880096186467","error":""},"_links":{"self":[{"href":"https:\/\/www.europesays.com\/pt\/wp-json\/wp\/v2\/posts\/152566","targetHints":{"allow":["GET"]}}],"collection":[{"href":"https:\/\/www.europesays.com\/pt\/wp-json\/wp\/v2\/posts"}],"about":[{"href":"https:\/\/www.europesays.com\/pt\/wp-json\/wp\/v2\/types\/post"}],"author":[{"embeddable":true,"href":"https:\/\/www.europesays.com\/pt\/wp-json\/wp\/v2\/users\/2"}],"replies":[{"embeddable":true,"href":"https:\/\/www.europesays.com\/pt\/wp-json\/wp\/v2\/comments?post=152566"}],"version-history":[{"count":0,"href":"https:\/\/www.europesays.com\/pt\/wp-json\/wp\/v2\/posts\/152566\/revisions"}],"wp:featuredmedia":[{"embeddable":true,"href":"https:\/\/www.europesays.com\/pt\/wp-json\/wp\/v2\/media\/27640"}],"wp:attachment":[{"href":"https:\/\/www.europesays.com\/pt\/wp-json\/wp\/v2\/media?parent=152566"}],"wp:term":[{"taxonomy":"category","embeddable":true,"href":"https:\/\/www.europesays.com\/pt\/wp-json\/wp\/v2\/categories?post=152566"},{"taxonomy":"post_tag","embeddable":true,"href":"https:\/\/www.europesays.com\/pt\/wp-json\/wp\/v2\/tags?post=152566"}],"curies":[{"name":"wp","href":"https:\/\/api.w.org\/{rel}","templated":true}]}}