{"id":152569,"date":"2025-11-15T09:07:04","date_gmt":"2025-11-15T09:07:04","guid":{"rendered":"https:\/\/www.europesays.com\/pt\/152569\/"},"modified":"2025-11-15T09:07:04","modified_gmt":"2025-11-15T09:07:04","slug":"nao-e-um-casaco-qualquer-helena-coelho-elege-a-peca-zara-para-um-look-de-herdeira","status":"publish","type":"post","link":"https:\/\/www.europesays.com\/pt\/152569\/","title":{"rendered":"N\u00e3o \u00e9 um casaco qualquer: Helena Coelho elege a pe\u00e7a Zara para um \u201clook de herdeira&#8221;"},"content":{"rendered":"<p>Se ainda n\u00e3o encontraste aquela pe\u00e7a que te acompanha em v\u00e1rios looks, confort\u00e1vel pr\u00e1tica, perfeita para o dia a dia e ainda por cima elegante, a verdade \u00e9 que a <a href=\"https:\/\/versa.iol.pt\/tenis\/helena-coelho\/tenis-de-helena-coelho-que-seguem-tendencia-sao-da-adidas\/20251106\/690c5c3fd34e2bd5c6d3ae88\" rel=\"nofollow noopener\" target=\"_blank\">Helena Coelho pode ter acabado de revelar uma das grandes favoritas deste outono<\/a>. No v\u00eddeo que partilhou no Instagram, no qual come\u00e7a por dizer \u201cHoje vou vestir-me como uma herdeira\u201d, o destaque vai direto para o casaco que vestiu.<\/p>\n<p>Helena escolheu um conjunto totalmente castanho, com uma saia-cal\u00e7\u00e3o, um\u00a0body, botas e uma carteira, tudo Zara. Um look monocrom\u00e1tico que funciona sempre e que faz ainda mais sentido agora, porque, como a pr\u00f3pria admitiu, est\u00e1 &#8220;viciada em castanho&#8221; e n\u00e3o quer parar de usar a cor. E n\u00e3o espanta: o <a href=\"https:\/\/versa.iol.pt\/beleza\/unhas\/quando-fizeres-unhas-de-gel-pede-esta-cor-tendencia\/20250114\/6786703cd34ea1acf272daf0\" rel=\"nofollow noopener\" target=\"_blank\">castanho \u00e9 um dos tons mais associados ao outono e \u00e9 oficialmente a cor Pantone de 2025<\/a>.<\/p>\n<p>Para completar, Helena Coelho adicionou a pe\u00e7a que transformou o look:\u00a0um casaco curto da Zara, elegante, estruturado e muito vers\u00e1til. Pode ser conjugado com saias, botas, cal\u00e7as de ganga, vestidos ou looks mais formais, e tem o detalhe que faz toda a diferen\u00e7a: um cachecol integrado, que d\u00e1 logo outra presen\u00e7a ao outfit. Assim que Helena o coloca ao pesco\u00e7o, o look ganha mais estrutura e eleg\u00e2ncia, sem esfor\u00e7o.<\/p>\n<blockquote class=\"instagram-media\" data-instgrm-captioned=\"\" data-instgrm-permalink=\"https:\/\/www.instagram.com\/reel\/DQmEOSfjE38\/?utm_source=ig_embed&amp;utm_campaign=loading\" data-instgrm-version=\"14\" style=\" background:#FFF; border:0; border-radius:3px; box-shadow:0 0 1px 0 rgba(0,0,0,0.5),0 1px 10px 0 rgba(0,0,0,0.15); margin: 1px; max-width:540px; min-width:326px; padding:0; width:99.375%; width:-webkit-calc(100% - 2px); width:calc(100% - 2px);\">\n<\/blockquote>\n<p>O casaco custa \u20ac69.95 e est\u00e1 dispon\u00edvel n\u00e3o s\u00f3 neste tom castanho escuro, mas tamb\u00e9m em bege e preto, tr\u00eas cores f\u00e1ceis de combinar e perfeitas para criar looks de outono-inverno.<\/p>\n<p>Se est\u00e1s rendida aos tons castanhos e \u00e0 ideia de ter pe\u00e7as pr\u00e1ticas e elegantes que funcionam com tudo, deixamos-te uma galeria com mais sugest\u00f5es inspiradas neste look de Helena Coelho. Quem sabe se n\u00e3o descobres aqui o teu pr\u00f3ximo essencial do outono.<\/p>\n<p>                            <script async src=\"\/\/www.instagram.com\/embed.js\"><\/script><\/p>\n","protected":false},"excerpt":{"rendered":"Se ainda n\u00e3o encontraste aquela pe\u00e7a que te acompanha em v\u00e1rios looks, confort\u00e1vel pr\u00e1tica, perfeita para o dia&hellip;\n","protected":false},"author":2,"featured_media":152570,"comment_status":"","ping_status":"","sticky":false,"template":"","format":"standard","meta":{"footnotes":""},"categories":[85],"tags":[1081,17770,7714,204,114,115,754,6117,186,1079,32,33,1078,1080,3480],"class_list":{"0":"post-152569","1":"post","2":"type-post","3":"status-publish","4":"format-standard","5":"has-post-thumbnail","7":"category-entretenimento","8":"tag-beleza","9":"tag-casaco","10":"tag-castanho","11":"tag-design","12":"tag-entertainment","13":"tag-entretenimento","14":"tag-gastronomia","15":"tag-helena-coelho","16":"tag-lifestyle","17":"tag-moda","18":"tag-portugal","19":"tag-pt","20":"tag-versa","21":"tag-viagens","22":"tag-zara"},"share_on_mastodon":{"url":"https:\/\/pubeurope.com\/@pt\/115552927301607565","error":""},"_links":{"self":[{"href":"https:\/\/www.europesays.com\/pt\/wp-json\/wp\/v2\/posts\/152569","targetHints":{"allow":["GET"]}}],"collection":[{"href":"https:\/\/www.europesays.com\/pt\/wp-json\/wp\/v2\/posts"}],"about":[{"href":"https:\/\/www.europesays.com\/pt\/wp-json\/wp\/v2\/types\/post"}],"author":[{"embeddable":true,"href":"https:\/\/www.europesays.com\/pt\/wp-json\/wp\/v2\/users\/2"}],"replies":[{"embeddable":true,"href":"https:\/\/www.europesays.com\/pt\/wp-json\/wp\/v2\/comments?post=152569"}],"version-history":[{"count":0,"href":"https:\/\/www.europesays.com\/pt\/wp-json\/wp\/v2\/posts\/152569\/revisions"}],"wp:featuredmedia":[{"embeddable":true,"href":"https:\/\/www.europesays.com\/pt\/wp-json\/wp\/v2\/media\/152570"}],"wp:attachment":[{"href":"https:\/\/www.europesays.com\/pt\/wp-json\/wp\/v2\/media?parent=152569"}],"wp:term":[{"taxonomy":"category","embeddable":true,"href":"https:\/\/www.europesays.com\/pt\/wp-json\/wp\/v2\/categories?post=152569"},{"taxonomy":"post_tag","embeddable":true,"href":"https:\/\/www.europesays.com\/pt\/wp-json\/wp\/v2\/tags?post=152569"}],"curies":[{"name":"wp","href":"https:\/\/api.w.org\/{rel}","templated":true}]}}