{"id":152576,"date":"2025-11-15T09:19:07","date_gmt":"2025-11-15T09:19:07","guid":{"rendered":"https:\/\/www.europesays.com\/pt\/152576\/"},"modified":"2025-11-15T09:19:07","modified_gmt":"2025-11-15T09:19:07","slug":"homem-e-condenado-por-roubar-pintura-menina-com-balao-de-banksy","status":"publish","type":"post","link":"https:\/\/www.europesays.com\/pt\/152576\/","title":{"rendered":"Homem \u00e9 condenado por roubar pintura &#8220;Menina com Bal\u00e3o&#8221;, de Banksy"},"content":{"rendered":"<p data-start=\"56\" data-end=\"226\" class=\"my-5 break-words group-[.isActiveSource]:text-xl\">Um homem foi condenado a 13 meses de pris\u00e3o por roubar uma gravura assinada da obra <strong class=\"group-[.isActiveSource]:text-xl group-[.isActiveSource]:font-bold\">\u201cMenina com Bal\u00e3o\u201d<\/strong>, de Banksy, em um furto rel\u00e2mpago em uma galeria de Londres em 2024.<\/p>\n<p data-start=\"228\" data-end=\"528\" class=\"my-5 break-words group-[.isActiveSource]:text-xl\">Larry Fraser, de 49 anos, foi condenado a 13 meses de pris\u00e3o nesta sexta-feira (14) por roubar a gravura de 2004 \u2013<strong class=\"group-[.isActiveSource]:text-xl group-[.isActiveSource]:font-bold\"> avaliada em \u00a3270.000 (cerca de R$ 1,9 mi)<\/strong> \u2013 da Grove Gallery, no sofisticado bairro de Fitzrovia, na capital brit\u00e2nica, em setembro do ano passado, segundo a Pol\u00edcia Metropolitana de Londres.<\/p>\n<p data-start=\"530\" data-end=\"643\" class=\"my-5 break-words group-[.isActiveSource]:text-xl\">A pol\u00edcia informou que Fraser se declarou culpado de uma acusa\u00e7\u00e3o de arrombamento em propriedade n\u00e3o residencial.<\/p>\n<p data-start=\"645\" data-end=\"977\" class=\"my-5 break-words group-[.isActiveSource]:text-xl\">\u201cOs agentes da Flying Squad da Met trabalharam incansavelmente para identificar o suspeito e conseguiram rastre\u00e1-lo at\u00e9 um local a algumas ruas dali, onde ele foi identificado como Fraser\u201d, disse a pol\u00edcia em um comunicado na sexta-feira (14).<\/p>\n<p data-start=\"645\" data-end=\"977\" class=\"my-5 break-words group-[.isActiveSource]:text-xl\">\u201cEles at\u00e9 o pegaram em imagens de CCTV carregando a obra em uma van antes de fugir do local.\u201d<\/p>\n<p data-start=\"979\" data-end=\"1203\" class=\"my-5 break-words group-[.isActiveSource]:text-xl\">A <strong class=\"group-[.isActiveSource]:text-xl group-[.isActiveSource]:font-bold\">Flying Squad<\/strong>, uma unidade especializada da Pol\u00edcia Metropolitana encarregada de investigar crimes organizados graves, recuperou a obra em quatro dias, ap\u00f3s a pris\u00e3o de Fraser e \u201cinvestiga\u00e7\u00f5es sigilosas\u201d, segundo a pol\u00edcia.<\/p>\n<p class=\"my-5 break-words group-[.isActiveSource]:text-xl\">\u00a0<\/p>\n<p data-start=\"1205\" data-end=\"1537\" class=\"my-5 break-words group-[.isActiveSource]:text-xl\">O especialista em recupera\u00e7\u00e3o de arte Arthur Brand disse \u00e0 <strong class=\"group-[.isActiveSource]:text-xl group-[.isActiveSource]:font-bold\">CNN<\/strong> que era not\u00e1vel o fato de a obra roubada ser uma gravura, porque estas costumam ser mais f\u00e1ceis de vender do que trabalhos originais.<\/p>\n<p data-start=\"1205\" data-end=\"1537\" class=\"my-5 break-words group-[.isActiveSource]:text-xl\">\u201c\u00c9 mais f\u00e1cil vender uma gravura porque existem v\u00e1rias. Se voc\u00ea rouba uma pintura, que \u00e9 \u00fanica, \u00e9 muito dif\u00edcil vend\u00ea-la\u201d, disse Brand.<\/p>\n<p data-start=\"1754\" data-end=\"1928\" class=\"my-5 break-words group-[.isActiveSource]:text-xl\">Em um v\u00eddeo compartilhado online pela pol\u00edcia, \u00e9 poss\u00edvel ver um homem encapuzado quebrando a porta de vidro da galeria antes de entrar no pr\u00e9dio e tirar a gravura da parede.<\/p>\n<p data-start=\"1930\" data-end=\"2124\" class=\"my-5 break-words group-[.isActiveSource]:text-xl\">O gerente da galeria, Lindor Mehmetaj, de 29 anos, disse estar \u201ccompletamente chocado\u201d com o roubo, ao agradecer \u00e0 pol\u00edcia por sua resposta \u201cnot\u00e1vel\u201d, em um comunicado divulgado pela corpora\u00e7\u00e3o.<\/p>\n<p data-start=\"2126\" data-end=\"2267\" class=\"my-5 break-words group-[.isActiveSource]:text-xl\">O detetive chefe Scott Mather, que liderou a investiga\u00e7\u00e3o, afirmou que a pe\u00e7a \u201cGirl with Balloon\u201d, de Banksy, \u00e9 conhecida \u201cno mundo inteiro\u201d.<\/p>\n<p data-start=\"2269\" data-end=\"2400\" class=\"my-5 break-words group-[.isActiveSource]:text-xl\">\u201cReagimos imediatamente n\u00e3o s\u00f3 para levar Fraser \u00e0 justi\u00e7a, mas tamb\u00e9m para devolver a obra \u00e0 galeria\u201d, disse Mather em comunicado.<\/p>\n<p data-start=\"2269\" data-end=\"2400\" class=\"my-5 break-words group-[.isActiveSource]:text-xl\">A imagem ic\u00f4nica criada pelo <a href=\"https:\/\/www.cnnbrasil.com.br\/internacional\/policia-recupera-famoso-quadro-de-banksy-roubado-na-semana-passada\/\" class=\"text-red-600 underline hover:text-red-500 font-medium break-words group-[.isActiveSource]:text-xl\" target=\"_self\" rel=\"nofollow noopener\">an\u00f4nimo artista brit\u00e2nico<\/a> ganhou manchetes em 2018, quando a pintura se autodestruiu momentos ap\u00f3s ser vendida por US$ 1,4 milh\u00e3o<\/p>\n","protected":false},"excerpt":{"rendered":"Um homem foi condenado a 13 meses de pris\u00e3o por roubar uma gravura assinada da obra \u201cMenina com&hellip;\n","protected":false},"author":2,"featured_media":152577,"comment_status":"","ping_status":"","sticky":false,"template":"","format":"standard","meta":{"footnotes":""},"categories":[144],"tags":[207,205,206,203,201,202,204,114,115,32,33],"class_list":{"0":"post-152576","1":"post","2":"type-post","3":"status-publish","4":"format-standard","5":"has-post-thumbnail","7":"category-arte-e-design","8":"tag-arte","9":"tag-arte-e-design","10":"tag-artedesign","11":"tag-arts","12":"tag-arts-and-design","13":"tag-artsanddesign","14":"tag-design","15":"tag-entertainment","16":"tag-entretenimento","17":"tag-portugal","18":"tag-pt"},"share_on_mastodon":{"url":"https:\/\/pubeurope.com\/@pt\/115552974461067654","error":""},"_links":{"self":[{"href":"https:\/\/www.europesays.com\/pt\/wp-json\/wp\/v2\/posts\/152576","targetHints":{"allow":["GET"]}}],"collection":[{"href":"https:\/\/www.europesays.com\/pt\/wp-json\/wp\/v2\/posts"}],"about":[{"href":"https:\/\/www.europesays.com\/pt\/wp-json\/wp\/v2\/types\/post"}],"author":[{"embeddable":true,"href":"https:\/\/www.europesays.com\/pt\/wp-json\/wp\/v2\/users\/2"}],"replies":[{"embeddable":true,"href":"https:\/\/www.europesays.com\/pt\/wp-json\/wp\/v2\/comments?post=152576"}],"version-history":[{"count":0,"href":"https:\/\/www.europesays.com\/pt\/wp-json\/wp\/v2\/posts\/152576\/revisions"}],"wp:featuredmedia":[{"embeddable":true,"href":"https:\/\/www.europesays.com\/pt\/wp-json\/wp\/v2\/media\/152577"}],"wp:attachment":[{"href":"https:\/\/www.europesays.com\/pt\/wp-json\/wp\/v2\/media?parent=152576"}],"wp:term":[{"taxonomy":"category","embeddable":true,"href":"https:\/\/www.europesays.com\/pt\/wp-json\/wp\/v2\/categories?post=152576"},{"taxonomy":"post_tag","embeddable":true,"href":"https:\/\/www.europesays.com\/pt\/wp-json\/wp\/v2\/tags?post=152576"}],"curies":[{"name":"wp","href":"https:\/\/api.w.org\/{rel}","templated":true}]}}