{"id":152580,"date":"2025-11-15T09:32:27","date_gmt":"2025-11-15T09:32:27","guid":{"rendered":"https:\/\/www.europesays.com\/pt\/152580\/"},"modified":"2025-11-15T09:32:27","modified_gmt":"2025-11-15T09:32:27","slug":"engenheira-alimentar-alerta-para-fraude-numa-das-tuas-compras-de-supermercado","status":"publish","type":"post","link":"https:\/\/www.europesays.com\/pt\/152580\/","title":{"rendered":"Engenheira alimentar alerta para fraude numa das tuas compras de supermercado"},"content":{"rendered":"<p>Quando vamos ao supermercado, \u00e9 f\u00e1cil perdermo-nos entre a variada oferta nas m\u00faltiplas prateleiras. <a href=\"https:\/\/versa.iol.pt\/maca\/fruta\/as-macas-que-nao-deves-comprar-no-supermercado-pela-tua-saude\/20250917\/68c96db2d34e58bc6795ccad\" rel=\"nofollow noopener\" target=\"_blank\">Afinal, que ma\u00e7as levar<\/a>? <a href=\"https:\/\/versa.iol.pt\/kiwis\/kiwi-amarelo\/uma-moda-que-sai-cara-afinal-devemos-preferir-o-kiwi-amarelo\/20251029\/6901d295d34e58bc67976c59\" rel=\"nofollow noopener\" target=\"_blank\">Quais os melhores kiwis<\/a>? E&#8230; qual a canela mais genu\u00edna?<\/p>\n<p>Dizemos genu\u00edna porque nem toda a canela \u00e9 100% canela. O alerta \u00e9 feito pela engenheira alimentar Susete Estrela, que nos remete para um estudo\u00a0cient\u00edfico realizado pela Comiss\u00e3o Europeia em 2025, que analisou 104 amostras de canela compradas em v\u00e1rios supermercados europeus (\u00c1ustria, B\u00e9lgica, Bulg\u00e1ria, Fran\u00e7a, Alemanha, Gr\u00e9cia, It\u00e1lia, Malta, Eslov\u00e1quia, Espanha). A conclus\u00e3o? &#8220;66,3% tinham problemas graves de seguran\u00e7a ou fraude e 9,6% n\u00e3o cumpriam legisla\u00e7\u00e3o: tinham excesso de chumbo&#8221;.\u00a0<\/p>\n<p>Estes dados s\u00e3o particularmente preocupantes quando pensamos que 29,8% das amostras poderiam ser t\u00f3xicas para crian\u00e7as com menos de 10 anos e que apenas 33,7% estavam livres de qualquer suspeita.\u00a0<\/p>\n<p>Entre os sinais de alerta de que podemos estar perante uma canela fraudulenta est\u00e3o o\u00a0pre\u00e7o muito baixo, cor escura e sabor muito forte, e dizer apenas &#8220;canela&#8221; sem mais informa\u00e7\u00f5es, em especial a\u00a0esp\u00e9cie bot\u00e2nica.<\/p>\n<p>Como comprar ent\u00e3o a canela mais segura e saud\u00e1vel? A engenheira alimentar deixa algumas recomenda\u00e7\u00f5es numa publica\u00e7\u00e3o de Instagram.\u00a0<\/p>\n<p>\u2013 Prefere canela do Ceil\u00e3o (nome cient\u00edfico: cinnamomum verum ou zeylanicum). Tem cor mais clara, sabor mais suave e doce;\u00a0<\/p>\n<p>\u2013 Evita \u201cCassia\u201d ou \u201cCinnamomum aromaticum\u201d;<\/p>\n<p>\u2013\u00a0Prefere paus de canela inteiros. Menos fraude e podes moer em casa quando precisares.<\/p>\n<p>Esta dica faz parte do novo livro de Susete Estrela,\u00a0Mais de 50 Coisas Que N\u00e3o Deve Fazer na Cozinha, que est\u00e1 \u00e0 venda por \u20ac15,08 na <a href=\"https:\/\/www.fnac.pt\/Mais-de-50-Coisas-que-Nao-Deve-Fazer-na-Cozinha-Susete-Estrela\/a13364457\" target=\"_blank\" rel=\"nofollow noopener\">Black Friday da Fnac<\/a>.\u00a0<\/p>\n<p>  <img loading=\"lazy\" decoding=\"async\" alt=\"\" height=\"209\" src=\"https:\/\/www.europesays.com\/pt\/wp-content\/uploads\/2025\/11\/69174af1d34e3caad84b4b29.webp\" width=\"400\"\/> <\/p>\n<p>    &#8220;Mais de 50 Coisas Que N\u00e3o Deve Fazer na Cozinha&#8221;, Susete Estrela <\/p>\n<p>\u00a0<\/p>\n","protected":false},"excerpt":{"rendered":"Quando vamos ao supermercado, \u00e9 f\u00e1cil perdermo-nos entre a variada oferta nas m\u00faltiplas prateleiras. Afinal, que ma\u00e7as levar?&hellip;\n","protected":false},"author":2,"featured_media":152581,"comment_status":"","ping_status":"","sticky":false,"template":"","format":"standard","meta":{"footnotes":""},"categories":[83],"tags":[1081,88,12750,204,89,90,754,186,1079,32,33,6089,10116,1078,1080],"class_list":{"0":"post-152580","1":"post","2":"type-post","3":"status-publish","4":"format-standard","5":"has-post-thumbnail","7":"category-empresas","8":"tag-beleza","9":"tag-business","10":"tag-canela","11":"tag-design","12":"tag-economy","13":"tag-empresas","14":"tag-gastronomia","15":"tag-lifestyle","16":"tag-moda","17":"tag-portugal","18":"tag-pt","19":"tag-saudavel","20":"tag-supermercado","21":"tag-versa","22":"tag-viagens"},"share_on_mastodon":{"url":"https:\/\/pubeurope.com\/@pt\/115553025782164362","error":""},"_links":{"self":[{"href":"https:\/\/www.europesays.com\/pt\/wp-json\/wp\/v2\/posts\/152580","targetHints":{"allow":["GET"]}}],"collection":[{"href":"https:\/\/www.europesays.com\/pt\/wp-json\/wp\/v2\/posts"}],"about":[{"href":"https:\/\/www.europesays.com\/pt\/wp-json\/wp\/v2\/types\/post"}],"author":[{"embeddable":true,"href":"https:\/\/www.europesays.com\/pt\/wp-json\/wp\/v2\/users\/2"}],"replies":[{"embeddable":true,"href":"https:\/\/www.europesays.com\/pt\/wp-json\/wp\/v2\/comments?post=152580"}],"version-history":[{"count":0,"href":"https:\/\/www.europesays.com\/pt\/wp-json\/wp\/v2\/posts\/152580\/revisions"}],"wp:featuredmedia":[{"embeddable":true,"href":"https:\/\/www.europesays.com\/pt\/wp-json\/wp\/v2\/media\/152581"}],"wp:attachment":[{"href":"https:\/\/www.europesays.com\/pt\/wp-json\/wp\/v2\/media?parent=152580"}],"wp:term":[{"taxonomy":"category","embeddable":true,"href":"https:\/\/www.europesays.com\/pt\/wp-json\/wp\/v2\/categories?post=152580"},{"taxonomy":"post_tag","embeddable":true,"href":"https:\/\/www.europesays.com\/pt\/wp-json\/wp\/v2\/tags?post=152580"}],"curies":[{"name":"wp","href":"https:\/\/api.w.org\/{rel}","templated":true}]}}