{"id":152584,"date":"2025-11-15T09:36:09","date_gmt":"2025-11-15T09:36:09","guid":{"rendered":"https:\/\/www.europesays.com\/pt\/152584\/"},"modified":"2025-11-15T09:36:09","modified_gmt":"2025-11-15T09:36:09","slug":"camila-queiroz-e-klebber-toledo-mostram-ansiedade-ao-fazer-enxoval-da-primeira-filha","status":"publish","type":"post","link":"https:\/\/www.europesays.com\/pt\/152584\/","title":{"rendered":"Camila Queiroz e Klebber Toledo mostram ansiedade ao fazer enxoval da primeira filha"},"content":{"rendered":"<p>Camila Queiroz, de 32 anos, e\u00a0Klebber Toledo, de 39 anos, compartilharam nas redes sociais a ansiedade e a emo\u00e7\u00e3o de montar o enxoval da primeira filha. No v\u00eddeo, o casal mostra alguns dos bastidores do momento, incluindo o ator chorando de emo\u00e7\u00e3o e a modelo experimentando uma \u201cbolsa canguru\u201d, brincando que j\u00e1 est\u00e1 treinando para os looks do futuro.<\/p>\n<p>\u201cUm dos momentos mais aguardados de uma gesta\u00e7\u00e3o \u00e9 quando vamos montar o enxoval e eu confesso que estava com frio na barriga\u2026 Neste v\u00eddeo d\u00e1 para ver um pouquinho de como fomos papais curiosos de primeira viagem e fizemos quest\u00e3o de conhecer e ver de perto cada detalhe\u201d, escreveram.<\/p>\n<p class=\" content-text__container \" data-track-category=\"Link no Texto\" data-track-links=\"\" data-mrf-recirculation=\"Article links\">Recentemente,\u00a0o fot\u00f3grafo<strong>\u00a0Anthony Garcia\u00a0<\/strong>divulgou novas fotos do ensaio gestacional dos dois.\u00a0\u00c0 espera de uma menina prevista para nascer no in\u00edcio de dezembro, Camila e Klebber posaram ao ar livre, em uma praia do Rio de Janeiro.<\/p>\n<p class=\" content-text__container \" data-track-category=\"Link no Texto\" data-track-links=\"\" data-mrf-recirculation=\"Article links\">\u201cAmo ver voc\u00eas construindo a vida. Construindo vida. Tocando vidas. Amando vidas. Vivendo. Amo ver voc\u00eas. E amo voc\u00eas juntos\u201d, escreveu Anthony ao publicar os registros in\u00e9ditos.<\/p>\n<p class=\" content-text__container \" data-track-category=\"Link no Texto\" data-track-links=\"\" data-mrf-recirculation=\"Article links\">Juntos desde 2016, Camila e Klebber se conheceram durante as grava\u00e7\u00f5es da novela\u00a0\u00cata Mundo Bom! e comemoraram sete anos de casamento em agosto. Desde que oficializaram a uni\u00e3o, afirmam que desejavam aumentar a fam\u00edlia.<\/p>\n","protected":false},"excerpt":{"rendered":"Camila Queiroz, de 32 anos, e\u00a0Klebber Toledo, de 39 anos, compartilharam nas redes sociais a ansiedade e a&hellip;\n","protected":false},"author":2,"featured_media":152585,"comment_status":"","ping_status":"","sticky":false,"template":"","format":"standard","meta":{"footnotes":""},"categories":[145],"tags":[211,210,114,115,32,33],"class_list":{"0":"post-152584","1":"post","2":"type-post","3":"status-publish","4":"format-standard","5":"has-post-thumbnail","7":"category-celebridades","8":"tag-celebridades","9":"tag-celebrities","10":"tag-entertainment","11":"tag-entretenimento","12":"tag-portugal","13":"tag-pt"},"share_on_mastodon":{"url":"https:\/\/pubeurope.com\/@pt\/115553041487920508","error":""},"_links":{"self":[{"href":"https:\/\/www.europesays.com\/pt\/wp-json\/wp\/v2\/posts\/152584","targetHints":{"allow":["GET"]}}],"collection":[{"href":"https:\/\/www.europesays.com\/pt\/wp-json\/wp\/v2\/posts"}],"about":[{"href":"https:\/\/www.europesays.com\/pt\/wp-json\/wp\/v2\/types\/post"}],"author":[{"embeddable":true,"href":"https:\/\/www.europesays.com\/pt\/wp-json\/wp\/v2\/users\/2"}],"replies":[{"embeddable":true,"href":"https:\/\/www.europesays.com\/pt\/wp-json\/wp\/v2\/comments?post=152584"}],"version-history":[{"count":0,"href":"https:\/\/www.europesays.com\/pt\/wp-json\/wp\/v2\/posts\/152584\/revisions"}],"wp:featuredmedia":[{"embeddable":true,"href":"https:\/\/www.europesays.com\/pt\/wp-json\/wp\/v2\/media\/152585"}],"wp:attachment":[{"href":"https:\/\/www.europesays.com\/pt\/wp-json\/wp\/v2\/media?parent=152584"}],"wp:term":[{"taxonomy":"category","embeddable":true,"href":"https:\/\/www.europesays.com\/pt\/wp-json\/wp\/v2\/categories?post=152584"},{"taxonomy":"post_tag","embeddable":true,"href":"https:\/\/www.europesays.com\/pt\/wp-json\/wp\/v2\/tags?post=152584"}],"curies":[{"name":"wp","href":"https:\/\/api.w.org\/{rel}","templated":true}]}}