{"id":152586,"date":"2025-11-15T09:37:10","date_gmt":"2025-11-15T09:37:10","guid":{"rendered":"https:\/\/www.europesays.com\/pt\/152586\/"},"modified":"2025-11-15T09:37:10","modified_gmt":"2025-11-15T09:37:10","slug":"prefeitura-inicia-instalacao-de-escultura-de-capivara-na-represa-de-rio-preto-2","status":"publish","type":"post","link":"https:\/\/www.europesays.com\/pt\/152586\/","title":{"rendered":"Prefeitura inicia instala\u00e7\u00e3o de escultura de capivara na Represa de Rio Preto"},"content":{"rendered":"<p>A Prefeitura de Rio Preto vai fazer a instala\u00e7\u00e3o da escultura de capivara na Represa Municipal nesta sexta-feira, 14. O monumento, feito e doado pelo artista Fernando Fachini, ser\u00e1 instalado em frente \u00e0 Swift, no local onde ser\u00e1 constru\u00eddo o Parque da Capivara. A instala\u00e7\u00e3o marca o primeiro passo do cronograma do projeto.<\/p>\n<p>A escultura de tr\u00eas metros de altura \u00e9 feita em dois blocos de isopor que somam oito metros c\u00fabicos. A pe\u00e7a ganhou uma camada de pintura imperme\u00e1vel.<\/p>\n<p>Em uma vota\u00e7\u00e3o nas redes sociais, foi definido o nome da mascote: Dona Capi.<\/p>\n","protected":false},"excerpt":{"rendered":"A Prefeitura de Rio Preto vai fazer a instala\u00e7\u00e3o da escultura de capivara na Represa Municipal nesta sexta-feira,&hellip;\n","protected":false},"author":2,"featured_media":151799,"comment_status":"","ping_status":"","sticky":false,"template":"","format":"standard","meta":{"footnotes":""},"categories":[144],"tags":[207,205,206,203,201,202,204,114,115,32,33],"class_list":{"0":"post-152586","1":"post","2":"type-post","3":"status-publish","4":"format-standard","5":"has-post-thumbnail","7":"category-arte-e-design","8":"tag-arte","9":"tag-arte-e-design","10":"tag-artedesign","11":"tag-arts","12":"tag-arts-and-design","13":"tag-artsanddesign","14":"tag-design","15":"tag-entertainment","16":"tag-entretenimento","17":"tag-portugal","18":"tag-pt"},"share_on_mastodon":{"url":"https:\/\/pubeurope.com\/@pt\/115553045220542539","error":""},"_links":{"self":[{"href":"https:\/\/www.europesays.com\/pt\/wp-json\/wp\/v2\/posts\/152586","targetHints":{"allow":["GET"]}}],"collection":[{"href":"https:\/\/www.europesays.com\/pt\/wp-json\/wp\/v2\/posts"}],"about":[{"href":"https:\/\/www.europesays.com\/pt\/wp-json\/wp\/v2\/types\/post"}],"author":[{"embeddable":true,"href":"https:\/\/www.europesays.com\/pt\/wp-json\/wp\/v2\/users\/2"}],"replies":[{"embeddable":true,"href":"https:\/\/www.europesays.com\/pt\/wp-json\/wp\/v2\/comments?post=152586"}],"version-history":[{"count":0,"href":"https:\/\/www.europesays.com\/pt\/wp-json\/wp\/v2\/posts\/152586\/revisions"}],"wp:featuredmedia":[{"embeddable":true,"href":"https:\/\/www.europesays.com\/pt\/wp-json\/wp\/v2\/media\/151799"}],"wp:attachment":[{"href":"https:\/\/www.europesays.com\/pt\/wp-json\/wp\/v2\/media?parent=152586"}],"wp:term":[{"taxonomy":"category","embeddable":true,"href":"https:\/\/www.europesays.com\/pt\/wp-json\/wp\/v2\/categories?post=152586"},{"taxonomy":"post_tag","embeddable":true,"href":"https:\/\/www.europesays.com\/pt\/wp-json\/wp\/v2\/tags?post=152586"}],"curies":[{"name":"wp","href":"https:\/\/api.w.org\/{rel}","templated":true}]}}