{"id":152587,"date":"2025-11-15T09:39:16","date_gmt":"2025-11-15T09:39:16","guid":{"rendered":"https:\/\/www.europesays.com\/pt\/152587\/"},"modified":"2025-11-15T09:39:16","modified_gmt":"2025-11-15T09:39:16","slug":"ines-e-a-mulher-certa-para-dylan-irma-do-concorrente-de-secret-story-da-resposta-inesperada","status":"publish","type":"post","link":"https:\/\/www.europesays.com\/pt\/152587\/","title":{"rendered":"In\u00eas \u00e9 &#8220;a mulher certa&#8221; para Dylan? Irm\u00e3 do concorrente de &#8220;Secret Story&#8221; d\u00e1 resposta inesperada!"},"content":{"rendered":"<p><a href=\"https:\/\/selfie.iol.pt\/famosos\/casa-dos-segredos-9\/momento-alto-em-secret-story-ines-acerta-no-segredo-de-dylan-e-esta-foi-a-reacao-dos-concorrentes\/20251113\/691621dad34e3caad84b4198\" target=\"_blank\" rel=\"nofollow noopener\">Dylan Fonte<\/a> foi representado pela irm\u00e3,\u00a0Marta Fonte, numa tert\u00falia com familiares dos nomeados desta semana na nona edi\u00e7\u00e3o de &#8220;Secret Story &#8211; Casa dos Segredos&#8221;.<\/p>\n<p>A conversa teve lugar, esta sexta-feira, dia 14, no programa &#8220;<a href=\"https:\/\/tvi.iol.pt\/doisas10\/\" target=\"_blank\" rel=\"nofollow noopener\">Dois \u00e0s 10<\/a>&#8220;, conduzido por Cristina Ferreira, que questionou a jovem sobre a rela\u00e7\u00e3o que o irm\u00e3o desenvolveu com In\u00eas Gama no reality show da <a href=\"https:\/\/tvi.iol.pt\/\" target=\"_blank\" rel=\"nofollow noopener\">TVI<\/a>.<\/p>\n<p>&#8220;Achas que a In\u00eas \u00e9 a mulher certa para o teu irm\u00e3o?&#8221;, quis saber a tamb\u00e9m Diretora de Entretenimento e Fic\u00e7\u00e3o da esta\u00e7\u00e3o de Queluz de Baixo.\u00a0&#8220;N\u00e3o a conhe\u00e7o&#8230;&#8221;, desabafou apenas Marta Fonte, preferindo n\u00e3o se alongar em coment\u00e1rios.<\/p>\n<p>Al\u00e9m de <a href=\"https:\/\/selfie.iol.pt\/famosos\/casa-dos-segredos-9\/milhares-investidos-em-votos-fora-de-secret-story-familia-de-dylan-faz-esclarecimento-definitivo\/20251112\/6914bbcfd34e3caad84b3659\" target=\"_blank\" rel=\"nofollow noopener\">Dylan Fonte<\/a>, lutam pela perman\u00eancia na competi\u00e7\u00e3o Ana Batista, Ana Cristina Ferreira, Leandro Martins e Pedro Jorge.<\/p>\n<p>Veja, agora, este e outros v\u00eddeos da tert\u00falia sobre &#8220;<a href=\"https:\/\/tvi.iol.pt\/secretstory\/\" target=\"_blank\" rel=\"nofollow noopener\">Secret Story<\/a> &#8211; Casa dos Segredos&#8221;.<\/p>\n","protected":false},"excerpt":{"rendered":"Dylan Fonte foi representado pela irm\u00e3,\u00a0Marta Fonte, numa tert\u00falia com familiares dos nomeados desta semana na nona edi\u00e7\u00e3o&hellip;\n","protected":false},"author":2,"featured_media":152588,"comment_status":"","ping_status":"","sticky":false,"template":"","format":"standard","meta":{"footnotes":""},"categories":[142],"tags":[6340,26382,19725,31505,2632,13471,6338,328,166,801,19105,21040,114,115,980,15353,25393,12195,12397,26373,32979,619,14646,21416,32,33,1014,1315,6985,16687,16686,1012,6986,16688,151,162],"class_list":{"0":"post-152587","1":"post","2":"type-post","3":"status-publish","4":"format-standard","5":"has-post-thumbnail","7":"category-tv","8":"tag-ana","9":"tag-ana-batista","10":"tag-ana-cristina","11":"tag-ana-cristina-ferreira","12":"tag-casa-dos-segredos","13":"tag-casa-dos-segredos-9","14":"tag-concorrente","15":"tag-concorrentes","16":"tag-cristina-ferreira","17":"tag-dois-as-10","18":"tag-dylan","19":"tag-dylan-fonte","20":"tag-entertainment","21":"tag-entretenimento","22":"tag-famosos","23":"tag-ines","24":"tag-ines-gama","25":"tag-irma","26":"tag-leandro","27":"tag-leandro-martins","28":"tag-marta-fonte","29":"tag-nacional","30":"tag-pedro","31":"tag-pedro-jorge","32":"tag-portugal","33":"tag-pt","34":"tag-reality-show","35":"tag-secret-story","36":"tag-secret-story-casa-dos-segredos","37":"tag-secret-story-casa-dos-segredos-9","38":"tag-secret-story-9","39":"tag-selfie","40":"tag-ss","41":"tag-ss9","42":"tag-tv","43":"tag-tvi"},"share_on_mastodon":{"url":"","error":"Validation failed: Text character limit of 500 exceeded"},"_links":{"self":[{"href":"https:\/\/www.europesays.com\/pt\/wp-json\/wp\/v2\/posts\/152587","targetHints":{"allow":["GET"]}}],"collection":[{"href":"https:\/\/www.europesays.com\/pt\/wp-json\/wp\/v2\/posts"}],"about":[{"href":"https:\/\/www.europesays.com\/pt\/wp-json\/wp\/v2\/types\/post"}],"author":[{"embeddable":true,"href":"https:\/\/www.europesays.com\/pt\/wp-json\/wp\/v2\/users\/2"}],"replies":[{"embeddable":true,"href":"https:\/\/www.europesays.com\/pt\/wp-json\/wp\/v2\/comments?post=152587"}],"version-history":[{"count":0,"href":"https:\/\/www.europesays.com\/pt\/wp-json\/wp\/v2\/posts\/152587\/revisions"}],"wp:featuredmedia":[{"embeddable":true,"href":"https:\/\/www.europesays.com\/pt\/wp-json\/wp\/v2\/media\/152588"}],"wp:attachment":[{"href":"https:\/\/www.europesays.com\/pt\/wp-json\/wp\/v2\/media?parent=152587"}],"wp:term":[{"taxonomy":"category","embeddable":true,"href":"https:\/\/www.europesays.com\/pt\/wp-json\/wp\/v2\/categories?post=152587"},{"taxonomy":"post_tag","embeddable":true,"href":"https:\/\/www.europesays.com\/pt\/wp-json\/wp\/v2\/tags?post=152587"}],"curies":[{"name":"wp","href":"https:\/\/api.w.org\/{rel}","templated":true}]}}