{"id":152589,"date":"2025-11-15T09:44:12","date_gmt":"2025-11-15T09:44:12","guid":{"rendered":"https:\/\/www.europesays.com\/pt\/152589\/"},"modified":"2025-11-15T09:44:12","modified_gmt":"2025-11-15T09:44:12","slug":"fim-de-semana-na-tv-de-angola-ao-japao-com-o-nosso-papa-e-as-horas-televisao","status":"publish","type":"post","link":"https:\/\/www.europesays.com\/pt\/152589\/","title":{"rendered":"Fim-de-semana na TV: de Angola ao Jap\u00e3o, com o nosso Papa e As Horas | Televis\u00e3o"},"content":{"rendered":"<p dir=\"ltr\"><strong><a href=\"https:\/\/cinecartaz.publico.pt\/filme\/som-liberdade-411187\" rel=\"nofollow noopener\" target=\"_blank\">Som da Liberdade<\/a><\/strong><br \/><strong>Hollywood, s\u00e1bado, 17h55<\/strong><\/p>\n<p dir=\"ltr\">H\u00e1 12 anos que Tim Ballard (Jim Caviezel), agente especial no Departamento de Seguran\u00e7a Interna norte-americano, desmantela redes de tr\u00e1fico de seres humanos, pedofilia e turismo sexual. Depois de resgatar Miguel, uma crian\u00e7a v\u00edtima de tr\u00e1fico sexual na Col\u00f4mbia, fica a saber que a irm\u00e3 dele foi deixada para tr\u00e1s e decide embrenhar-se nos confins da selva colombiana. Um filme realizado por Alejandro Monteverde, cujo argumento, seu e de Rod Barr, tem por base a verdadeira hist\u00f3ria de Ballard. Mira Sorvino, Bill Camp, Cristal Aparicio e Javier Godino assumem as personagens secund\u00e1rias.<\/p>\n<p dir=\"ltr\"><strong><a href=\"https:\/\/cinecartaz.publico.pt\/Filme\/19687_recordacoes-da-casa-amarela\" rel=\"nofollow noopener\" target=\"_blank\">Recorda\u00e7\u00f5es da Casa Amarela<\/a><\/strong><br \/><strong>RTP2, s\u00e1bado, 00h40<\/strong><\/p>\n<p dir=\"ltr\">Lisboa, 1989. Jo\u00e3o de Deus vive num quarto de uma pens\u00e3o barata e familiar na zona velha e ribeirinha. Um dia, na sequ\u00eancia de um pequeno problema, \u00e9 posto na rua. O filme de Jo\u00e3o C\u00e9sar Monteiro, que ganhou o Le\u00e3o de Prata no Festival de Veneza, deu a conhecer o personagem Jo\u00e3o de Deus, um alter ego do realizador que se tornou o mais rebuscado protagonista das suas com\u00e9dias.<\/p>\n<p dir=\"ltr\"><strong><a href=\"https:\/\/cinecartaz.publico.pt\/Filme\/20849_traffic-ninguem-sai-ileso\" rel=\"nofollow noopener\" target=\"_blank\">Traffic &#8211; Ningu\u00e9m Sai Ileso<\/a><\/strong><br \/><strong>AMC, s\u00e1bado, 1h28<\/strong><\/p>\n<p dir=\"ltr\">O filme de Steven Soderbergh apresenta uma vis\u00e3o panor\u00e2mica dos cart\u00e9is da droga, assente em dramas interligados, que se desenrolam a v\u00e1rios n\u00edveis, do pessoal ao pol\u00edtico. Apontado como o melhor filme de 2000 pelo C\u00edrculo de Cr\u00edticos de Nova Iorque, obteve dois Globos de Ouro e quatro \u00d3scares. Benicio Del Toro, Catherine Zeta-Jones, Dennis Quaid, Don Cheadle e Michael Douglas tamb\u00e9m integram o elenco.<\/p>\n<p dir=\"ltr\"><strong><a href=\"https:\/\/cinecartaz.publico.pt\/filme\/forrest-gump-26489\" rel=\"nofollow noopener\" target=\"_blank\">Forrest Gump<\/a><\/strong><br \/><strong>RTP1, domingo, 00h45<\/strong><\/p>\n<p dir=\"ltr\">Seis \u00f3scares premiaram o filme de Robert Zemeckis em que Tom Hanks d\u00e1 vida a um rapaz simples, de bons princ\u00edpios, que vive numa realidade s\u00f3 sua. Mas, por estranha coincid\u00eancia, est\u00e1 presente em todos os acontecimentos importantes do seu tempo, conhecendo pessoas c\u00e9lebres como o presidente Kennedy ou John Lennon, e tornando-se, ele pr\u00f3prio, uma esp\u00e9cie de her\u00f3i americano. Al\u00e9m de ter sido um \u00eaxito de bilheteira, Forrest Gump arrebatou a Academia de Hollywood, que o nomeou para 13 \u00d3scares e lhe atribuiu seis, incluindo melhor filme, realizador e actor principal.<\/p>\n<p dir=\"ltr\"><strong><a href=\"https:\/\/cinecartaz.publico.pt\/filme\/marighella-398440\" rel=\"nofollow noopener\" target=\"_blank\">Marighella<\/a><\/strong><br \/><strong>HBO Max, domingo, streaming<\/strong><\/p>\n<p dir=\"ltr\">Esta \u00e9 a hist\u00f3ria de Carlos Marighella (1911-1969), ex-deputado comunista, escritor e guerrilheiro, tido como um dos maiores \u00edcones do Brasil pela sua luta pela liberdade. Liderou um grupo de revolucion\u00e1rios durante a ditadura militar e foi assassinado por agentes do Departamento de Ordem Pol\u00edtica e Social. A realiza\u00e7\u00e3o \u00e9 do estreante Wagner Moura (protagonista de Tropa de Elite). Marighella \u00e9 o cantor e actor Seu Jorge, a contracenar com Ana Paula Bouzas, Bella Camero, Herson Capri, Adriana Esteves e Guilherme Ferraz, entre outros.<\/p>\n<p>S\u00c9RIE<\/p>\n<p dir=\"ltr\"><strong>Night Court<\/strong><br \/><strong>Star Comedy, s\u00e1bado, 8h53<\/strong><\/p>\n<p dir=\"ltr\">Come\u00e7a a terceira temporada da sitcom que se apoia na mem\u00f3ria da s\u00e9rie hom\u00f3nima dos anos 1980 para voltar ao turno da noite de um tribunal de instru\u00e7\u00e3o de Manhattan. Agora, quem est\u00e1 no centro da ac\u00e7\u00e3o \u00e9 a ju\u00edza Abby Stone (interpretada por Melissa Rauch, a Bernadette d\u2019A Teoria do Big Bang), filha do protagonista original (Harry Anderson), com o seu esp\u00edrito optimista e idealista. Os novos epis\u00f3dios saem em grupos de cinco, para ver em maratonas aos s\u00e1bados e domingos de manh\u00e3.<\/p>\n<p>INFORMA\u00c7\u00c3O<\/p>\n<p dir=\"ltr\"><strong>Angola, Meio S\u00e9culo de Vida<\/strong><br \/><strong>RTP1, s\u00e1bado, 12h27<\/strong><\/p>\n<p dir=\"ltr\">A prop\u00f3sito do cinquenten\u00e1rio da independ\u00eancia de Angola, a reportagem de Lu\u00eds Peixoto e David Ara\u00fajo rev\u00ea esse passado \u2013 na senda dos registos deixados, em 1975, pelo rep\u00f3rter polaco Ryszard Kapuscinski (1932-2007) \u2013, d\u00e1 conta da reinven\u00e7\u00e3o em marcha por uma nova gera\u00e7\u00e3o e perspectiva o futuro \u201cde um pa\u00eds em permanente reconstru\u00e7\u00e3o\u201d.<\/p>\n<p>        &#13;<\/p>\n<p>&#13;<br \/>\n                &#13;\n            <\/p>\n<p>&#13;<\/p>\n<p>DOCUMENT\u00c1RIOS<\/p>\n<p dir=\"ltr\"><strong>10 Mil Km de Regresso ao Jap\u00e3o<\/strong><br \/><strong>RTP Not\u00edcias, s\u00e1bado, 23h30<\/strong><\/p>\n<p dir=\"ltr\">Estreia. O que podem ter em comum dois pa\u00edses t\u00e3o distantes quanto o Jap\u00e3o e Portugal? Eis a pergunta lan\u00e7ada pelo novo programa, que ensaia um princ\u00edpio de resposta: \u201cs\u00e9culos de curiosidade, arte e espanto\u201d. Ou uma liga\u00e7\u00e3o \u201cque se revela na gastronomia, nos objectos, na moda ou na linguagem\u201d, concretiza a RTP. David Lopes e Ana Daniela Soares s\u00e3o os anfitri\u00f5es da descoberta, ao longo de 15 epis\u00f3dios semanais.<\/p>\n<p dir=\"ltr\"><strong>Mara: Rebirth<\/strong><br \/><strong>Nat Geo Wild, domingo, 17h<\/strong><\/p>\n<p dir=\"ltr\">Estreia. Entre as grandes migra\u00e7\u00f5es que ali se encontram e animais residentes como o leopardo, o chacal ou o serval, este document\u00e1rio observa o importante foco de riqueza e diversidade que \u00e9 a reserva natural queniana Masai Mara.<\/p>\n<p dir=\"ltr\"><strong>Mist\u00e9rio em Viterbo<\/strong><br \/><strong>RTP Mem\u00f3ria, domingo, 20h10<\/strong><\/p>\n<p dir=\"ltr\">Datado de 1999, este trabalho de Anabela Saint-Maurice retrata Jo\u00e3o XXI, o portugu\u00eas que foi Papa durante oito meses e do qual pouco reza a hist\u00f3ria. No conclave que o elegeu, em 1276, a decis\u00e3o foi tudo menos pac\u00edfica (h\u00e1 registos de cardeais espancados) para uma Igreja adepta do obscurantismo, para a qual um cientista estava longe de ser um candidato perfeito. Pedro Hispano era m\u00e9dico, diplomata e fil\u00f3sofo. Nascido em Lisboa, acabaria por morrer no Pal\u00e1cio Papal de Viterbo: ao inspeccionar obras, caiu-lhe o tecto em cima. Historiadores, investigadores e pensadores como Ant\u00f3nio Sousa Costa, Jos\u00e9 Meirinhos, Santiago de Carvalho, Jos\u00e9 Antunes ou Filomena Falc\u00e3o lan\u00e7am luzes sobre a sua biografia.<\/p>\n<p>        &#13;<\/p>\n<p>&#13;<br \/>\n                &#13;\n            <\/p>\n<p>&#13;<\/p>\n<p dir=\"ltr\"><strong><a href=\"https:\/\/cinecartaz.publico.pt\/filme\/melusinas-margem-rio-413743\" rel=\"nofollow noopener\" target=\"_blank\">As Melusinas \u00e0 Margem do Rio<\/a><\/strong><br \/><strong>TVCine Edition, domingo, 22h<\/strong><\/p>\n<p dir=\"ltr\">Guiada pela lend\u00e1ria figura de Melusina, a sereia associada \u00e0 funda\u00e7\u00e3o do Luxemburgo, a realizadora M\u00e9lanie Pereira conversa com quatro mulheres que, tal como ela, s\u00e3o tamb\u00e9m filhas de portugueses que para l\u00e1 foram viver. Sem se sentirem verdadeiramente portuguesas nem luxemburguesas, apesar de l\u00e1 terem nascido e vivido toda a vida, todas se questionam sobre o lugar a que pertencem. Este document\u00e1rio, que explora quest\u00f5es de identidade, emigra\u00e7\u00e3o e nacionalidade, foi o vencedor de melhor filme portugu\u00eas na 21.\u00aa edi\u00e7\u00e3o do Doclisboa e de melhor document\u00e1rio nacional no Porto Femme 2024.<\/p>\n<p>        &#13;<\/p>\n<p>&#13;<br \/>\n                &#13;\n            <\/p>\n<p>&#13;<\/p>\n<p>\u00d3PERA<\/p>\n<p dir=\"ltr\"><strong>As Horas<\/strong><br \/><strong>RTP2, s\u00e1bado, 22h01<\/strong><\/p>\n<p dir=\"ltr\">Um elenco vocal de luxo, formado pelas cantoras Ren\u00e9e Fleming, Joyce DiDonato e Kelli O\u2019Hara, d\u00e1 voz \u00e0 \u00f3pera que Kevin Puts comp\u00f4s, com libreto de Greg Pierce, a partir do premiado romance de Michael Cunningham e sob inspira\u00e7\u00e3o da <a href=\"https:\/\/cinecartaz.publico.pt\/filme\/as-horas-77891\" rel=\"nofollow noopener\" target=\"_blank\">adapta\u00e7\u00e3o ao cinema<\/a> com Nicole Kidman (no papel que lhe valeu o \u00d3scar, como Virginia Woolf), Julianne Moore e Meryl Streep. Estreada em 2022, esta \u00e9 uma produ\u00e7\u00e3o da \u00d3pera Metropolitana de Nova Iorque, dirigida pelo maestro Yannick N\u00e9zet-S\u00e9guin e encenada por Phelim McDermott. A hist\u00f3ria segue tr\u00eas mulheres de diferentes \u00e9pocas, mas de alguma forma ligadas ao livro Mrs. Dalloway.<\/p>\n<p>M\u00daSICA<\/p>\n<p dir=\"ltr\"><strong>Ib\u00e9ria<\/strong><br \/><strong>RTP2, domingo, 23h58<\/strong><\/p>\n<p dir=\"ltr\">Em Junho passado, o Trio Ib\u00e9ria despediu-se dos palcos. Composto pelo guitarrista e compositor portugu\u00eas Manuel de Oliveira, o saxofonista e flautista espanhol Jorge Pardo e o seu compatriota Carles Benavent no baixo el\u00e9ctrico, o grupo considerou ter cumprido a sua miss\u00e3o, 25 anos depois de se ter conhecido. Recordamo-lo neste concerto dedicado a Paco de Luc\u00eda.<\/p>\n<p>        &#13;<\/p>\n<p>&#13;<br \/>\n                &#13;\n            <\/p>\n<p>&#13;<\/p>\n<p>INFANTIL<\/p>\n<p dir=\"ltr\"><strong>Winx Club: a Magia Est\u00e1 de Volta<\/strong><br \/><strong>Panda, s\u00e1bado, 21h<\/strong><\/p>\n<p dir=\"ltr\">Estreia. Mais de 20 anos depois de O Clube das Winx ter sido criado, as fadas regressam num reboot, redesenhadas em CGI e formato 3D, mas mantendo os valores essenciais \u2013 nomeadamente, o poder da amizade verdadeira. S\u00e3o 26 epis\u00f3dios, debitados aos s\u00e1bados e domingos.<\/p>\n<p dir=\"ltr\"><strong><a href=\"https:\/\/cinecartaz.publico.pt\/filme\/dc-liga-dos-super-pets-408335\" rel=\"nofollow noopener\" target=\"_blank\">DC Liga dos Super-Pets<\/a> (VP)<\/strong><br \/><strong>Disney Channel, domingo, 20h35<\/strong><\/p>\n<p dir=\"ltr\">O c\u00e3o do Super-Homem, que, tal como o dono, tamb\u00e9m tem superpoderes \u2014 apesar de os ter perdido recentemente \u2014 junta-se a outros animais de estima\u00e7\u00e3o peculiares (uma porca que cresce, uma tartaruga supers\u00f3nica, um esquilo el\u00e9ctrico&#8230;). O objectivo \u00e9 salvar a Liga da Justi\u00e7a (sobre)humana, que foi capturada por Lex Luthor e Lulu, uma porquinha da \u00cdndia. Eis a premissa desta com\u00e9dia de anima\u00e7\u00e3o da DC. A realiza\u00e7\u00e3o \u00e9 de Jared Stern, que co-escreve o gui\u00e3o com John Whittington, com quem trabalhou, por exemplo, em Lego Batman: O Filme.<\/p>\n<p>        &#13;<\/p>\n<p>&#13;<br \/>\n                &#13;\n            <\/p>\n<p>&#13;<\/p>\n","protected":false},"excerpt":{"rendered":"Som da LiberdadeHollywood, s\u00e1bado, 17h55 H\u00e1 12 anos que Tim Ballard (Jim Caviezel), agente especial no Departamento de&hellip;\n","protected":false},"author":2,"featured_media":152590,"comment_status":"","ping_status":"","sticky":false,"template":"","format":"standard","meta":{"footnotes":""},"categories":[85],"tags":[470,4768,1413,1414,114,115,3209,294,150,25536,32,33,291,941,218,151],"class_list":{"0":"post-152589","1":"post","2":"type-post","3":"status-publish","4":"format-standard","5":"has-post-thumbnail","7":"category-entretenimento","8":"tag-cinema","9":"tag-cinema-de-animacao","10":"tag-cultura-ipsilon","11":"tag-documentario","12":"tag-entertainment","13":"tag-entretenimento","14":"tag-infantil","15":"tag-lazer","16":"tag-musica","17":"tag-opera","18":"tag-portugal","19":"tag-pt","20":"tag-relaxar","21":"tag-series","22":"tag-televisao","23":"tag-tv"},"share_on_mastodon":{"url":"https:\/\/pubeurope.com\/@pt\/115553072764568381","error":""},"_links":{"self":[{"href":"https:\/\/www.europesays.com\/pt\/wp-json\/wp\/v2\/posts\/152589","targetHints":{"allow":["GET"]}}],"collection":[{"href":"https:\/\/www.europesays.com\/pt\/wp-json\/wp\/v2\/posts"}],"about":[{"href":"https:\/\/www.europesays.com\/pt\/wp-json\/wp\/v2\/types\/post"}],"author":[{"embeddable":true,"href":"https:\/\/www.europesays.com\/pt\/wp-json\/wp\/v2\/users\/2"}],"replies":[{"embeddable":true,"href":"https:\/\/www.europesays.com\/pt\/wp-json\/wp\/v2\/comments?post=152589"}],"version-history":[{"count":0,"href":"https:\/\/www.europesays.com\/pt\/wp-json\/wp\/v2\/posts\/152589\/revisions"}],"wp:featuredmedia":[{"embeddable":true,"href":"https:\/\/www.europesays.com\/pt\/wp-json\/wp\/v2\/media\/152590"}],"wp:attachment":[{"href":"https:\/\/www.europesays.com\/pt\/wp-json\/wp\/v2\/media?parent=152589"}],"wp:term":[{"taxonomy":"category","embeddable":true,"href":"https:\/\/www.europesays.com\/pt\/wp-json\/wp\/v2\/categories?post=152589"},{"taxonomy":"post_tag","embeddable":true,"href":"https:\/\/www.europesays.com\/pt\/wp-json\/wp\/v2\/tags?post=152589"}],"curies":[{"name":"wp","href":"https:\/\/api.w.org\/{rel}","templated":true}]}}