{"id":152591,"date":"2025-11-15T09:46:31","date_gmt":"2025-11-15T09:46:31","guid":{"rendered":"https:\/\/www.europesays.com\/pt\/152591\/"},"modified":"2025-11-15T09:46:31","modified_gmt":"2025-11-15T09:46:31","slug":"aicep-reuniu-empresas-e-investidores-na-web-summit-para-posicionar-portugal-como-tech-hub-europeu","status":"publish","type":"post","link":"https:\/\/www.europesays.com\/pt\/152591\/","title":{"rendered":"AICEP reuniu empresas e investidores na Web Summit para posicionar Portugal como Tech Hub europeu"},"content":{"rendered":"<p>Foi uma sess\u00e3o de networking entre empresas e institui\u00e7\u00f5es portuguesas e investidores internacionais, promovida pela AICEP em plena Web Summit, o melhor enquadramento para refor\u00e7ar o papel de Portugal como destino de excel\u00eancia para investimento e talento na \u00e1rea tecnol\u00f3gica.<\/p>\n<p>Com mais de\u00a0uma centena de participantes e contando com os secret\u00e1rios de Estado da Economia, Jo\u00e3o Rui Ferreira, e da Digitaliza\u00e7\u00e3o, Bernardo Correia a sublinhar a import\u00e2ncia do setor tecnol\u00f3gico no processo de transforma\u00e7\u00e3o digital e na competitividade da Economia portuguesa, a sess\u00e3o acolheu\u00a0uma comunidade internacional de empresas e empreendedores que j\u00e1 escolheram Portugal para instalar ou expandir as suas opera\u00e7\u00f5es.<\/p>\n<p>\u201cA decis\u00e3o de tantas empresas tecnol\u00f3gicas internacionais em localizar os seus Centros Tecnol\u00f3gicos em Portugal \u00e9 um contributo essencial para posicionar o pa\u00eds como um dos principais Tech Hubs da Europa\u201d, vincou a presidente da AICEP, Madalena Oliveira e Silva, enaltecendo a forma como Portugal j\u00e1 se tornou a casa de centenas de Centros de Servi\u00e7os nas \u00e1reas de software development, engenharia de IT, ciberseguran\u00e7a, intelig\u00eancia artificial e ci\u00eancia de dados, resultado da colabora\u00e7\u00e3o entre entidades de investiga\u00e7\u00e3o, empresas e startups nacionais e multinacionais, bem como um vasto ecossistema de talento altamente qualificado.<\/p>\n<p>No mesmo encontro, a empresa norte-americana HAVI partilhou a experi\u00eancia na escolha de Lisboa para acolher o seu Centro de Inova\u00e7\u00e3o Tecnol\u00f3gica, num investimento que poder\u00e1 atingir 200 milh\u00f5es de euros nos pr\u00f3ximos anos, testemunho do ambiente favor\u00e1vel que o pa\u00eds oferece \u00e0 inova\u00e7\u00e3o e ao investimento de base tecnol\u00f3gica.\u00a0Airbus, Microsoft, Amgen, Bose, Nokia, Bosch, K\u00f6rber e Usercentrics foram algumas das empresas internacionais a marcar presen\u00e7a na sess\u00e3o organizada pela AICEP.<\/p>\n<p>Portugal tem vindo a afirmar-se como um destino preferencial para empresas de tecnologia internacionais que procuram talento, inova\u00e7\u00e3o, sustentabilidade e qualidade de vida, com a ambi\u00e7\u00e3o de se posicionar na linha da frente da transi\u00e7\u00e3o digital e energ\u00e9tica na Europa.<\/p>\n","protected":false},"excerpt":{"rendered":"Foi uma sess\u00e3o de networking entre empresas e institui\u00e7\u00f5es portuguesas e investidores internacionais, promovida pela AICEP em plena&hellip;\n","protected":false},"author":2,"featured_media":152592,"comment_status":"","ping_status":"","sticky":false,"template":"","format":"standard","meta":{"footnotes":""},"categories":[83],"tags":[88,89,90,32,33],"class_list":{"0":"post-152591","1":"post","2":"type-post","3":"status-publish","4":"format-standard","5":"has-post-thumbnail","7":"category-empresas","8":"tag-business","9":"tag-economy","10":"tag-empresas","11":"tag-portugal","12":"tag-pt"},"share_on_mastodon":{"url":"https:\/\/pubeurope.com\/@pt\/115553080677710304","error":""},"_links":{"self":[{"href":"https:\/\/www.europesays.com\/pt\/wp-json\/wp\/v2\/posts\/152591","targetHints":{"allow":["GET"]}}],"collection":[{"href":"https:\/\/www.europesays.com\/pt\/wp-json\/wp\/v2\/posts"}],"about":[{"href":"https:\/\/www.europesays.com\/pt\/wp-json\/wp\/v2\/types\/post"}],"author":[{"embeddable":true,"href":"https:\/\/www.europesays.com\/pt\/wp-json\/wp\/v2\/users\/2"}],"replies":[{"embeddable":true,"href":"https:\/\/www.europesays.com\/pt\/wp-json\/wp\/v2\/comments?post=152591"}],"version-history":[{"count":0,"href":"https:\/\/www.europesays.com\/pt\/wp-json\/wp\/v2\/posts\/152591\/revisions"}],"wp:featuredmedia":[{"embeddable":true,"href":"https:\/\/www.europesays.com\/pt\/wp-json\/wp\/v2\/media\/152592"}],"wp:attachment":[{"href":"https:\/\/www.europesays.com\/pt\/wp-json\/wp\/v2\/media?parent=152591"}],"wp:term":[{"taxonomy":"category","embeddable":true,"href":"https:\/\/www.europesays.com\/pt\/wp-json\/wp\/v2\/categories?post=152591"},{"taxonomy":"post_tag","embeddable":true,"href":"https:\/\/www.europesays.com\/pt\/wp-json\/wp\/v2\/tags?post=152591"}],"curies":[{"name":"wp","href":"https:\/\/api.w.org\/{rel}","templated":true}]}}