{"id":152595,"date":"2025-11-15T09:53:08","date_gmt":"2025-11-15T09:53:08","guid":{"rendered":"https:\/\/www.europesays.com\/pt\/152595\/"},"modified":"2025-11-15T09:53:08","modified_gmt":"2025-11-15T09:53:08","slug":"vem-ai-em-terra-forte-legalmente-flor-nao-tem-direito-a-heranca-da-familia-novelas","status":"publish","type":"post","link":"https:\/\/www.europesays.com\/pt\/152595\/","title":{"rendered":"Vem a\u00ed em \u00abTerra Forte\u00bb: Legalmente, Flor n\u00e3o tem direito \u00e0 heran\u00e7a da fam\u00edlia? &#8211; Novelas"},"content":{"rendered":"<p>Em \u00abTerra Forte\u00bb, <a href=\"https:\/\/tvi.iol.pt\/novelas\/videos\/terra-forte-maria-de-fatima-e-manuel-tinham-um-caso\/68f65cdc0cf29d28d82976cb\" rel=\"nofollow noopener\" target=\"_blank\">Maria de F\u00e1tima (Rita Pereira)<\/a> mostra o gabinete que era de <a href=\"https:\/\/tvi.iol.pt\/novelas\/videos\/terra-forte-manuel-tira-toda-a-fortuna-alvaro\/68f61d3d0cf285ab53a6aafc\" rel=\"nofollow noopener\" target=\"_blank\">Manuel (Ant\u00f3nio Capelo)<\/a>\u00a0a <a href=\"https:\/\/tvi.iol.pt\/novelas\/videos\/terra-forte-no-dia-do-seu-aniversario-flor-recebe-uma-visita-inesperada\/68f65c7a0cf29d28d82976c8\" rel=\"nofollow noopener\" target=\"_blank\">Flor (Benedita Pereira)<\/a>, que finge continuar sem mem\u00f3ria de nada daquilo. Maria de F\u00e1tima diz a Flor que j\u00e1 falou com o seu advogado e que ela n\u00e3o ter\u00e1 direito, legalmente, a reclamar nada por j\u00e1 terem passado dez anos.<\/p>\n<p>Todos dizem a Maria de F\u00e1tima que se as coisas n\u00e3o forem resolvidas legalmente, ela pode fazer uma doa\u00e7\u00e3o para Flor ficar com metade da heran\u00e7a. Maria de F\u00e1tima disfar\u00e7a a sua irrita\u00e7\u00e3o.<\/p>\n<p>Maria de F\u00e1tima assente ser uma boa ideia a hist\u00f3ria da doa\u00e7\u00e3o e indica a Flor querer mostrar-lhe o navio do Mar da Flores, cujo nome pareceu um press\u00e1gio para ela aparecer.<\/p>\n<p>Recorde-se que Maria de F\u00e1tima n\u00e3o quer de todo dar a heran\u00e7a a Flor, mas est\u00e1 a fingir:<\/p>\n","protected":false},"excerpt":{"rendered":"Em \u00abTerra Forte\u00bb, Maria de F\u00e1tima (Rita Pereira) mostra o gabinete que era de Manuel (Ant\u00f3nio Capelo)\u00a0a Flor&hellip;\n","protected":false},"author":2,"featured_media":152596,"comment_status":"","ping_status":"","sticky":false,"template":"","format":"standard","meta":{"footnotes":""},"categories":[142],"tags":[160,7951,166,114,115,157,167,978,164,8598,161,158,165,159,32,33,156,5871,18614,163,151,162],"class_list":{"0":"post-152595","1":"post","2":"type-post","3":"status-publish","4":"format-standard","5":"has-post-thumbnail","7":"category-tv","8":"tag-ana-guiomar","9":"tag-benedita-pereira","10":"tag-cristina-ferreira","11":"tag-entertainment","12":"tag-entretenimento","13":"tag-festa-e-festa","14":"tag-ficcao","15":"tag-flor","16":"tag-jose-fidalgo","17":"tag-maria-de-fatima","18":"tag-novelas","19":"tag-para-sempre","20":"tag-pedro-sousa","21":"tag-pedro-teixeira","22":"tag-portugal","23":"tag-pt","24":"tag-queridos-papas","25":"tag-rita-pereira","26":"tag-terra-forte","27":"tag-tiago-teotonio-pereira","28":"tag-tv","29":"tag-tvi"},"share_on_mastodon":{"url":"https:\/\/pubeurope.com\/@pt\/115553108154283866","error":""},"_links":{"self":[{"href":"https:\/\/www.europesays.com\/pt\/wp-json\/wp\/v2\/posts\/152595","targetHints":{"allow":["GET"]}}],"collection":[{"href":"https:\/\/www.europesays.com\/pt\/wp-json\/wp\/v2\/posts"}],"about":[{"href":"https:\/\/www.europesays.com\/pt\/wp-json\/wp\/v2\/types\/post"}],"author":[{"embeddable":true,"href":"https:\/\/www.europesays.com\/pt\/wp-json\/wp\/v2\/users\/2"}],"replies":[{"embeddable":true,"href":"https:\/\/www.europesays.com\/pt\/wp-json\/wp\/v2\/comments?post=152595"}],"version-history":[{"count":0,"href":"https:\/\/www.europesays.com\/pt\/wp-json\/wp\/v2\/posts\/152595\/revisions"}],"wp:featuredmedia":[{"embeddable":true,"href":"https:\/\/www.europesays.com\/pt\/wp-json\/wp\/v2\/media\/152596"}],"wp:attachment":[{"href":"https:\/\/www.europesays.com\/pt\/wp-json\/wp\/v2\/media?parent=152595"}],"wp:term":[{"taxonomy":"category","embeddable":true,"href":"https:\/\/www.europesays.com\/pt\/wp-json\/wp\/v2\/categories?post=152595"},{"taxonomy":"post_tag","embeddable":true,"href":"https:\/\/www.europesays.com\/pt\/wp-json\/wp\/v2\/tags?post=152595"}],"curies":[{"name":"wp","href":"https:\/\/api.w.org\/{rel}","templated":true}]}}